{"id":10084,"date":"2011-06-11T13:42:19","date_gmt":"2011-06-11T10:42:19","guid":{"rendered":"http:\/\/www.kayiprihtim.org\/portal\/?p=10084"},"modified":"2011-06-11T13:42:19","modified_gmt":"2011-06-11T10:42:19","slug":"kabuk-serisi-kara-buyu-ile-basliyor","status":"publish","type":"post","link":"https:\/\/www.kayiprihtim.org\/portal\/2011\/06\/11\/kabuk-serisi-kara-buyu-ile-basliyor\/","title":{"rendered":"Kabuk Serisi &#8220;Kara B\u00fcy\u00fc&#8221; ile Ba\u015fl\u0131yor!"},"content":{"rendered":"<p style=\"text-align: center;\"><img fetchpriority=\"high\" decoding=\"async\" class=\"aligncenter\" src=\"https:\/\/www.kayiprihtim.org\/portal\/gorsel\/kara-buyu-pinar-basalan-top.jpg\" alt=\"\" width=\"467\" height=\"136\"><\/p>\n<p><em>2009 Xasiork Roman \u00d6d\u00fcl\u00fc<\/em>\u2019n\u00fc kazanan <em><strong>P\u0131nar Ba\u015falan<\/strong><\/em>\u2019\u0131n roman\u0131 <span style=\"color: #800000;\"><strong>Kara B\u00fcy\u00fc<\/strong><\/span>,<strong> Kabuk Serisi\u2019<\/strong>nin ilk kitab\u0131 olarak, <em>Diyar Zirek<\/em>\u2019in katk\u0131lar\u0131yla <em>Paraf Yay\u0131nlar\u0131<\/em>\u2019ndan \u00e7\u0131kt\u0131.<\/p>\n<p style=\"text-align: left;\"><em>S\u00f6z\u00fcn\u00fcn eri er ki\u015fi. De ki hi\u00e7 yan\u0131lmaz m\u0131s\u0131n\u0131z? Elbette ki biz insanlar\u0131n i\u00e7lerini g\u00f6r\u00fcr\u00fcz. Biz insanlar\u0131n aynadaki aksi gibiyiz. Bilin ki kabu\u011fumuzun hayr\u0131 bize azd\u0131r. Derlerse ki elimizden geleni yapt\u0131k, yanl\u0131\u015fa d\u00fc\u015fenlerden olurlar. <\/em><\/p>\n<p style=\"text-align: left;\"><em>Ey taraf\u0131m\u0131z! Bildirin. Kar\u015f\u0131m\u0131zda duranlar\u0131n solu\u011funu kesemeyecekse ve biz yeniden ye\u015feren olacaksak i\u00e7inde bulundu\u011fumuz g\u00f6vde topra\u011fa d\u00fc\u015fs\u00fcn! Ona binlerce kez lanet olsun! \u00d6\u011fretin! D\u00fc\u015fman\u0131n can yuvas\u0131na bizden bir iz b\u0131raks\u0131nlar. And olsun ki biz onu toprak alt\u0131nda da toprak \u00fcst\u00fcnde de bulacak olan\u0131z!\u201d<\/em><\/p>\n<p style=\"padding-left: 30px;\">Ruhun karanl\u0131k y\u00fcz\u00fc\u2026<\/p>\n<p style=\"padding-left: 30px;\">Emirler bahsedilenler ve di\u011ferleri\u2026<\/p>\n<p style=\"padding-left: 30px;\">Ge\u00e7mi\u015fte bir kad\u0131n \u00f6l\u00fc \u00fc\u00e7 k\u0131z \u00e7ocu\u011funu pe\u015finden s\u00fcr\u00fcklemekte.<\/p>\n<p style=\"padding-left: 30px;\">Bug\u00fcn ise gen\u00e7 bir doktor buldu\u011fu defterde yaz\u0131l\u0131 olanlar\u0131 endi\u015fe dolu g\u00f6zlerle okumakta\u2026<\/p>\n<p style=\"padding-left: 30px;\">T\u00fcm bunlar ger\u00e7ek mi?<\/p>\n<p style=\"padding-left: 30px;\">\u015eimdilik bilinmeyenler ne kadar basit?<\/p>\n<p style=\"padding-left: 30px;\">Veya bilinenler onlar\u0131n yan\u0131nda ne kadar basit kal\u0131yor?..<\/p>\n<p><em>\u201cGereklimiz. Siz bizi \u00e7\u00f6zd\u00fcn\u00fcz. \u015e\u00fcphesiz ki sava\u015f\u0131 ba\u015flatm\u0131\u015f oldunuz.\u201d<\/em><\/p>\n<p>D\u00fczeltilerini <em>G\u00fcl S\u00fcp\u00e7eler <\/em>ile <em>Bulut Fikret \u00c7\u00f6lo\u011flu<\/em>\u2019nun, edit\u00f6rl\u00fc\u011f\u00fcn\u00fc<em> \u015eebnem At\u0131lgan<\/em>\u2019\u0131n ve kapak tasar\u0131m\u0131n\u0131 <em>Erdin\u00e7 Ba\u015f<\/em>\u2019\u0131n yapt\u0131\u011f\u0131 roman\u0131n tan\u0131t\u0131m ve k\u00fcnye bilgileri i\u00e7in <a href=\"https:\/\/www.kayiprihtim.org\/portal\/kitaplar\/kabuk-serisi\/\"><strong>buraya<\/strong><\/a> t\u0131klayabilirsiniz.<\/p>\n","protected":false},"excerpt":{"rendered":"<p>2009 Xasiork Roman \u00d6d\u00fcl\u00fc\u2019n\u00fc kazanan P\u0131nar Ba\u015falan\u2019\u0131n roman\u0131 Kara B\u00fcy\u00fc, Kabuk Serisi\u2019nin ilk kitab\u0131 olarak, Diyar Zirek\u2019in katk\u0131lar\u0131yla Paraf Yay\u0131nlar\u0131\u2019ndan \u00e7\u0131kt\u0131. S\u00f6z\u00fcn\u00fcn eri er ki\u015fi. De ki hi\u00e7 yan\u0131lmaz m\u0131s\u0131n\u0131z? Elbette ki biz insanlar\u0131n i\u00e7lerini g\u00f6r\u00fcr\u00fcz. Biz insanlar\u0131n aynadaki aksi gibiyiz. Bilin ki kabu\u011fumuzun hayr\u0131 bize azd\u0131r. Derlerse ki elimizden geleni yapt\u0131k, yanl\u0131\u015fa d\u00fc\u015fenlerden olurlar. [&hellip;]<\/p>\n","protected":false},"author":1,"featured_media":0,"comment_status":"open","ping_status":"closed","sticky":false,"template":"","format":"standard","meta":{"_acf_changed":false,"footnotes":""},"categories":[325],"tags":[799,798,800,801],"class_list":{"0":"post-10084","1":"post","2":"type-post","3":"status-publish","4":"format-standard","6":"category-korkugerilim","7":"tag-kabuk-serisi","8":"tag-paraf-yayinlari","9":"tag-pinar-basalan","10":"tag-xasiork"},"acf":[],"_links":{"self":[{"href":"https:\/\/www.kayiprihtim.org\/portal\/wp-json\/wp\/v2\/posts\/10084","targetHints":{"allow":["GET"]}}],"collection":[{"href":"https:\/\/www.kayiprihtim.org\/portal\/wp-json\/wp\/v2\/posts"}],"about":[{"href":"https:\/\/www.kayiprihtim.org\/portal\/wp-json\/wp\/v2\/types\/post"}],"author":[{"embeddable":true,"href":"https:\/\/www.kayiprihtim.org\/portal\/wp-json\/wp\/v2\/users\/1"}],"replies":[{"embeddable":true,"href":"https:\/\/www.kayiprihtim.org\/portal\/wp-json\/wp\/v2\/comments?post=10084"}],"version-history":[{"count":0,"href":"https:\/\/www.kayiprihtim.org\/portal\/wp-json\/wp\/v2\/posts\/10084\/revisions"}],"wp:attachment":[{"href":"https:\/\/www.kayiprihtim.org\/portal\/wp-json\/wp\/v2\/media?parent=10084"}],"wp:term":[{"taxonomy":"category","embeddable":true,"href":"https:\/\/www.kayiprihtim.org\/portal\/wp-json\/wp\/v2\/categories?post=10084"},{"taxonomy":"post_tag","embeddable":true,"href":"https:\/\/www.kayiprihtim.org\/portal\/wp-json\/wp\/v2\/tags?post=10084"}],"curies":[{"name":"wp","href":"https:\/\/api.w.org\/{rel}","templated":true}]}}