{"id":12817,"date":"2011-10-08T20:03:50","date_gmt":"2011-10-08T17:03:50","guid":{"rendered":"http:\/\/www.kayiprihtim.org\/portal\/?p=12817"},"modified":"2011-10-08T20:48:30","modified_gmt":"2011-10-08T17:48:30","slug":"seckide-yirmi-sekizinci-ay","status":"publish","type":"post","link":"https:\/\/www.kayiprihtim.org\/portal\/2011\/10\/08\/seckide-yirmi-sekizinci-ay\/","title":{"rendered":"Se\u00e7kide Yirmi Sekizinci Ay"},"content":{"rendered":"<div align=\"center\"><img fetchpriority=\"high\" decoding=\"async\" style=\"border-style: initial; border-color: initial; border-width: 0px;\" src=\"https:\/\/www.kayiprihtim.org\/portal\/gorsel\/kapi-top.jpg\" alt=\"\" width=\"467\" height=\"160\" border=\"0\"><\/div>\n<p>Selamlar,<\/p>\n<p>Yine yeni bir say\u0131, yepyeni kurgular ve farkl\u0131 isimlerle kar\u015f\u0131n\u0131zday\u0131z! 28 ayd\u0131r s\u00fcregelen \u00f6yk\u00fc se\u00e7kisi yolculu\u011fumuz h\u0131z\u0131n\u0131 kaybetmeden devam ediyor. Gerek aram\u0131za yeni kat\u0131lan isimler, gerek tan\u0131d\u0131k kalemler se\u00e7kimizin her ge\u00e7en g\u00fcn b\u00fcy\u00fcmesinde yard\u0131mc\u0131 oluyor.<\/p>\n<p>\u0130\u015fte <strong>Kap\u0131 <\/strong>temal\u0131 bu ayki \u00f6yk\u00fclerimiz de sizleri diyardan diyara, farkl\u0131 kurgulara s\u00fcr\u00fckleyecek. \u00c7o\u011fu \u00f6yk\u00fcn\u00fcn uzunlu\u011fu ile bir ay boyunca keyifle okuyaca\u011f\u0131n\u0131z hikayelerin isimlerine ve yazarlar\u0131na gelin hep beraber g\u00f6z atal\u0131m.<\/p>\n<p style=\"padding-left: 30px;\">&#8211; <a href=\"http:\/\/oyku.kayiprihtim.org\/on-uc-dakika-alpi\/\" target=\"_blank\" rel=\"nofollow noopener\"><strong>On \u00dc\u00e7 Dakika<\/strong><\/a> adl\u0131 \u00f6yk\u00fcs\u00fc ile <em><strong>Alper Kaya<\/strong><\/em><\/p>\n<p style=\"padding-left: 30px;\">&#8211; <a href=\"http:\/\/oyku.kayiprihtim.org\/sihir-gibi-gecti-batuhan-uslu\/\" target=\"_blank\" rel=\"nofollow noopener\"><strong>Sihir Gibi Ge\u00e7ti<\/strong><\/a> adl\u0131 \u00f6yk\u00fcs\u00fc ile <em><strong>Batuhan Uslu<\/strong><\/em><\/p>\n<p style=\"padding-left: 30px;\">&#8211; <a href=\"http:\/\/oyku.kayiprihtim.org\/anahtar-malkavian\/\" target=\"_blank\" rel=\"nofollow noopener\"><strong>Anahtar<\/strong><\/a> adl\u0131 \u00f6yk\u00fcs\u00fc ile <em><strong>Bu\u011fra \u015eeny\u00fcz<\/strong><\/em><\/p>\n<p style=\"padding-left: 30px;\">&#8211; <a href=\"http:\/\/oyku.kayiprihtim.org\/olumsuz-kanatlar-daphne\/\" target=\"_blank\" rel=\"nofollow noopener\"><strong>\u00d6l\u00fcms\u00fcz Kanatlar<\/strong><\/a> adl\u0131 \u00f6yk\u00fcs\u00fc ile <em><strong>Defne Tuncer<\/strong><\/em><\/p>\n<p style=\"padding-left: 30px;\">&#8211; <a href=\"http:\/\/oyku.kayiprihtim.org\/ejder-yuvasi-ensar-karakaya\/\" target=\"_blank\" rel=\"nofollow noopener\"><strong>Ejder Yuvas\u0131<\/strong><\/a> adl\u0131 \u00f6yk\u00fcs\u00fc ile <em><strong>Ensar Karakaya<\/strong><\/em><\/p>\n<p style=\"padding-left: 30px;\">&#8211; <a href=\"http:\/\/oyku.kayiprihtim.org\/kalpsizlatanin-sarkisi-mit\/\" target=\"_blank\" rel=\"nofollow noopener\"><strong>Kalps\u0131zlatan\u2019\u0131n \u015eark\u0131s\u0131<\/strong><\/a> adl\u0131 \u00f6yk\u00fcs\u00fc ile <em><strong>M. \u0130hsan Tatari<\/strong><\/em><\/p>\n<p style=\"padding-left: 30px;\">&#8211; <a href=\"http:\/\/oyku.kayiprihtim.org\/harekat-i-garaib-ul-sema-wyern\/\" target=\"_blank\" rel=\"nofollow noopener\"><strong>Harek\u00e2t-\u0131 Garaib-\u00fcl Sem\u00e2<\/strong><\/a> adl\u0131 \u00f6yk\u00fcs\u00fc ile <em><strong>Mehmet Berk Yalt\u0131r\u0131k<\/strong><\/em><\/p>\n<p style=\"padding-left: 30px;\">&#8211; <a href=\"http:\/\/oyku.kayiprihtim.org\/kadavra-melahat-yilmaz\/\" target=\"_blank\" rel=\"nofollow noopener\"><strong>Kadavra<\/strong><\/a> adl\u0131 \u00f6yk\u00fcs\u00fc ile <em><strong>Melahat Y\u0131lmaz<\/strong><\/em><\/p>\n<p style=\"padding-left: 30px;\">&#8211; <a href=\"http:\/\/oyku.kayiprihtim.org\/dedektif-bey-kapim-yanlis-yere-aciliyor-dekadans\/\" target=\"_blank\" rel=\"nofollow noopener\"><strong>Dedektif Bey! Kap\u0131m Yanl\u0131\u015f Yere A\u00e7\u0131l\u0131yor<\/strong><\/a> adl\u0131 \u00f6yk\u00fcs\u00fc ile <em><strong>Mert Bitmez<\/strong><\/em><\/p>\n<p style=\"padding-left: 30px;\">&#8211; <a href=\"http:\/\/oyku.kayiprihtim.org\/kapi-s-esra-akdogan\/\" target=\"_blank\" rel=\"nofollow noopener\"><strong>Kap\u0131<\/strong><\/a> adl\u0131 \u00f6yk\u00fcs\u00fc ile <em><strong>S. Esra Akdo\u011fan<\/strong><\/em><\/p>\n<p style=\"padding-left: 30px;\">&#8211; <a href=\"http:\/\/oyku.kayiprihtim.org\/olumsuzlugun-kapisi-s-samet-demir\/\" target=\"_blank\" rel=\"nofollow noopener\"><strong>\u00d6l\u00fcms\u00fczl\u00fc\u011f\u00fcn Kap\u0131s\u0131<\/strong><\/a> adl\u0131 \u00f6yk\u00fcs\u00fc ile <em><strong>S. Samet Demir<\/strong><\/em><\/p>\n<p style=\"padding-left: 30px;\">&#8211; <a href=\"http:\/\/oyku.kayiprihtim.org\/16-durgonath\/\" target=\"_blank\" rel=\"nofollow noopener\"><strong>16<\/strong><\/a> adl\u0131 \u00f6yk\u00fcs\u00fc ile <em><strong>Tunahan Akar<\/strong><\/em><\/p>\n<p>Umuyoruz bu \u00f6yk\u00fclerle beraber t\u00fcm okuyucular keyifli bir yolculu\u011fa \u00e7\u0131kacak, sevdikleri t\u00fcrde yaz\u0131lm\u0131\u015f hikayelerin zihinlerinde yer edinmesinin keyfini \u00e7\u0131karacaklard\u0131r. Gelecek ay\u0131n temas\u0131 ise &#8220;<span style=\"font-size: large;\"><strong>Delilik<\/strong><\/span>&#8221; oldu. Her zamanki gibi \u00f6yk\u00fclerinizi <a href=\"mailto:kayiprihtim@gmail.com\">kayiprihtim@gmail.com<\/a> mail adresine yollayabilir ve maceraya ad\u0131m atabilirsiniz.<\/p>\n<p>Herkese keyifli okumalar,<\/p>\n<p>Sevgiler,<br \/>\nHakan &#8220;magicalbronze&#8221; Tun\u00e7<\/p>\n","protected":false},"excerpt":{"rendered":"<p>Selamlar, Yine yeni bir say\u0131, yepyeni kurgular ve farkl\u0131 isimlerle kar\u015f\u0131n\u0131zday\u0131z! 28 ayd\u0131r s\u00fcregelen \u00f6yk\u00fc se\u00e7kisi yolculu\u011fumuz h\u0131z\u0131n\u0131 kaybetmeden devam ediyor. Gerek aram\u0131za yeni kat\u0131lan isimler, gerek tan\u0131d\u0131k kalemler se\u00e7kimizin her ge\u00e7en g\u00fcn b\u00fcy\u00fcmesinde yard\u0131mc\u0131 oluyor. \u0130\u015fte Kap\u0131 temal\u0131 bu ayki \u00f6yk\u00fclerimiz de sizleri diyardan diyara, farkl\u0131 kurgulara s\u00fcr\u00fckleyecek. \u00c7o\u011fu \u00f6yk\u00fcn\u00fcn uzunlu\u011fu ile bir ay [&hellip;]<\/p>\n","protected":false},"author":1,"featured_media":0,"comment_status":"open","ping_status":"closed","sticky":false,"template":"","format":"standard","meta":{"_acf_changed":false,"footnotes":""},"categories":[98,6],"tags":[],"class_list":{"0":"post-12817","1":"post","2":"type-post","3":"status-publish","4":"format-standard","6":"category-aylik-oyku-seckisi","7":"category-kayip-rihtim"},"acf":[],"_links":{"self":[{"href":"https:\/\/www.kayiprihtim.org\/portal\/wp-json\/wp\/v2\/posts\/12817","targetHints":{"allow":["GET"]}}],"collection":[{"href":"https:\/\/www.kayiprihtim.org\/portal\/wp-json\/wp\/v2\/posts"}],"about":[{"href":"https:\/\/www.kayiprihtim.org\/portal\/wp-json\/wp\/v2\/types\/post"}],"author":[{"embeddable":true,"href":"https:\/\/www.kayiprihtim.org\/portal\/wp-json\/wp\/v2\/users\/1"}],"replies":[{"embeddable":true,"href":"https:\/\/www.kayiprihtim.org\/portal\/wp-json\/wp\/v2\/comments?post=12817"}],"version-history":[{"count":0,"href":"https:\/\/www.kayiprihtim.org\/portal\/wp-json\/wp\/v2\/posts\/12817\/revisions"}],"wp:attachment":[{"href":"https:\/\/www.kayiprihtim.org\/portal\/wp-json\/wp\/v2\/media?parent=12817"}],"wp:term":[{"taxonomy":"category","embeddable":true,"href":"https:\/\/www.kayiprihtim.org\/portal\/wp-json\/wp\/v2\/categories?post=12817"},{"taxonomy":"post_tag","embeddable":true,"href":"https:\/\/www.kayiprihtim.org\/portal\/wp-json\/wp\/v2\/tags?post=12817"}],"curies":[{"name":"wp","href":"https:\/\/api.w.org\/{rel}","templated":true}]}}