{"id":13960,"date":"2011-12-24T10:30:31","date_gmt":"2011-12-24T08:30:31","guid":{"rendered":"http:\/\/www.kayiprihtim.org\/portal\/?p=13960"},"modified":"2011-12-24T10:33:25","modified_gmt":"2011-12-24T08:33:25","slug":"the-hobbitten-5-video","status":"publish","type":"post","link":"https:\/\/www.kayiprihtim.org\/portal\/2011\/12\/24\/the-hobbitten-5-video\/","title":{"rendered":"The Hobbit&#8217;ten 5. Video!"},"content":{"rendered":"<p style=\"text-align: center;\"><img decoding=\"async\" class=\"aligncenter\" src=\"https:\/\/www.kayiprihtim.org\/portal\/gorsel\/hobbit-videoblog-5.jpg\" alt=\"\"><\/p>\n<p style=\"text-align: left;\"><a href=\"https:\/\/www.kayiprihtim.org\/portal\/category\/yuzuklerin-efendisi\/hobbit-yuzuklerin-efendisi\/\"><img decoding=\"async\" class=\"alignright\" style=\"border: 0pt none;\" title=\"Hobbit\u2019le ilgili t\u00fcm haberler i\u00e7in t\u0131klay\u0131n!\" src=\"https:\/\/www.kayiprihtim.org\/portal\/gorsel\/hobbitozel.jpg\" alt=\"\" width=\"125\" height=\"125\"><\/a>Ge\u00e7ti\u011fimiz g\u00fcnlerde hen\u00fcz <a href=\"https:\/\/www.kayiprihtim.org\/portal\/2011\/12\/21\/the-hobbitten-ilk-fragman\/\">yay\u0131nlanan<\/a> <span style=\"color: #800000;\"><strong>The Hobbit<\/strong><\/span> fragman\u0131n\u0131n etkisini h\u00e2l\u00e2 \u00fczerimizden atamam\u0131\u015fken, <strong>Peter Jackson<\/strong> facebook sayfas\u0131nda d\u00fczenli olarak yay\u0131nlad\u0131\u011f\u0131 yap\u0131m videolar\u0131n\u0131n be\u015fincisini takip\u00e7ilerine sundu!<\/p>\n<p>Bu yeni yap\u0131m a\u015famas\u0131 videosunda, art\u0131k i\u00e7 setlerden \u00e7\u0131k\u0131p <strong>Jackson<\/strong>\u2019un de\u011fimiyle g\u00fcn\u0131\u015f\u0131\u011f\u0131na ad\u0131m at\u0131yorlar. Hobbit k\u00f6y\u00fcn\u00fc ziyaret ediyoruz, bunun i\u00e7in ne kadar malzeme kullan\u0131ld\u0131\u011f\u0131n\u0131, neler yap\u0131ld\u0131\u011f\u0131n\u0131 ve harcand\u0131\u011f\u0131n\u0131 kamera arkas\u0131 \u00e7al\u0131\u015fanlardan dinliyoruz. Ve Hobbit k\u00f6y\u00fcne geldi\u011fimizde ise <em><strong>Frodo<\/strong><\/em> kar\u015f\u0131l\u0131yor bizi!<\/p>\n<p>2011\u2019in son yap\u0131m a\u015famas\u0131 g\u00f6r\u00fcnt\u00fclerini ta\u015f\u0131yan bu videoyu izlemek i\u00e7in yapman\u0131z gereken tek \u015fey a\u015fa\u011f\u0131daki resme t\u0131klamak ve 12 dakikal\u0131k bu ser\u00fcvene bizzat tan\u0131k olmak! \u0130yi seyirler&#8230;<\/p>\n<p style=\"text-align: center;\"><a href=\"http:\/\/www.facebook.com\/photo.php?v=10150554790416807&amp;set=vb.141884481557&amp;type=2&amp;theater\" target=\"_blank\" rel=\"nofollow noopener\"><img fetchpriority=\"high\" decoding=\"async\" class=\"aligncenter\" style=\"border: 0pt none;\" src=\"https:\/\/www.kayiprihtim.org\/portal\/gorsel\/hobbit-videoblog-5-v.jpg\" alt=\"\" width=\"467\" height=\"250\"><\/a><\/p>\n","protected":false},"excerpt":{"rendered":"<p>Ge\u00e7ti\u011fimiz g\u00fcnlerde hen\u00fcz yay\u0131nlanan The Hobbit fragman\u0131n\u0131n etkisini h\u00e2l\u00e2 \u00fczerimizden atamam\u0131\u015fken, Peter Jackson facebook sayfas\u0131nda d\u00fczenli olarak yay\u0131nlad\u0131\u011f\u0131 yap\u0131m videolar\u0131n\u0131n be\u015fincisini takip\u00e7ilerine sundu! Bu yeni yap\u0131m a\u015famas\u0131 videosunda, art\u0131k i\u00e7 setlerden \u00e7\u0131k\u0131p Jackson\u2019un de\u011fimiyle g\u00fcn\u0131\u015f\u0131\u011f\u0131na ad\u0131m at\u0131yorlar. Hobbit k\u00f6y\u00fcn\u00fc ziyaret ediyoruz, bunun i\u00e7in ne kadar malzeme kullan\u0131ld\u0131\u011f\u0131n\u0131, neler yap\u0131ld\u0131\u011f\u0131n\u0131 ve harcand\u0131\u011f\u0131n\u0131 kamera arkas\u0131 \u00e7al\u0131\u015fanlardan dinliyoruz. [&hellip;]<\/p>\n","protected":false},"author":1,"featured_media":0,"comment_status":"open","ping_status":"closed","sticky":false,"template":"","format":"standard","meta":{"_acf_changed":false,"footnotes":""},"categories":[35,11],"tags":[785,551,1132,828,553,775,486,314,1133,772],"class_list":{"0":"post-13960","1":"post","2":"type-post","3":"status-publish","4":"format-standard","6":"category-hobbit-yuzuklerin-efendisi","7":"category-yuzuklerin-efendisi","8":"tag-an-unexpected-journey","9":"tag-andy-serkis","10":"tag-beklenmedik-bir-yolculuk","11":"tag-bilbo-baggins","12":"tag-elijah-wood","13":"tag-galadriel","14":"tag-gandalf","15":"tag-peter-jackson","16":"tag-smeagol","17":"tag-the-hobbit"},"acf":[],"_links":{"self":[{"href":"https:\/\/www.kayiprihtim.org\/portal\/wp-json\/wp\/v2\/posts\/13960","targetHints":{"allow":["GET"]}}],"collection":[{"href":"https:\/\/www.kayiprihtim.org\/portal\/wp-json\/wp\/v2\/posts"}],"about":[{"href":"https:\/\/www.kayiprihtim.org\/portal\/wp-json\/wp\/v2\/types\/post"}],"author":[{"embeddable":true,"href":"https:\/\/www.kayiprihtim.org\/portal\/wp-json\/wp\/v2\/users\/1"}],"replies":[{"embeddable":true,"href":"https:\/\/www.kayiprihtim.org\/portal\/wp-json\/wp\/v2\/comments?post=13960"}],"version-history":[{"count":0,"href":"https:\/\/www.kayiprihtim.org\/portal\/wp-json\/wp\/v2\/posts\/13960\/revisions"}],"wp:attachment":[{"href":"https:\/\/www.kayiprihtim.org\/portal\/wp-json\/wp\/v2\/media?parent=13960"}],"wp:term":[{"taxonomy":"category","embeddable":true,"href":"https:\/\/www.kayiprihtim.org\/portal\/wp-json\/wp\/v2\/categories?post=13960"},{"taxonomy":"post_tag","embeddable":true,"href":"https:\/\/www.kayiprihtim.org\/portal\/wp-json\/wp\/v2\/tags?post=13960"}],"curies":[{"name":"wp","href":"https:\/\/api.w.org\/{rel}","templated":true}]}}