{"id":214,"date":"2008-07-03T06:51:17","date_gmt":"2008-07-03T13:51:17","guid":{"rendered":"http:\/\/www.kayiprihtim.org\/portal\/2008\/07\/03\/amber-ve-demir-raflarda\/"},"modified":"2010-08-24T13:34:28","modified_gmt":"2010-08-24T10:34:28","slug":"amber-ve-demir-raflarda","status":"publish","type":"post","link":"https:\/\/www.kayiprihtim.org\/portal\/2008\/07\/03\/amber-ve-demir-raflarda\/","title":{"rendered":"Amber ve Demir Raflarda&#8230;"},"content":{"rendered":"<p><img decoding=\"async\" class=\"alignleft\" src=\"http:\/\/img158.imageshack.us\/img158\/6885\/ambervedemiree4.jpg\" border=\"0\" alt=\"\" width=\"121\" height=\"199\">Nihayet merakla bekledi\u011fimiz Karanl\u0131k Havari Serisinin ikinci kitab\u0131 olan <strong>Amber ve Demir<\/strong> raflarda yerini ald\u0131. Ayr\u0131ca internet \u00fczerinden online olarak kitap sipari\u015finde bulunabilirsiniz. \u0130\u015fte FrpKitap ve Ideefixe \u00fczerinden sipari\u015f yapabilece\u011finiz linkler&#8230;<\/p>\n<p><a href=\"http:\/\/frpkitap.com\/index.php?Uid=3292&amp;Kid=123\" rel=\"nofollow noopener\" target=\"_blank\">FrpKitap \/\/ Amber ve Demir<\/a><\/p>\n<p><a href=\"http:\/\/www.ideefixe.com\/kitap\/tanim.asp?sid=B7WJJY7TYD1DRS15PPE4\" rel=\"nofollow noopener\" target=\"_blank\">Ideefixe \/\/ Amber ve Demir<\/a><\/p>\n","protected":false},"excerpt":{"rendered":"<p>Nihayet merakla bekledi\u011fimiz Karanl\u0131k Havari Serisinin ikinci kitab\u0131 olan Amber ve Demir raflarda yerini ald\u0131. Ayr\u0131ca internet \u00fczerinden online olarak kitap sipari\u015finde bulunabilirsiniz. \u0130\u015fte FrpKitap ve Ideefixe \u00fczerinden sipari\u015f yapabilece\u011finiz linkler&#8230; FrpKitap \/\/ Amber ve Demir Ideefixe \/\/ Amber ve Demir<\/p>\n","protected":false},"author":1,"featured_media":0,"comment_status":"open","ping_status":"open","sticky":false,"template":"","format":"standard","meta":{"_acf_changed":false,"footnotes":""},"categories":[4],"tags":[13,9192],"class_list":{"0":"post-214","1":"post","2":"type-post","3":"status-publish","4":"format-standard","6":"category-ejderha-mizragi","7":"tag-dragonlance","8":"tag-ejderha-mizragi"},"acf":[],"_links":{"self":[{"href":"https:\/\/www.kayiprihtim.org\/portal\/wp-json\/wp\/v2\/posts\/214","targetHints":{"allow":["GET"]}}],"collection":[{"href":"https:\/\/www.kayiprihtim.org\/portal\/wp-json\/wp\/v2\/posts"}],"about":[{"href":"https:\/\/www.kayiprihtim.org\/portal\/wp-json\/wp\/v2\/types\/post"}],"author":[{"embeddable":true,"href":"https:\/\/www.kayiprihtim.org\/portal\/wp-json\/wp\/v2\/users\/1"}],"replies":[{"embeddable":true,"href":"https:\/\/www.kayiprihtim.org\/portal\/wp-json\/wp\/v2\/comments?post=214"}],"version-history":[{"count":0,"href":"https:\/\/www.kayiprihtim.org\/portal\/wp-json\/wp\/v2\/posts\/214\/revisions"}],"wp:attachment":[{"href":"https:\/\/www.kayiprihtim.org\/portal\/wp-json\/wp\/v2\/media?parent=214"}],"wp:term":[{"taxonomy":"category","embeddable":true,"href":"https:\/\/www.kayiprihtim.org\/portal\/wp-json\/wp\/v2\/categories?post=214"},{"taxonomy":"post_tag","embeddable":true,"href":"https:\/\/www.kayiprihtim.org\/portal\/wp-json\/wp\/v2\/tags?post=214"}],"curies":[{"name":"wp","href":"https:\/\/api.w.org\/{rel}","templated":true}]}}