{"id":2235,"date":"2009-07-23T16:33:02","date_gmt":"2009-07-23T13:33:02","guid":{"rendered":"http:\/\/www.kayiprihtim.org\/portal\/?p=2235"},"modified":"2009-07-23T16:33:46","modified_gmt":"2009-07-23T13:33:46","slug":"prince-of-persia-2010da-vizyonda","status":"publish","type":"post","link":"https:\/\/www.kayiprihtim.org\/portal\/2009\/07\/23\/prince-of-persia-2010da-vizyonda\/","title":{"rendered":"Prince of Persia&#8217; 2010&#8217;da Vizyonda!!"},"content":{"rendered":"<p><img decoding=\"async\" src=\"https:\/\/www.kayiprihtim.org\/portal\/gorsel\/prince_of_percia\/prince_top.jpg\" alt=\"\"><\/p>\n<p>Hayranlar\u0131n\u0131n merakla bekledi\u011fi, \u00e7\u0131kacak m\u0131 &#8211; \u00e7\u0131kmayaca m\u0131 diye tart\u0131\u015ft\u0131\u011f\u0131 Prince of Percia filmi, \u00f6n\u00fcm\u00fczdeki y\u0131l izleyicileriyle bulu\u015fuyor.<\/p>\n<p>Mike Newell&#8217;\u0131n y\u00f6netti\u011fi &#8216;Prince of Persia: The Sands of Time&#8217; filminde ba\u015frolleri Jake Gyllenhaal, Ben Kingsley, Gemma Arterton, Alfred Molina ve Toby Kebbell payla\u015f\u0131yor.<\/p>\n<p>Filmin konusu k\u0131saca; Prens Dastan&#8217;\u0131n krall\u0131\u011f\u0131n\u0131 \u015feytan\u0131 g\u00fc\u00e7lerden korumaya \u00e7al\u0131\u015fmas\u0131n\u0131 anlat\u0131yor. Prensin, sava\u015f\u0131nda en b\u00fcy\u00fck yard\u0131mc\u0131s\u0131 ise Prenses Tamina.<\/p>\n<p>Bunun haricinde filme ait afi\u015fte yay\u0131nland\u0131. Afi\u015flere ula\u015fmak i\u00e7in a\u015fa\u011f\u0131daki linklere t\u0131klaman\u0131z yeterli.<\/p>\n<p><a href=\"https:\/\/www.kayiprihtim.org\/portal\/gorsel\/prince_of_percia\/prince-of-persia-20090723-prince-po.jpg\" target=\"_blank\">Afi\u015f 1<\/a><\/p>\n<p><a href=\"https:\/\/www.kayiprihtim.org\/portal\/gorsel\/prince_of_percia\/prince-of-persia-20090723-arterton-.jpg\" target=\"_blank\">Afi\u015f 2<\/a><\/p>\n","protected":false},"excerpt":{"rendered":"<p>Hayranlar\u0131n\u0131n merakla bekledi\u011fi, \u00e7\u0131kacak m\u0131 &#8211; \u00e7\u0131kmayaca m\u0131 diye tart\u0131\u015ft\u0131\u011f\u0131 Prince of Percia filmi, \u00f6n\u00fcm\u00fczdeki y\u0131l izleyicileriyle bulu\u015fuyor. Mike Newell&#8217;\u0131n y\u00f6netti\u011fi &#8216;Prince of Persia: The Sands of Time&#8217; filminde ba\u015frolleri Jake Gyllenhaal, Ben Kingsley, Gemma Arterton, Alfred Molina ve Toby Kebbell payla\u015f\u0131yor. Filmin konusu k\u0131saca; Prens Dastan&#8217;\u0131n krall\u0131\u011f\u0131n\u0131 \u015feytan\u0131 g\u00fc\u00e7lerden korumaya \u00e7al\u0131\u015fmas\u0131n\u0131 anlat\u0131yor. Prensin, sava\u015f\u0131nda [&hellip;]<\/p>\n","protected":false},"author":1,"featured_media":0,"comment_status":"open","ping_status":"closed","sticky":false,"template":"","format":"standard","meta":{"_acf_changed":false,"footnotes":""},"categories":[36],"tags":[203,204],"class_list":{"0":"post-2235","1":"post","2":"type-post","3":"status-publish","4":"format-standard","6":"category-fantastik-perde","7":"tag-prince-of-percia","8":"tag-the-sands-of-time"},"acf":[],"_links":{"self":[{"href":"https:\/\/www.kayiprihtim.org\/portal\/wp-json\/wp\/v2\/posts\/2235","targetHints":{"allow":["GET"]}}],"collection":[{"href":"https:\/\/www.kayiprihtim.org\/portal\/wp-json\/wp\/v2\/posts"}],"about":[{"href":"https:\/\/www.kayiprihtim.org\/portal\/wp-json\/wp\/v2\/types\/post"}],"author":[{"embeddable":true,"href":"https:\/\/www.kayiprihtim.org\/portal\/wp-json\/wp\/v2\/users\/1"}],"replies":[{"embeddable":true,"href":"https:\/\/www.kayiprihtim.org\/portal\/wp-json\/wp\/v2\/comments?post=2235"}],"version-history":[{"count":0,"href":"https:\/\/www.kayiprihtim.org\/portal\/wp-json\/wp\/v2\/posts\/2235\/revisions"}],"wp:attachment":[{"href":"https:\/\/www.kayiprihtim.org\/portal\/wp-json\/wp\/v2\/media?parent=2235"}],"wp:term":[{"taxonomy":"category","embeddable":true,"href":"https:\/\/www.kayiprihtim.org\/portal\/wp-json\/wp\/v2\/categories?post=2235"},{"taxonomy":"post_tag","embeddable":true,"href":"https:\/\/www.kayiprihtim.org\/portal\/wp-json\/wp\/v2\/tags?post=2235"}],"curies":[{"name":"wp","href":"https:\/\/api.w.org\/{rel}","templated":true}]}}