{"id":23604,"date":"2012-10-29T09:57:28","date_gmt":"2012-10-29T07:57:28","guid":{"rendered":"http:\/\/www.kayiprihtim.org\/portal\/?p=23604"},"modified":"2012-10-29T09:57:29","modified_gmt":"2012-10-29T07:57:29","slug":"camdan-mezbahalar-raflarda","status":"publish","type":"post","link":"https:\/\/www.kayiprihtim.org\/portal\/2012\/10\/29\/camdan-mezbahalar-raflarda\/","title":{"rendered":"&#8220;Camdan Mezbahalar&#8221; Raflarda"},"content":{"rendered":"<p style=\"text-align: center;\"><img fetchpriority=\"high\" decoding=\"async\" class=\"alignnone size-full wp-image-23605\" title=\"\" src=\"https:\/\/www.kayiprihtim.org\/portal\/gorsel\/camdan-mezbahalar-top.jpg\" alt=\"\" width=\"467\" height=\"170\" srcset=\"https:\/\/www.kayiprihtim.org\/portal\/gorsel\/camdan-mezbahalar-top.jpg 467w, https:\/\/www.kayiprihtim.org\/portal\/gorsel\/camdan-mezbahalar-top-300x109.jpg 300w\" sizes=\"(max-width: 467px) 100vw, 467px\" \/><\/p>\n<p>T\u00fcrk edebiyat\u0131n\u0131n \u00f6nemli isimlerinden <a href=\"https:\/\/www.kayiprihtim.org\/portal\/yazar\/izzet-yasar\/\"><em><strong>\u0130zzet Yasar<\/strong><\/em><\/a>\u2019\u0131n toplu \u00f6yk\u00fclerini i\u00e7eren &#8220;<a title=\"Camdan Mezbahalar\" href=\"https:\/\/www.kayiprihtim.org\/portal\/kitap\/camdan-mezbahalar\/\"><span style=\"color: #800000;\"><strong>Camdan Mezbahalar<\/strong><\/span><\/a>&#8221; kitab\u0131, <a href=\"https:\/\/www.kayiprihtim.org\/portal\/yayinevi\/yitik-ulke-yayinlari\/\"><em>Yitik \u00dclke Yay\u0131nlar\u0131<\/em><\/a>\u2019ndan raflardaki yerini ald\u0131!<\/p>\n<p><em><strong>\u0130zzet Yasar<\/strong><\/em>\u2019\u0131n 3 \u00f6yk\u00fc kitab\u0131n\u0131n bir arada bas\u0131ld\u0131\u011f\u0131 bu \u00f6zel kitap sizi b\u00fcy\u00fcl\u00fc bir edebiyat yolculu\u011funa \u00e7\u0131karacak\u2026 <em>Camdan Mezbahalar<\/em>, <em>\u00d6zel Sekt\u00f6r \u0130mam\u0131<\/em> ve <em>D\u00f6n\u00fc\u015f\u00fc Olmayan Hikayeler<\/em> adl\u0131 kitaplar\u0131n\u0131 bu toplamda bir araya getiren <em><strong>Yasar<\/strong><\/em>, \u00f6yk\u00fc okuruna adeta \u00f6zledi\u011fi bir arma\u011fan sunuyor. <a title=\"Camdan Mezbahalar\" href=\"https:\/\/www.kayiprihtim.org\/portal\/kitap\/camdan-mezbahalar\/\"><span style=\"color: #800000;\"><strong>Camdan Mezbahalar<\/strong><\/span><\/a>, benzeri olmayan bir kitap.<\/p>\n<blockquote><p>\u201c\u0130zzet Yasar, sadece T\u00fcrkiye \u00f6l\u00e7\u00fcs\u00fcnde de\u011fil, d\u00fcnya \u00f6l\u00e7\u00fcs\u00fcnde birinci s\u0131n\u0131f hik\u00e2yeler yaz\u0131yor.\u201d<br \/>\n&#8211; <em><strong>Demir \u00d6zl\u00fc<\/strong><\/em><\/p><\/blockquote>\n<p>Tan\u0131t\u0131m ve k\u00fcnye bilgilerine <a title=\"Camdan Mezbahalar\" href=\"https:\/\/www.kayiprihtim.org\/portal\/kitap\/camdan-mezbahalar\/\"><strong>buradan<\/strong><\/a> ula\u015fabilece\u011finiz eserin yay\u0131na haz\u0131rl\u0131\u011f\u0131n\u0131 ise <em>Kadir Aydemir<\/em> \u00fcstlendi. Hepinize iyi okumalar dileriz.<\/p>\n","protected":false},"excerpt":{"rendered":"<p>T\u00fcrk edebiyat\u0131n\u0131n \u00f6nemli isimlerinden \u0130zzet Yasar\u2019\u0131n toplu \u00f6yk\u00fclerini i\u00e7eren &#8220;Camdan Mezbahalar&#8221; kitab\u0131, Yitik \u00dclke Yay\u0131nlar\u0131\u2019ndan raflardaki yerini ald\u0131! \u0130zzet Yasar\u2019\u0131n 3 \u00f6yk\u00fc kitab\u0131n\u0131n bir arada bas\u0131ld\u0131\u011f\u0131 bu \u00f6zel kitap sizi b\u00fcy\u00fcl\u00fc bir edebiyat yolculu\u011funa \u00e7\u0131karacak\u2026 Camdan Mezbahalar, \u00d6zel Sekt\u00f6r \u0130mam\u0131 ve D\u00f6n\u00fc\u015f\u00fc Olmayan Hikayeler adl\u0131 kitaplar\u0131n\u0131 bu toplamda bir araya getiren Yasar, \u00f6yk\u00fc okuruna adeta [&hellip;]<\/p>\n","protected":false},"author":1,"featured_media":0,"comment_status":"open","ping_status":"closed","sticky":false,"template":"","format":"standard","meta":{"_acf_changed":false,"footnotes":""},"categories":[3],"tags":[1576,1578,1577,1575,1433],"class_list":{"0":"post-23604","1":"post","2":"type-post","3":"status-publish","4":"format-standard","6":"category-fantastik-kitaplar","7":"tag-camdan-mezbahalar","8":"tag-demir-ozlu","9":"tag-izzet-yasar","10":"tag-kadir-aydemir","11":"tag-yitik-ulke-yayinlari"},"acf":[],"_links":{"self":[{"href":"https:\/\/www.kayiprihtim.org\/portal\/wp-json\/wp\/v2\/posts\/23604","targetHints":{"allow":["GET"]}}],"collection":[{"href":"https:\/\/www.kayiprihtim.org\/portal\/wp-json\/wp\/v2\/posts"}],"about":[{"href":"https:\/\/www.kayiprihtim.org\/portal\/wp-json\/wp\/v2\/types\/post"}],"author":[{"embeddable":true,"href":"https:\/\/www.kayiprihtim.org\/portal\/wp-json\/wp\/v2\/users\/1"}],"replies":[{"embeddable":true,"href":"https:\/\/www.kayiprihtim.org\/portal\/wp-json\/wp\/v2\/comments?post=23604"}],"version-history":[{"count":0,"href":"https:\/\/www.kayiprihtim.org\/portal\/wp-json\/wp\/v2\/posts\/23604\/revisions"}],"wp:attachment":[{"href":"https:\/\/www.kayiprihtim.org\/portal\/wp-json\/wp\/v2\/media?parent=23604"}],"wp:term":[{"taxonomy":"category","embeddable":true,"href":"https:\/\/www.kayiprihtim.org\/portal\/wp-json\/wp\/v2\/categories?post=23604"},{"taxonomy":"post_tag","embeddable":true,"href":"https:\/\/www.kayiprihtim.org\/portal\/wp-json\/wp\/v2\/tags?post=23604"}],"curies":[{"name":"wp","href":"https:\/\/api.w.org\/{rel}","templated":true}]}}