{"id":2364,"date":"2009-08-15T09:07:51","date_gmt":"2009-08-15T06:07:51","guid":{"rendered":"http:\/\/www.kayiprihtim.org\/portal\/?p=2364"},"modified":"2009-08-15T12:46:52","modified_gmt":"2009-08-15T09:46:52","slug":"dorian-gray-090909da","status":"publish","type":"post","link":"https:\/\/www.kayiprihtim.org\/portal\/2009\/08\/15\/dorian-gray-090909da\/","title":{"rendered":"&#8220;Dorian Gray&#8221; 09.09.09&#8217;da!!"},"content":{"rendered":"<p><img decoding=\"async\" src=\"https:\/\/www.kayiprihtim.org\/portal\/gorsel\/dorian-gray-top2.jpg\" alt=\"\"><\/p>\n<p>Oscar Wilde&#8217;\u0131n The Picture of Dorian Gray roman\u0131ndan uyarlama olan film Oliver Parker taraf\u0131ndan beyaz perdeye ta\u015f\u0131nd\u0131. Film \u0130ngiltere&#8217;de olduk\u00e7a ilgin\u00e7 bir tarihte; 09.09.09&#8217;da g\u00f6sterime girecek.<\/p>\n<p>Roman\u0131n i\u00e7eri\u011finde b\u00fcy\u00fck yazar\u0131n g\u00f6r\u00fc\u015f ve inan\u0131\u015flar\u0131n\u0131, ya\u015fam felsefesini, ilgilendi\u011fi konular\u0131, soluk kesici, fantastik bir gerilim roman\u0131n\u0131n \u00e7er\u00e7evesinde verir. Y\u00fczeyde son derece e\u011flendirici ve s\u00fcr\u00fckleyici olan roman, derinden derine, okuru ya\u015fam\u0131n temel sorunlar\u0131yla y\u00fczy\u00fcze getirir. \u0130yilikle K\u00f6t\u00fcl\u00fck, G\u00fczellikle \u00c7irkinlik, Ya\u015famla \u00d6l\u00fcm aras\u0131ndaki ayr\u0131mlar nedir? Sanat, ya\u015famdan soyutlanabilir mi? Kendi g\u00fczelli\u011fine a\u015f\u0131k olan Dorian Gray bir melek midir, yoksa \u015feytan m\u0131? Zalim midir, kurban m\u0131?<\/p>\n<p>G\u00fczelli\u011fi ile herkesi hayran b\u0131rakan Dorian Gray, \u00fcnl\u00fc bir ressam taraf\u0131ndan model olarak kullan\u0131l\u0131r. Ressam Dorian Gray&#8217;i kusursuz bir \u015fekilde resme aktard\u0131\u011f\u0131nda \u00e7\u0131lg\u0131n bir anda Gray&#8217;in diledi\u011fi bir dilek ger\u00e7ek olur ve Gray ile resim aras\u0131nda ilgin\u00e7 bir ba\u011f olu\u015fur. Dorian Gray ge\u00e7en y\u0131llara nazaran g\u00fczelli\u011finden hi\u00e7 bir \u015fey kaybetmez. Yaln\u0131z her\u015feyin bir bedeli vard\u0131r. Resim Gray&#8217;in esas ruhunu yans\u0131tmaya ba\u015flar.<\/p>\n<p>Ayr\u0131ca kitab\u0131n daha \u00f6nce 1945 y\u0131l\u0131nda beyazperdeye aktar\u0131ld\u0131\u011f\u0131, ve yap\u0131lan bu filmin Oscar ald\u0131\u011f\u0131n\u0131 da hat\u0131rlatal\u0131m.<\/p>\n<p>\u00dcyelerimizden <strong>Bonthey<\/strong>&#8216;in haz\u0131rlam\u0131\u015f oldu\u011fu alt yaz\u0131l\u0131 fragman\u0131 a\u015fa\u011f\u0131dan izleyebilirsiniz.<\/p>\n<div><object classid=\"clsid:d27cdb6e-ae6d-11cf-96b8-444553540000\" width=\"480\" height=\"293\" codebase=\"http:\/\/download.macromedia.com\/pub\/shockwave\/cabs\/flash\/swflash.cab#version=6,0,40,0\"><param name=\"allowFullScreen\" value=\"true\" \/><param name=\"allowScriptAccess\" value=\"always\" \/><param name=\"src\" value=\"http:\/\/dailymotion.virgilio.it\/swf\/xa40rc_dorian-gray-trailer_shortfilms?subtitle=tr&amp;colors=background:000000;glow:636363;foreground:FF0000;&amp;defaultSubtitle=tr&amp;related=1\" \/><embed type=\"application\/x-shockwave-flash\" width=\"480\" height=\"293\" src=\"http:\/\/dailymotion.virgilio.it\/swf\/xa40rc_dorian-gray-trailer_shortfilms?subtitle=tr&amp;colors=background:000000;glow:636363;foreground:FF0000;&amp;defaultSubtitle=tr&amp;related=1\" allowscriptaccess=\"always\" allowfullscreen=\"true\"><\/embed><\/object><strong><a href=\"http:\/\/dailymotion.virgilio.it\/video\/xa40rc_dorian-gray-trailer_shortfilms?subtitle=tr\" rel=\"nofollow noopener\" target=\"_blank\"><\/a><\/strong><em><a href=\"http:\/\/dailymotion.virgilio.it\/tr\/channel\/shortfilms\" rel=\"nofollow noopener\" target=\"_blank\"><br \/>\n<\/a><\/em><\/div>\n","protected":false},"excerpt":{"rendered":"<p>Oscar Wilde&#8217;\u0131n The Picture of Dorian Gray roman\u0131ndan uyarlama olan film Oliver Parker taraf\u0131ndan beyaz perdeye ta\u015f\u0131nd\u0131. Film \u0130ngiltere&#8217;de olduk\u00e7a ilgin\u00e7 bir tarihte; 09.09.09&#8217;da g\u00f6sterime girecek. Roman\u0131n i\u00e7eri\u011finde b\u00fcy\u00fck yazar\u0131n g\u00f6r\u00fc\u015f ve inan\u0131\u015flar\u0131n\u0131, ya\u015fam felsefesini, ilgilendi\u011fi konular\u0131, soluk kesici, fantastik bir gerilim roman\u0131n\u0131n \u00e7er\u00e7evesinde verir. Y\u00fczeyde son derece e\u011flendirici ve s\u00fcr\u00fckleyici olan roman, derinden derine, [&hellip;]<\/p>\n","protected":false},"author":1,"featured_media":0,"comment_status":"open","ping_status":"closed","sticky":false,"template":"","format":"standard","meta":{"_acf_changed":false,"footnotes":""},"categories":[36],"tags":[],"class_list":{"0":"post-2364","1":"post","2":"type-post","3":"status-publish","4":"format-standard","6":"category-fantastik-perde"},"acf":[],"_links":{"self":[{"href":"https:\/\/www.kayiprihtim.org\/portal\/wp-json\/wp\/v2\/posts\/2364","targetHints":{"allow":["GET"]}}],"collection":[{"href":"https:\/\/www.kayiprihtim.org\/portal\/wp-json\/wp\/v2\/posts"}],"about":[{"href":"https:\/\/www.kayiprihtim.org\/portal\/wp-json\/wp\/v2\/types\/post"}],"author":[{"embeddable":true,"href":"https:\/\/www.kayiprihtim.org\/portal\/wp-json\/wp\/v2\/users\/1"}],"replies":[{"embeddable":true,"href":"https:\/\/www.kayiprihtim.org\/portal\/wp-json\/wp\/v2\/comments?post=2364"}],"version-history":[{"count":0,"href":"https:\/\/www.kayiprihtim.org\/portal\/wp-json\/wp\/v2\/posts\/2364\/revisions"}],"wp:attachment":[{"href":"https:\/\/www.kayiprihtim.org\/portal\/wp-json\/wp\/v2\/media?parent=2364"}],"wp:term":[{"taxonomy":"category","embeddable":true,"href":"https:\/\/www.kayiprihtim.org\/portal\/wp-json\/wp\/v2\/categories?post=2364"},{"taxonomy":"post_tag","embeddable":true,"href":"https:\/\/www.kayiprihtim.org\/portal\/wp-json\/wp\/v2\/tags?post=2364"}],"curies":[{"name":"wp","href":"https:\/\/api.w.org\/{rel}","templated":true}]}}