{"id":24273,"date":"2012-12-01T12:43:31","date_gmt":"2012-12-01T10:43:31","guid":{"rendered":"http:\/\/www.kayiprihtim.org\/portal\/?p=24273"},"modified":"2012-12-01T12:43:31","modified_gmt":"2012-12-01T10:43:31","slug":"yazarlar-sirlarini-paylasiyor","status":"publish","type":"post","link":"https:\/\/www.kayiprihtim.org\/portal\/2012\/12\/01\/yazarlar-sirlarini-paylasiyor\/","title":{"rendered":"Yazarlar S\u0131rlar\u0131n\u0131 Payla\u015f\u0131yor!"},"content":{"rendered":"<p style=\"text-align: center;\"><img fetchpriority=\"high\" decoding=\"async\" class=\"aligncenter size-full wp-image-24274\" title=\"\" src=\"https:\/\/www.kayiprihtim.org\/portal\/gorsel\/yazarlik-okulu-haber.jpg\" alt=\"\" width=\"467\" height=\"170\" srcset=\"https:\/\/www.kayiprihtim.org\/portal\/gorsel\/yazarlik-okulu-haber.jpg 467w, https:\/\/www.kayiprihtim.org\/portal\/gorsel\/yazarlik-okulu-haber-300x109.jpg 300w\" sizes=\"(max-width: 467px) 100vw, 467px\" \/><\/p>\n<p><em>Konak Belediyesi<\/em>nin katk\u0131lar\u0131yla ger\u00e7ekle\u015fecek olan<span style=\"color: #993300;\"><strong> Yazarl\u0131k Okulu<\/strong> <\/span>projesi, 15 Ocak\u2019ta ba\u015fl\u0131yor!<\/p>\n<p>Yazarlar\u0131n s\u0131rlar\u0131 ilk kez ortaya \u00e7\u0131k\u0131yor. Yazmaya g\u00f6n\u00fcl veren ama nas\u0131l ba\u015flayaca\u011f\u0131n\u0131 bilemeyenler ve daha iyi yazmak i\u00e7in ipu\u00e7lar\u0131na ihtiya\u00e7 duyanlar i\u00e7in \u00f6zel olarak d\u00fc\u015f\u00fcn\u00fclen Yazarl\u0131k Okulu, yazman\u0131n t\u00fcm dinamiklerini \u00fcnl\u00fc yazarlar\u0131n kendilerinden \u00f6\u011frenme f\u0131rsat\u0131 sunacak. \u00dcstelik sevilen yazarlar kendi romanlar\u0131 \u00fczerinden yola \u00e7\u0131karak verecekleri e\u011fitimlerde, ba\u015ftan sona bir roman\u0131n yarat\u0131m s\u00fcrecini irdeleyecekler. \u0130lk kez, konusunda ba\u015far\u0131s\u0131n\u0131 kan\u0131tlam\u0131\u015f be\u015f yazar\u0131n bir arada olaca\u011f\u0131 proje, ileride a\u00e7\u0131labilecek ger\u00e7ek bir okulun da ilk ad\u0131m\u0131 olabilir. Kat\u0131l\u0131mc\u0131lar\u0131n at\u00f6lyeler sonunda bir de k\u0131sa \u00f6yk\u00fc yar\u0131\u015fmas\u0131na kat\u0131laca\u011f\u0131 projede, kazanan isim 6 Nisan\u2019da Konak Belediyesinin d\u00fczenledi\u011fi \u00d6yk\u00fc G\u00fcnleri\u2019nde a\u00e7\u0131klanacak.<\/p>\n<p><em>Yazarl\u0131k Okulu Program\u0131<\/em> \u015fu \u015fekilde yap\u0131lacak.<\/p>\n<p style=\"padding-left: 30px;\">15 Ocak Sal\u0131 ve 16 Ocak \u00c7ar\u015famba 18.30 \/ 20.30<strong>: \u0130nci Aral<\/strong> \u2013 Roman Sanat\u0131, Roman\u0131n Hayata Tan\u0131kl\u0131\u011f\u0131 \u2018Yeni Yalan Zamanlar\u2019 \u00fc\u00e7lemesi \u00fczerinden roman\u0131n temel \u00f6\u011feleri ve geli\u015fme s\u00fcre\u00e7leri<\/p>\n<p style=\"padding-left: 30px;\">22 Ocak Sal\u0131 ve 23 Ocak \u00c7ar\u015famba 18.30 \/ 20.30 : <strong>Buket Uzuner<\/strong> &#8211; Bir Roman\u0131n Anatomisi \u2013 Su roman\u0131<\/p>\n<p style=\"padding-left: 30px;\">29 Ocak Sal\u0131 ve 30 Ocak \u00c7ar\u015famba 18.30 \/ 20.30: <strong>G\u00fcl\u015fah Elikbank<\/strong> \u2013 Fantastik Kurgu T\u00fcrleri \u2013 G\u00fcnebakan \u00dc\u00e7lemesi \u00fczerinden yerli fantazya<\/p>\n<p style=\"padding-left: 30px;\">5 \u015eubat Sal\u0131 ve 6 \u015eubat \u00c7ar\u015famba 18.30 \/ 20.30 : <strong>Hakan G\u00fcnday<\/strong> &#8211; &#8220;Bir Roman Deneyimi: Azil&#8221;<\/p>\n<p style=\"padding-left: 30px;\">12 \u015eubat Sal\u0131 ve 13 \u015eubat \u00c7ar\u015famba 18.30 \/ 20.30 : <strong>Nermin Bezmen<\/strong> &#8211; &#8220;K\u00f6klere Zihinsel ve Ruhsal Yolculuk&#8221; &#8220;Kurt Seyt &amp; Shura<\/p>\n<p><strong><em>YER<\/em>: Alsancak T\u00fcrkan Saylan K\u00fclt\u00fcr Merkezi<\/strong><\/p>\n<p>Ba\u015fvuruyu <strong>Konak Belediyesi K\u00fclt\u00fcr Birimi<\/strong>\u2019ne yapabilirsiniz.<\/p>\n","protected":false},"excerpt":{"rendered":"<p>Konak Belediyesinin katk\u0131lar\u0131yla ger\u00e7ekle\u015fecek olan Yazarl\u0131k Okulu projesi, 15 Ocak\u2019ta ba\u015fl\u0131yor! Yazarlar\u0131n s\u0131rlar\u0131 ilk kez ortaya \u00e7\u0131k\u0131yor. Yazmaya g\u00f6n\u00fcl veren ama nas\u0131l ba\u015flayaca\u011f\u0131n\u0131 bilemeyenler ve daha iyi yazmak i\u00e7in ipu\u00e7lar\u0131na ihtiya\u00e7 duyanlar i\u00e7in \u00f6zel olarak d\u00fc\u015f\u00fcn\u00fclen Yazarl\u0131k Okulu, yazman\u0131n t\u00fcm dinamiklerini \u00fcnl\u00fc yazarlar\u0131n kendilerinden \u00f6\u011frenme f\u0131rsat\u0131 sunacak. \u00dcstelik sevilen yazarlar kendi romanlar\u0131 \u00fczerinden yola \u00e7\u0131karak [&hellip;]<\/p>\n","protected":false},"author":1,"featured_media":0,"comment_status":"open","ping_status":"closed","sticky":false,"template":"","format":"standard","meta":{"_acf_changed":false,"footnotes":""},"categories":[69],"tags":[1617,750,1618,1543,9205,1616],"class_list":{"0":"post-24273","1":"post","2":"type-post","3":"status-publish","4":"format-standard","6":"category-etkinlik","7":"tag-buket-uzuner","8":"tag-gulsah-elikbank","9":"tag-hakan-gunday","10":"tag-inci-aral","11":"tag-yazar","12":"tag-yazarlik-okulu"},"acf":[],"_links":{"self":[{"href":"https:\/\/www.kayiprihtim.org\/portal\/wp-json\/wp\/v2\/posts\/24273","targetHints":{"allow":["GET"]}}],"collection":[{"href":"https:\/\/www.kayiprihtim.org\/portal\/wp-json\/wp\/v2\/posts"}],"about":[{"href":"https:\/\/www.kayiprihtim.org\/portal\/wp-json\/wp\/v2\/types\/post"}],"author":[{"embeddable":true,"href":"https:\/\/www.kayiprihtim.org\/portal\/wp-json\/wp\/v2\/users\/1"}],"replies":[{"embeddable":true,"href":"https:\/\/www.kayiprihtim.org\/portal\/wp-json\/wp\/v2\/comments?post=24273"}],"version-history":[{"count":0,"href":"https:\/\/www.kayiprihtim.org\/portal\/wp-json\/wp\/v2\/posts\/24273\/revisions"}],"wp:attachment":[{"href":"https:\/\/www.kayiprihtim.org\/portal\/wp-json\/wp\/v2\/media?parent=24273"}],"wp:term":[{"taxonomy":"category","embeddable":true,"href":"https:\/\/www.kayiprihtim.org\/portal\/wp-json\/wp\/v2\/categories?post=24273"},{"taxonomy":"post_tag","embeddable":true,"href":"https:\/\/www.kayiprihtim.org\/portal\/wp-json\/wp\/v2\/tags?post=24273"}],"curies":[{"name":"wp","href":"https:\/\/api.w.org\/{rel}","templated":true}]}}