{"id":24351,"date":"2012-12-07T17:46:47","date_gmt":"2012-12-07T15:46:47","guid":{"rendered":"http:\/\/www.kayiprihtim.org\/portal\/?p=24351"},"modified":"2012-12-07T17:46:47","modified_gmt":"2012-12-07T15:46:47","slug":"the-hobbit-dosyasi-yer-gostericide","status":"publish","type":"post","link":"https:\/\/www.kayiprihtim.org\/portal\/2012\/12\/07\/the-hobbit-dosyasi-yer-gostericide\/","title":{"rendered":"&#8220;The Hobbit&#8221; Dosyas\u0131 Yer G\u00f6sterici&#8217;de"},"content":{"rendered":"<p style=\"text-align: center;\"><img fetchpriority=\"high\" decoding=\"async\" class=\"aligncenter size-full wp-image-24353\" title=\"\" src=\"https:\/\/www.kayiprihtim.org\/portal\/gorsel\/yer-gosterici.jpg\" alt=\"\" width=\"467\" height=\"149\" srcset=\"https:\/\/www.kayiprihtim.org\/portal\/gorsel\/yer-gosterici.jpg 467w, https:\/\/www.kayiprihtim.org\/portal\/gorsel\/yer-gosterici-300x95.jpg 300w\" sizes=\"(max-width: 467px) 100vw, 467px\" \/><\/p>\n<p><a href=\"http:\/\/www.ntvmsnbc.com\/\" target=\"_blank\" rel=\"nofollow noopener\"><em>Ntvmsnbc.com<\/em><\/a>\u2019un ge\u00e7ti\u011fimiz aylarda ba\u015flatt\u0131\u011f\u0131, hen\u00fcz yeni bir sinema dergisi olan <span style=\"color: #993300;\"><strong>Yer G\u00f6sterici<\/strong><\/span>, aral\u0131k say\u0131s\u0131nda &#8220;<strong>The Hobbit<\/strong>&#8221; filmi i\u00e7in \u00f6zel ve dolu dolu bir dosya haz\u0131rlam\u0131\u015f.<\/p>\n<p>Seriyle alakal\u0131 g\u00fczel bir tan\u0131t\u0131m ve bilgilendirme yaz\u0131s\u0131s\u0131yla ba\u015flayan sunum, karakterleri tan\u0131mam\u0131z i\u00e7in haz\u0131rlanm\u0131\u015f \u00f6zel sayfayla devam ediyor. Daha sonra \u00fcstad <em><strong>Giovanni Scognamillo<\/strong><\/em>\u2019nun evinde, kendisinin de kat\u0131l\u0131m\u0131yla bir &#8220;<strong>Fantastik Toplant\u0131<\/strong>&#8221; d\u00fczenlemi\u015fler. <em><strong>Emrah Koluk\u0131sa<\/strong><\/em>\u2019n\u0131n sorular\u0131yla ba\u015flayan bu toplant\u0131n\u0131n di\u011fer kat\u0131l\u0131mc\u0131lar\u0131 ise <strong><em>Sevin Okyay<\/em><\/strong>, yazar <em><strong>Bar\u0131\u015f M\u00fcstecapl\u0131o\u011flu<\/strong><\/em>, akademisyen <strong><em>Prof. Selim Ey\u00fcbo\u011flu<\/em><\/strong> ve yazar <em><strong>Yi\u011fit De\u011fer Bengi<\/strong><\/em>.<\/p>\n<p>Hemen ard\u0131ndan <em>Tolkien<\/em> ve <em>Y\u00fcz\u00fcklerin Efendisi<\/em> dedi\u011fimizde akla gelen ilk isimlerden <em><strong>B\u00fclent Somay<\/strong><\/em>\u2019la da <em>Bilgi \u00dcniversitesi<\/em>\u2019nde ger\u00e7ekle\u015ftirdikleri k\u0131sa s\u00f6yle\u015fiyi sunuyorlar. Ve ard\u0131ndan kamera arkas\u0131 g\u00f6r\u00fcnt\u00fclerle destekledikleri son Orta D\u00fcnyay\u0131 Tan\u0131yal\u0131m sayfas\u0131yla dosyaya noktay\u0131 koyuyorlar.<\/p>\n<p>K\u0131saca neler yapt\u0131klar\u0131n\u0131 \u00f6zetlemi\u015f olsak da iyisi mi haberi daha fazla uzatmayal\u0131m ve dergiye ula\u015fman\u0131z i\u00e7in sizleri <span style=\"font-size: medium;\"><a href=\"http:\/\/yergosterici.ntvmsnbc.com\/04\/#\/5\" target=\"_blank\" rel=\"nofollow noopener\"><strong>BURAYA<\/strong><\/a><\/span> alal\u0131m.<\/p>\n<p>Hepinize iyi okumalar.<\/p>\n","protected":false},"excerpt":{"rendered":"<p>Ntvmsnbc.com\u2019un ge\u00e7ti\u011fimiz aylarda ba\u015flatt\u0131\u011f\u0131, hen\u00fcz yeni bir sinema dergisi olan Yer G\u00f6sterici, aral\u0131k say\u0131s\u0131nda &#8220;The Hobbit&#8221; filmi i\u00e7in \u00f6zel ve dolu dolu bir dosya haz\u0131rlam\u0131\u015f. Seriyle alakal\u0131 g\u00fczel bir tan\u0131t\u0131m ve bilgilendirme yaz\u0131s\u0131s\u0131yla ba\u015flayan sunum, karakterleri tan\u0131mam\u0131z i\u00e7in haz\u0131rlanm\u0131\u015f \u00f6zel sayfayla devam ediyor. Daha sonra \u00fcstad Giovanni Scognamillo\u2019nun evinde, kendisinin de kat\u0131l\u0131m\u0131yla bir &#8220;Fantastik Toplant\u0131&#8221; [&hellip;]<\/p>\n","protected":false},"author":1,"featured_media":0,"comment_status":"open","ping_status":"closed","sticky":false,"template":"","format":"standard","meta":{"_acf_changed":false,"footnotes":""},"categories":[1241,35,11],"tags":[317,830,1624,580,479,1625,46,772,304],"class_list":{"0":"post-24351","1":"post","2":"type-post","3":"status-publish","4":"format-standard","6":"category-dergiler","7":"category-hobbit-yuzuklerin-efendisi","8":"category-yuzuklerin-efendisi","9":"tag-baris-mustecaplioglu","10":"tag-bulent-somay","11":"tag-emrah-kolukisa","12":"tag-giovanni-scognamillo","13":"tag-ntv","14":"tag-selim-eyuboglu","15":"tag-sevin-okyay","16":"tag-the-hobbit","17":"tag-yigit-deger-bengi"},"acf":[],"_links":{"self":[{"href":"https:\/\/www.kayiprihtim.org\/portal\/wp-json\/wp\/v2\/posts\/24351","targetHints":{"allow":["GET"]}}],"collection":[{"href":"https:\/\/www.kayiprihtim.org\/portal\/wp-json\/wp\/v2\/posts"}],"about":[{"href":"https:\/\/www.kayiprihtim.org\/portal\/wp-json\/wp\/v2\/types\/post"}],"author":[{"embeddable":true,"href":"https:\/\/www.kayiprihtim.org\/portal\/wp-json\/wp\/v2\/users\/1"}],"replies":[{"embeddable":true,"href":"https:\/\/www.kayiprihtim.org\/portal\/wp-json\/wp\/v2\/comments?post=24351"}],"version-history":[{"count":0,"href":"https:\/\/www.kayiprihtim.org\/portal\/wp-json\/wp\/v2\/posts\/24351\/revisions"}],"wp:attachment":[{"href":"https:\/\/www.kayiprihtim.org\/portal\/wp-json\/wp\/v2\/media?parent=24351"}],"wp:term":[{"taxonomy":"category","embeddable":true,"href":"https:\/\/www.kayiprihtim.org\/portal\/wp-json\/wp\/v2\/categories?post=24351"},{"taxonomy":"post_tag","embeddable":true,"href":"https:\/\/www.kayiprihtim.org\/portal\/wp-json\/wp\/v2\/tags?post=24351"}],"curies":[{"name":"wp","href":"https:\/\/api.w.org\/{rel}","templated":true}]}}