{"id":24527,"date":"2012-12-26T00:36:47","date_gmt":"2012-12-25T22:36:47","guid":{"rendered":"http:\/\/www.kayiprihtim.org\/portal\/?p=24527"},"modified":"2012-12-26T01:44:04","modified_gmt":"2012-12-25T23:44:04","slug":"beyaz-col-raflarda","status":"publish","type":"post","link":"https:\/\/www.kayiprihtim.org\/portal\/2012\/12\/26\/beyaz-col-raflarda\/","title":{"rendered":"&#8220;Beyaz \u00c7\u00f6l&#8221; Raflarda"},"content":{"rendered":"<p><img fetchpriority=\"high\" decoding=\"async\" class=\"aligncenter size-full wp-image-24528\" alt=\"\" src=\"https:\/\/www.kayiprihtim.org\/portal\/gorsel\/beyaz-col-top.jpg\" width=\"467\" height=\"170\" srcset=\"https:\/\/www.kayiprihtim.org\/portal\/gorsel\/beyaz-col-top.jpg 467w, https:\/\/www.kayiprihtim.org\/portal\/gorsel\/beyaz-col-top-300x109.jpg 300w\" sizes=\"(max-width: 467px) 100vw, 467px\" \/><\/p>\n<p><a title=\"Ayd\u0131n \u015eahin \u00d6zt\u00fcrk\" href=\"https:\/\/www.kayiprihtim.org\/portal\/yazar\/aydin-sahin-ozturk\/\"><em><b>Ayd\u0131n \u015eahin \u00d6zt\u00fcrk<\/b><\/em><\/a>\u2019\u00fcn kaleme ald\u0131\u011f\u0131 fantastik ve korku \u00f6geleriyle bezeli &#8220;<a title=\"Beyaz \u00c7\u00f6l\" href=\"https:\/\/www.kayiprihtim.org\/portal\/kitap\/beyaz-col\/\"><span style=\"color: #993300;\"><strong>Beyaz \u00c7\u00f6l<\/strong><\/span><\/a>&#8221; ge\u00e7ti\u011fimiz g\u00fcnlerde raflardaki yerini ald\u0131.<\/p>\n<p>Roman, Selim ad\u0131ndaki ba\u015fkahraman\u0131n \u00e7ocuklu\u011fundan beri g\u00f6rmedi\u011fi k\u00f6y\u00fcne d\u00f6nmesiyle ba\u015flar. Erzurum\u2019a ba\u011fl\u0131 olan k\u00fc\u00e7\u00fck k\u00f6y, etraf\u0131 y\u00fcksek s\u0131ra da\u011flarla \u00e7evrili bir \u00e7ukurun ortas\u0131ndad\u0131r ve \u00e7orak arazi kar ya\u011fd\u0131\u011f\u0131nda beyaz bir \u00e7\u00f6le d\u00f6n\u00fc\u015fmektedir.<\/p>\n<p><a href=\"https:\/\/www.kayiprihtim.org\/portal\/kitap\/beyaz-col\/\"><img decoding=\"async\" class=\"alignright size-medium wp-image-24524\" alt=\"Beyaz \u00c7\u00f6l\" src=\"https:\/\/www.kayiprihtim.org\/portal\/gorsel\/beyaz-col-191x300.jpg\" width=\"191\" height=\"300\" srcset=\"https:\/\/www.kayiprihtim.org\/portal\/gorsel\/beyaz-col-191x300.jpg 191w, https:\/\/www.kayiprihtim.org\/portal\/gorsel\/beyaz-col-652x1024.jpg 652w\" sizes=\"(max-width: 191px) 100vw, 191px\" \/><\/a>Selim, k\u00f6yde virane haldeki eski evine yerle\u015fir. Niyeti arazilerini sat\u0131p d\u00f6nmektir, ancak kar y\u00fcz\u00fcnden mahsur kal\u0131r ve baz\u0131 krizler ge\u00e7irmeye, sanr\u0131lar g\u00f6rmeye ba\u015flar; bu sanr\u0131lar\u0131n fiziksel yans\u0131malar\u0131 da vard\u0131r. Krizlerin ortak paydas\u0131ysa c\u0131l\u0131z, \u00e7\u0131plak bir erkek \u00e7ocuktur ki o, \u00e7ocukluk arkada\u015f\u0131 Murat\u2019t\u0131r. Di\u011fer bir eski arkada\u015f\u0131 Recep\u2019in tacizleri, i\u015fkenceye d\u00f6nen bu krizler, Selim\u2019i gittik\u00e7e sald\u0131rganla\u015ft\u0131r\u0131r\u2026<\/p>\n<p>Beyaz \u00c7\u00f6l, koynundaki esirleri iki g\u00fcn \u00fcst \u00fcste mezarl\u0131\u011fa g\u00f6nderir. Taze \u00f6l\u00fclerinin mezarlar\u0131ndan \u00e7al\u0131nd\u0131\u011f\u0131n\u0131 \u00f6\u011frenince, bir avc\u0131 grubu olu\u015fturup pusu kurarlar. Ancak i\u015fler hi\u00e7 de umduklar\u0131 gibi gitmez\u2026 Art\u0131k d\u00fc\u015f\u00fcnd\u00fckleri tek \u015fey vard\u0131r: Beyaz \u00c7\u00f6l\u2019 \u00fcn ortas\u0131ndaki bu sava\u015ftan canl\u0131 \u00e7\u0131kmak!<\/p>\n<p>K\u00f6y\u00fc ku\u015fat\u0131p insanlar\u0131 mezar\u0131nda bile rahat b\u0131rakmayan \u015fey ne? Hayatta kalabilmek i\u00e7in neleri g\u00f6ze alabilecekler? Ve Selim, krizlerinden ger\u00e7e\u011fe yans\u0131yan izlerin s\u0131rr\u0131n\u0131 \u00e7\u00f6zebilecek mi?<\/p>\n<blockquote><p>Beyaz \u00c7\u00f6l, fantastik edebiyat\u0131 Anadolu k\u00fclt\u00fcr\u00fcyle harmanlay\u0131p t\u00fcr\u00fcn hayranlar\u0131na yepyeni korkular sunuyor.<\/p><\/blockquote>\n<p>Edit\u00f6rl\u00fc\u011f\u00fcn\u00fc <em>Yelda Karata\u015f<\/em>\u2019\u0131n \u00fcstlendi\u011fi ve kapa\u011f\u0131n\u0131 Abdullah Ulu\u00e7ay\u2019\u0131n haz\u0131rlad\u0131\u011f\u0131 <em>Ihlamur Kitap<\/em> etiketiyle \u00e7\u0131kan roman\u0131n tan\u0131t\u0131m ve k\u00fcnye bilgileri i\u00e7in <strong><a href=\"https:\/\/www.kayiprihtim.org\/portal\/kitap\/beyaz-col\/\">buraya<\/a><\/strong> t\u0131klayabilirsiniz.<\/p>\n","protected":false},"excerpt":{"rendered":"<p>Ayd\u0131n \u015eahin \u00d6zt\u00fcrk\u2019\u00fcn kaleme ald\u0131\u011f\u0131 fantastik ve korku \u00f6geleriyle bezeli &#8220;Beyaz \u00c7\u00f6l&#8221; ge\u00e7ti\u011fimiz g\u00fcnlerde raflardaki yerini ald\u0131. Roman, Selim ad\u0131ndaki ba\u015fkahraman\u0131n \u00e7ocuklu\u011fundan beri g\u00f6rmedi\u011fi k\u00f6y\u00fcne d\u00f6nmesiyle ba\u015flar. Erzurum\u2019a ba\u011fl\u0131 olan k\u00fc\u00e7\u00fck k\u00f6y, etraf\u0131 y\u00fcksek s\u0131ra da\u011flarla \u00e7evrili bir \u00e7ukurun ortas\u0131ndad\u0131r ve \u00e7orak arazi kar ya\u011fd\u0131\u011f\u0131nda beyaz bir \u00e7\u00f6le d\u00f6n\u00fc\u015fmektedir. Selim, k\u00f6yde virane haldeki eski evine [&hellip;]<\/p>\n","protected":false},"author":1,"featured_media":0,"comment_status":"open","ping_status":"closed","sticky":false,"template":"","format":"standard","meta":{"_acf_changed":false,"footnotes":""},"categories":[3,325],"tags":[1640,1639,1642,1641],"class_list":{"0":"post-24527","1":"post","2":"type-post","3":"status-publish","4":"format-standard","6":"category-fantastik-kitaplar","7":"category-korkugerilim","8":"tag-abdullah-ulucay","9":"tag-aydin-sahin-ozturk","10":"tag-ihlamur-kitap","11":"tag-yelda-karatas"},"acf":[],"_links":{"self":[{"href":"https:\/\/www.kayiprihtim.org\/portal\/wp-json\/wp\/v2\/posts\/24527","targetHints":{"allow":["GET"]}}],"collection":[{"href":"https:\/\/www.kayiprihtim.org\/portal\/wp-json\/wp\/v2\/posts"}],"about":[{"href":"https:\/\/www.kayiprihtim.org\/portal\/wp-json\/wp\/v2\/types\/post"}],"author":[{"embeddable":true,"href":"https:\/\/www.kayiprihtim.org\/portal\/wp-json\/wp\/v2\/users\/1"}],"replies":[{"embeddable":true,"href":"https:\/\/www.kayiprihtim.org\/portal\/wp-json\/wp\/v2\/comments?post=24527"}],"version-history":[{"count":0,"href":"https:\/\/www.kayiprihtim.org\/portal\/wp-json\/wp\/v2\/posts\/24527\/revisions"}],"wp:attachment":[{"href":"https:\/\/www.kayiprihtim.org\/portal\/wp-json\/wp\/v2\/media?parent=24527"}],"wp:term":[{"taxonomy":"category","embeddable":true,"href":"https:\/\/www.kayiprihtim.org\/portal\/wp-json\/wp\/v2\/categories?post=24527"},{"taxonomy":"post_tag","embeddable":true,"href":"https:\/\/www.kayiprihtim.org\/portal\/wp-json\/wp\/v2\/tags?post=24527"}],"curies":[{"name":"wp","href":"https:\/\/api.w.org\/{rel}","templated":true}]}}