{"id":26438,"date":"2013-03-08T22:26:08","date_gmt":"2013-03-08T20:26:08","guid":{"rendered":"http:\/\/www.kayiprihtim.org\/portal\/?p=26438"},"modified":"2013-03-08T22:26:08","modified_gmt":"2013-03-08T20:26:08","slug":"alper-caniguz-ruzgari-almanyada","status":"publish","type":"post","link":"https:\/\/www.kayiprihtim.org\/portal\/2013\/03\/08\/alper-caniguz-ruzgari-almanyada\/","title":{"rendered":"Alper Can\u0131g\u00fcz R\u00fczg\u00e2r\u0131 Almanya&#8217;da"},"content":{"rendered":"<p style=\"text-align: center;\"><img fetchpriority=\"high\" decoding=\"async\" class=\"aligncenter size-full wp-image-26442\" alt=\"\" src=\"https:\/\/www.kayiprihtim.org\/portal\/gorsel\/alper-caniguz-gizliajans.jpg\" width=\"467\" height=\"191\" srcset=\"https:\/\/www.kayiprihtim.org\/portal\/gorsel\/alper-caniguz-gizliajans.jpg 469w, https:\/\/www.kayiprihtim.org\/portal\/gorsel\/alper-caniguz-gizliajans-300x122.jpg 300w\" sizes=\"(max-width: 467px) 100vw, 467px\" \/><\/p>\n<p>\u201c<a title=\"Tatl\u0131 R\u00fcyalar\" href=\"https:\/\/www.kayiprihtim.org\/portal\/kitap\/tatli-ruyalar\/\">Tatl\u0131 R\u00fcyalar<\/a>\u201d, \u201c<a title=\"Gizliajans\" href=\"https:\/\/www.kayiprihtim.org\/portal\/kitap\/gizliajans\/\">Gizli Ajans<\/a>\u201d, \u201c<a title=\"O\u011fullar ve Rencide Ruhlar\" href=\"https:\/\/www.kayiprihtim.org\/portal\/kitap\/ogullar-ve-rencide-ruhlar\/\">O\u011fullar ve Rencide Ruhlar<\/a>\u201d romanlar\u0131yla tan\u0131d\u0131\u011f\u0131m\u0131z ve sevdi\u011fimiz <a title=\"Alper Can\u0131g\u00fcz\" href=\"https:\/\/www.kayiprihtim.org\/portal\/yazar\/alper-caniguz\/\"><span style=\"font-size: medium; color: #000000;\"><strong>Alper Can\u0131g\u00fcz<\/strong><\/span><\/a> ad\u0131ndan Almanya\u2019da da s\u00f6z ettiriyor! \u201c<span style=\"font-size: medium;\"><a title=\"Gizliajans\" href=\"https:\/\/www.kayiprihtim.org\/portal\/kitap\/gizliajans\/\"><span style=\"color: #993300;\"><strong>Gizli Ajans<\/strong><\/span><\/a><\/span>\u201d ile Almanya&#8217;da 3 ayda bir yay\u0131mlanan d\u00fcnya edebiyat\u0131n\u0131n &#8220;<span style=\"font-size: medium;\">en iyiler<\/span>&#8221; listesine giren ilk T\u00fcrk romanc\u0131 olan <em><strong>Alper Can\u0131g\u00fcz<\/strong><\/em>, bu listede ge\u00e7ti\u011fimiz g\u00fcnlerde Nobel Edebiyat \u00d6d\u00fcl\u00fc\u2019n\u00fc alan (6. s\u0131radaki) <em>Mo Yan<\/em>&#8216;\u0131 da ge\u00e7erek ikinci s\u0131rada yer ald\u0131.<\/p>\n<p>&#8220;<em>Weltempf\u00e4nger<\/em>&#8221; (D\u00fcnya Al\u0131c\u0131s\u0131) ad\u0131 verilen listede kendine yer bulan <em><strong>Can\u0131g\u00fcz<\/strong><\/em>\u2019\u00fcn kitab\u0131n\u0131n Almanca bask\u0131s\u0131n\u0131; daha \u00f6nce <em>O\u011fuz Atay, Metin Elo\u011flu, Emrah Serbes, Gaye Boral\u0131o\u011flu, Bar\u0131\u015f B\u0131\u00e7ak\u00e7\u0131, Yazg\u00fcl\u00fc Aldo\u011fan<\/em> ve <em>Zerrin Soysal<\/em> gibi yazarlar\u0131n da eserlerini yay\u0131mlayan <em>Binooki Yay\u0131nevi<\/em> basm\u0131\u015ft\u0131.<\/p>\n<p><a title=\"Alper Can\u0131g\u00fcz\" href=\"https:\/\/www.kayiprihtim.org\/portal\/yazar\/alper-caniguz\/\"><strong>Alper Can\u0131g\u00fcz<\/strong><\/a>\u2019\u00fc bu ba\u015far\u0131s\u0131ndan dolay\u0131 tebrik ediyor, yurtd\u0131\u015f\u0131nda da edebiyat\u0131m\u0131z\u0131 en g\u00fczel \u015fekilde temsil etti\u011fi i\u00e7in kendisiyle gurur duyuyoruz. Bu vesileyle 2011 y\u0131l\u0131nda onunla yapt\u0131\u011f\u0131m\u0131z r\u00f6portaj\u0131 da tekrar anal\u0131m, r\u00f6portaj\u0131 okumak isteyenler <a href=\"https:\/\/www.kayiprihtim.org\/portal\/roportajlar\/alper-caniguz-ile-roportaj\/\"><span style=\"font-size: medium;\"><strong>buraya<\/strong><\/span><\/a> t\u0131klayarak s\u00f6yle\u015fiye ula\u015fabilir.<\/p>\n","protected":false},"excerpt":{"rendered":"<p>\u201cTatl\u0131 R\u00fcyalar\u201d, \u201cGizli Ajans\u201d, \u201cO\u011fullar ve Rencide Ruhlar\u201d romanlar\u0131yla tan\u0131d\u0131\u011f\u0131m\u0131z ve sevdi\u011fimiz Alper Can\u0131g\u00fcz ad\u0131ndan Almanya\u2019da da s\u00f6z ettiriyor! \u201cGizli Ajans\u201d ile Almanya&#8217;da 3 ayda bir yay\u0131mlanan d\u00fcnya edebiyat\u0131n\u0131n &#8220;en iyiler&#8221; listesine giren ilk T\u00fcrk romanc\u0131 olan Alper Can\u0131g\u00fcz, bu listede ge\u00e7ti\u011fimiz g\u00fcnlerde Nobel Edebiyat \u00d6d\u00fcl\u00fc\u2019n\u00fc alan (6. s\u0131radaki) Mo Yan&#8216;\u0131 da ge\u00e7erek ikinci s\u0131rada [&hellip;]<\/p>\n","protected":false},"author":1,"featured_media":0,"comment_status":"open","ping_status":"closed","sticky":false,"template":"","format":"standard","meta":{"_acf_changed":false,"footnotes":""},"categories":[81],"tags":[569,1741,1742],"class_list":{"0":"post-26438","1":"post","2":"type-post","3":"status-publish","4":"format-standard","6":"category-yazar","7":"tag-alper-caniguz","8":"tag-gizli-ajans","9":"tag-nobel"},"acf":[],"_links":{"self":[{"href":"https:\/\/www.kayiprihtim.org\/portal\/wp-json\/wp\/v2\/posts\/26438","targetHints":{"allow":["GET"]}}],"collection":[{"href":"https:\/\/www.kayiprihtim.org\/portal\/wp-json\/wp\/v2\/posts"}],"about":[{"href":"https:\/\/www.kayiprihtim.org\/portal\/wp-json\/wp\/v2\/types\/post"}],"author":[{"embeddable":true,"href":"https:\/\/www.kayiprihtim.org\/portal\/wp-json\/wp\/v2\/users\/1"}],"replies":[{"embeddable":true,"href":"https:\/\/www.kayiprihtim.org\/portal\/wp-json\/wp\/v2\/comments?post=26438"}],"version-history":[{"count":0,"href":"https:\/\/www.kayiprihtim.org\/portal\/wp-json\/wp\/v2\/posts\/26438\/revisions"}],"wp:attachment":[{"href":"https:\/\/www.kayiprihtim.org\/portal\/wp-json\/wp\/v2\/media?parent=26438"}],"wp:term":[{"taxonomy":"category","embeddable":true,"href":"https:\/\/www.kayiprihtim.org\/portal\/wp-json\/wp\/v2\/categories?post=26438"},{"taxonomy":"post_tag","embeddable":true,"href":"https:\/\/www.kayiprihtim.org\/portal\/wp-json\/wp\/v2\/tags?post=26438"}],"curies":[{"name":"wp","href":"https:\/\/api.w.org\/{rel}","templated":true}]}}