{"id":27098,"date":"2013-04-03T13:12:27","date_gmt":"2013-04-03T10:12:27","guid":{"rendered":"http:\/\/www.kayiprihtim.org\/portal\/?p=27098"},"modified":"2013-04-03T13:12:27","modified_gmt":"2013-04-03T10:12:27","slug":"istanbul-lisesi-10-liseler-arasi-kisa-film-yarismasi","status":"publish","type":"post","link":"https:\/\/www.kayiprihtim.org\/portal\/2013\/04\/03\/istanbul-lisesi-10-liseler-arasi-kisa-film-yarismasi\/","title":{"rendered":"\u0130stanbul Lisesi 10. Liseler Aras\u0131 K\u0131sa Film Yar\u0131\u015fmas\u0131"},"content":{"rendered":"<p style=\"text-align: center;\"><img fetchpriority=\"high\" decoding=\"async\" class=\"aligncenter size-full wp-image-27099\" alt=\"\" src=\"https:\/\/www.kayiprihtim.org\/portal\/gorsel\/10-liselerarasifilm-top.jpg\" width=\"467\" height=\"190\" srcset=\"https:\/\/www.kayiprihtim.org\/portal\/gorsel\/10-liselerarasifilm-top.jpg 467w, https:\/\/www.kayiprihtim.org\/portal\/gorsel\/10-liselerarasifilm-top-300x122.jpg 300w\" sizes=\"(max-width: 467px) 100vw, 467px\" \/><\/p>\n<p><strong><em>\u0130stanbul (Erkek) Lisesi<\/em><\/strong>, 10 sene \u00f6nce d\u00fczenlemeye ba\u015flad\u0131\u011f\u0131 <span style=\"font-size: medium; color: #993300;\"><strong>Liseler Aras\u0131 K\u0131sa Film Yar\u0131\u015fmas\u0131<\/strong><\/span>\u2019n\u0131 bu sene de kald\u0131\u011f\u0131 yerden t\u00fcm h\u0131z\u0131yla devam ettiriyor. Yar\u0131\u015fma T\u00fcrkiye\u2019de d\u00fczenlenen ilk ve tek liseler aras\u0131 k\u0131sa film yar\u0131\u015fmas\u0131 olma \u00f6zelli\u011fine sahip. Ge\u00e7ti\u011fimiz sene T\u00fcrkiye\u2019nin d\u00f6rt bir yan\u0131ndan toplam <strong>108<\/strong> filme ev sahipli\u011fiyapan yar\u0131\u015fma, bu sene daha \u00e7ok gence ula\u015fmay\u0131 ama\u00e7l\u0131yor. Yar\u0131\u015fma, \u00f6\u011frencileri gen\u00e7 ya\u015fta sinemaya y\u00f6neltiyor ve onlara sinema sevgisi kazand\u0131rmay\u0131 hedefliyor, bu sayede T\u00fcrk Sinemas\u0131n\u0131n gelece\u011fine katk\u0131da bulunmay\u0131 ama\u00e7l\u0131yor. K\u0131sacas\u0131, <strong>T\u00fcrk Sinemas\u0131\u2019n\u0131n gelece\u011fini ar\u0131yor!<\/strong><\/p>\n<p><a href=\"https:\/\/www.kayiprihtim.org\/portal\/gorsel\/liseler-arasi-film-festivali_10.jpg\"><img decoding=\"async\" class=\"alignright size-medium wp-image-27100\" alt=\"\" src=\"https:\/\/www.kayiprihtim.org\/portal\/gorsel\/liseler-arasi-film-festivali_10-212x300.jpg\" width=\"212\" height=\"300\" srcset=\"https:\/\/www.kayiprihtim.org\/portal\/gorsel\/liseler-arasi-film-festivali_10-212x300.jpg 212w, https:\/\/www.kayiprihtim.org\/portal\/gorsel\/liseler-arasi-film-festivali_10-724x1024.jpg 724w, https:\/\/www.kayiprihtim.org\/portal\/gorsel\/liseler-arasi-film-festivali_10.jpg 1000w\" sizes=\"(max-width: 212px) 100vw, 212px\" \/><\/a>Sinema \u00e7evreleri taraf\u0131ndan b\u00fcy\u00fck be\u011feni toplayan \u201c<span style=\"color: #993300;\"><strong>\u0130stanbul Lisesi Liseler Aras\u0131 K\u0131sa Film Yar\u0131\u015fmas\u0131<\/strong><\/span>\u201d, gen\u00e7 y\u00f6netmen adaylar\u0131na g\u00fczel f\u0131rsatlar tan\u0131yor, gen\u00e7lerle ustalar\u0131 bir araya getiriyor ve t\u00fcm liseli gen\u00e7leri k\u0131sa film \u00e7ekmeye davet ediyor.<\/p>\n<p>Yar\u0131\u015fma j\u00fcrisinde; oyuncu <em><strong>Ahmet M\u00fcmtaz Taylan, Ruhi Sar\u0131,G\u00fcven K\u0131ra\u00e7<\/strong><\/em>; y\u00f6netmen <em><strong>Selim Demirdelen<\/strong><\/em> yer al\u0131yor.<\/p>\n<p>J\u00fcri de\u011ferlendirmesi sonucunda birinci se\u00e7ilen filmin y\u00f6netmenine HD kamera, ikinciye dijital foto\u011fraf makinesi, \u00fc\u00e7\u00fcnc\u00fcye IPOD ve mansiyon olarak DivX DVD Oynat\u0131c\u0131 gibi \u00e7e\u015fitli \u00f6d\u00fcller veriliyor.<br \/>\nYar\u0131\u015fman\u0131n son kat\u0131l\u0131m tarihi 10 May\u0131s 2013&#8217;t\u00fcr.<\/p>\n<p>Yar\u0131\u015fma sonu\u00e7lar\u0131, gen\u00e7 sinemac\u0131 \u00f6\u011frencilerin ustalar ile bir araya gelece\u011fi ve \u00f6d\u00fcllerin sahiplerini bulaca\u011f\u0131, haziran ay\u0131n\u0131n ilk haftas\u0131nda ger\u00e7ekle\u015ftirilecek olan \u00f6d\u00fcl gecesinde a\u00e7\u0131klanacak.<\/p>\n<p>Yar\u0131\u015fmayla ilgili detayl\u0131 bilgiye <a href=\"http:\/\/www.ielsinema.com\/\" target=\"_blank\" rel=\"nofollow noopener\"><span style=\"font-size: medium;\"><strong>buradan<\/strong><\/span><\/a> ula\u015fabilirsiniz.<\/p>\n","protected":false},"excerpt":{"rendered":"<p>\u0130stanbul (Erkek) Lisesi, 10 sene \u00f6nce d\u00fczenlemeye ba\u015flad\u0131\u011f\u0131 Liseler Aras\u0131 K\u0131sa Film Yar\u0131\u015fmas\u0131\u2019n\u0131 bu sene de kald\u0131\u011f\u0131 yerden t\u00fcm h\u0131z\u0131yla devam ettiriyor. Yar\u0131\u015fma T\u00fcrkiye\u2019de d\u00fczenlenen ilk ve tek liseler aras\u0131 k\u0131sa film yar\u0131\u015fmas\u0131 olma \u00f6zelli\u011fine sahip. Ge\u00e7ti\u011fimiz sene T\u00fcrkiye\u2019nin d\u00f6rt bir yan\u0131ndan toplam 108 filme ev sahipli\u011fiyapan yar\u0131\u015fma, bu sene daha \u00e7ok gence ula\u015fmay\u0131 ama\u00e7l\u0131yor. [&hellip;]<\/p>\n","protected":false},"author":1,"featured_media":0,"comment_status":"open","ping_status":"closed","sticky":false,"template":"","format":"standard","meta":{"_acf_changed":false,"footnotes":""},"categories":[69,36],"tags":[1771,1772,1332,127],"class_list":{"0":"post-27098","1":"post","2":"type-post","3":"status-publish","4":"format-standard","6":"category-etkinlik","7":"category-fantastik-perde","8":"tag-ahmet-mumtaz-taylan","9":"tag-istanbul","10":"tag-kisa-film","11":"tag-yarisma"},"acf":[],"_links":{"self":[{"href":"https:\/\/www.kayiprihtim.org\/portal\/wp-json\/wp\/v2\/posts\/27098","targetHints":{"allow":["GET"]}}],"collection":[{"href":"https:\/\/www.kayiprihtim.org\/portal\/wp-json\/wp\/v2\/posts"}],"about":[{"href":"https:\/\/www.kayiprihtim.org\/portal\/wp-json\/wp\/v2\/types\/post"}],"author":[{"embeddable":true,"href":"https:\/\/www.kayiprihtim.org\/portal\/wp-json\/wp\/v2\/users\/1"}],"replies":[{"embeddable":true,"href":"https:\/\/www.kayiprihtim.org\/portal\/wp-json\/wp\/v2\/comments?post=27098"}],"version-history":[{"count":0,"href":"https:\/\/www.kayiprihtim.org\/portal\/wp-json\/wp\/v2\/posts\/27098\/revisions"}],"wp:attachment":[{"href":"https:\/\/www.kayiprihtim.org\/portal\/wp-json\/wp\/v2\/media?parent=27098"}],"wp:term":[{"taxonomy":"category","embeddable":true,"href":"https:\/\/www.kayiprihtim.org\/portal\/wp-json\/wp\/v2\/categories?post=27098"},{"taxonomy":"post_tag","embeddable":true,"href":"https:\/\/www.kayiprihtim.org\/portal\/wp-json\/wp\/v2\/tags?post=27098"}],"curies":[{"name":"wp","href":"https:\/\/api.w.org\/{rel}","templated":true}]}}