{"id":27173,"date":"2013-04-06T18:53:17","date_gmt":"2013-04-06T15:53:17","guid":{"rendered":"http:\/\/www.kayiprihtim.org\/portal\/?p=27173"},"modified":"2013-04-06T21:39:58","modified_gmt":"2013-04-06T18:39:58","slug":"samataci-suclular-ve-daha-fazlasi-bizlerle","status":"publish","type":"post","link":"https:\/\/www.kayiprihtim.org\/portal\/2013\/04\/06\/samataci-suclular-ve-daha-fazlasi-bizlerle\/","title":{"rendered":"\u015eamatac\u0131 Su\u00e7lular ve Daha Fazlas\u0131 Bizlerle"},"content":{"rendered":"<p style=\"text-align: center;\"><img fetchpriority=\"high\" decoding=\"async\" class=\"aligncenter size-full wp-image-27067\" alt=\"\" src=\"https:\/\/www.kayiprihtim.org\/portal\/gorsel\/samataci-suclular-top.jpg\" width=\"467\" height=\"165\" srcset=\"https:\/\/www.kayiprihtim.org\/portal\/gorsel\/samataci-suclular-top.jpg 467w, https:\/\/www.kayiprihtim.org\/portal\/gorsel\/samataci-suclular-top-300x105.jpg 300w\" sizes=\"(max-width: 467px) 100vw, 467px\" \/><\/p>\n<p>D\u00fc\u015f\u00fcn\u00fcn bir; 11 ayr\u0131 kafa, 11 ayr\u0131 kalem, 11 ayr\u0131 yazar. Bu 11 yazar bir araya gelir ve akla zarar \u00f6yk\u00fcler kaleme al\u0131rlar. Sonra bunlar\u0131 bir kitapta toplar, ad\u0131na da &#8220;<em>\u015eamatac\u0131 Su\u00e7lular ve daha fazlas\u0131&#8230;<\/em>&#8221; derler.<\/p>\n<p>D\u00fc\u015f\u00fcnd\u00fcn\u00fcz m\u00fc? Asl\u0131nda buna gerek kalmad\u0131. Bu bahsetti\u011fimiz 11 isim, az \u00f6nce yazd\u0131klar\u0131m\u0131z\u0131 bizler i\u00e7in d\u00fc\u015f\u00fcnd\u00fc, <a href=\"https:\/\/www.kayiprihtim.org\/portal\/yayinevi\/ithaki-yayinlari\/\"><em>\u0130thaki Yay\u0131nlar\u0131<\/em><\/a> da bunu T\u00fcrk\u00e7e olarak okurlara sundu. Ve &#8220;<a title=\"\u015eamatac\u0131 Su\u00e7lular ve Daha Fazlas\u0131\" href=\"https:\/\/www.kayiprihtim.org\/portal\/kitap\/samataci-suclular-ve-daha-fazlasi\/\"><span style=\"font-size: medium; color: #993300;\"><strong>\u015eamatac\u0131 Su\u00e7lular ve Daha Fazlas\u0131<\/strong><\/span><\/a>&#8221; ismiyle raflar\u0131m\u0131za geldi.<\/p>\n<p><a href=\"https:\/\/www.kayiprihtim.org\/portal\/kitap\/samataci-suclular-ve-daha-fazlasi\/\"><img decoding=\"async\" class=\"alignright size-medium wp-image-27055\" alt=\"\u015eamatac\u0131 Su\u00e7lular ve Daha Fazlas\u0131\" src=\"https:\/\/www.kayiprihtim.org\/portal\/gorsel\/samataci-suclular-199x300.jpg\" width=\"176\" height=\"266\" srcset=\"https:\/\/www.kayiprihtim.org\/portal\/gorsel\/samataci-suclular-199x300.jpg 199w, https:\/\/www.kayiprihtim.org\/portal\/gorsel\/samataci-suclular.jpg 354w\" sizes=\"(max-width: 176px) 100vw, 176px\" \/><\/a>Bu kitap son derece tehlikeli \u015feylerle dolu: \u015eamatac\u0131 su\u00e7lular, dost canl\u0131s\u0131 olmayan su kabarc\u0131klar\u0131 ve ne hissetti\u011finize ba\u011fl\u0131 olarak, belki de o kadar korkutucu olmayan ba\u015fka \u015feyler; kay\u0131p bir \u00fclke, sahipsiz cep telefonlar\u0131, g\u00f6ky\u00fcz\u00fcnden gelen yarat\u0131klar, Peru\u2019da kaybolan ebeveynler, Lars Farf adl\u0131 bir adam ve tam olarak bitmemi\u015f ba\u015fka bir hik\u00e2ye\u2026<\/p>\n<p>Yazarlar\u0131 listelemek gerekirse:<\/p>\n<blockquote><p><em><strong>Clement Freud, George Saunders, James Kochalka, Jeanne DuPrau, Jon Scieszka, Jonathan Safran Foer, Kelly Link, Lemony Snicket, <a href=\"https:\/\/www.kayiprihtim.org\/portal\/yazar\/neil-gaiman\/\">Neil Gaiman<\/a>, Nick Hornby, Richard Kennedy, Sam Swope<\/strong><\/em><\/p><\/blockquote>\n<p>Ve \u015fimdi, <em>\u0130thaki Yay\u0131nlar\u0131<\/em>\u2019n\u0131n <em>Kay\u0131p R\u0131ht\u0131m<\/em>\u2019a \u00f6zel, kitap i\u00e7inden bir \u00f6yk\u00fcy\u00fc payla\u015ft\u0131\u011f\u0131 ana geldi s\u0131ra. Evet, yanl\u0131\u015f duymad\u0131n\u0131z. Kitab\u0131n i\u00e7inden bir \u00f6yk\u00fcn\u00fcn tamam\u0131n\u0131, g\u00f6rselleriyle beraber sizinle payla\u015f\u0131yoruz. <em><strong>Sam Swope<\/strong><\/em>\u2019un kaleme ald\u0131\u011f\u0131 <span style=\"font-size: medium;\"><strong>Seymour\u2019un Son Dile\u011fi<\/strong><\/span> adl\u0131 \u00f6yk\u00fc huzurlar\u0131n\u0131zda. Okumak i\u00e7in <a href=\"https:\/\/docs.google.com\/file\/d\/0B13qnl0NMEnbMHItaXlaY0VWcU0\/edit?pli=1\" target=\"_blank\" rel=\"nofollow noopener\"><span style=\"font-size: large; font-family: georgia,palatino;\"><strong>BURAYA<\/strong><\/span><\/a> t\u0131klayabilirsiniz.<\/p>\n<p>\u00c7evirisini <a href=\"https:\/\/www.kayiprihtim.org\/portal\/cevirmen\/sevinc-kayir\/\" rel=\"tag\">Sevin\u00e7 Kay\u0131r<\/a>\u2019\u0131n yapt\u0131\u011f\u0131, yay\u0131na haz\u0131rl\u0131\u011f\u0131n\u0131 ise <em>\u015eeyda \u0130\u015fler<\/em>\u2019in \u00fcstlendi\u011fi kitab\u0131n tan\u0131t\u0131m ve k\u00fcnye bilgilerine <a title=\"\u015eamatac\u0131 Su\u00e7lular ve Daha Fazlas\u0131\" href=\"https:\/\/www.kayiprihtim.org\/portal\/kitap\/samataci-suclular-ve-daha-fazlasi\/\"><span style=\"font-size: medium;\"><strong>buradan<\/strong><\/span><\/a> ula\u015fabilirsiniz.<\/p>\n","protected":false},"excerpt":{"rendered":"<p>D\u00fc\u015f\u00fcn\u00fcn bir; 11 ayr\u0131 kafa, 11 ayr\u0131 kalem, 11 ayr\u0131 yazar. Bu 11 yazar bir araya gelir ve akla zarar \u00f6yk\u00fcler kaleme al\u0131rlar. Sonra bunlar\u0131 bir kitapta toplar, ad\u0131na da &#8220;\u015eamatac\u0131 Su\u00e7lular ve daha fazlas\u0131&#8230;&#8221; derler. D\u00fc\u015f\u00fcnd\u00fcn\u00fcz m\u00fc? Asl\u0131nda buna gerek kalmad\u0131. Bu bahsetti\u011fimiz 11 isim, az \u00f6nce yazd\u0131klar\u0131m\u0131z\u0131 bizler i\u00e7in d\u00fc\u015f\u00fcnd\u00fc, \u0130thaki Yay\u0131nlar\u0131 da [&hellip;]<\/p>\n","protected":false},"author":1,"featured_media":0,"comment_status":"open","ping_status":"closed","sticky":false,"template":"","format":"standard","meta":{"_acf_changed":false,"footnotes":""},"categories":[3,1053],"tags":[1779,1780,116,1781,1782,1783,1784,9194,1785,136,134,1786,1787,1788,797,1670,968],"class_list":{"0":"post-27173","1":"post","2":"type-post","3":"status-publish","4":"format-standard","6":"category-fantastik-kitaplar","7":"category-on-okumalar","8":"tag-clement-freud","9":"tag-george-saunders","10":"tag-ithaki-yayinlari","11":"tag-james-kochalka","12":"tag-jeanne-duprau","13":"tag-jon-scieszka","14":"tag-jonathan-safran-foer","15":"tag-kayip-rihtim","16":"tag-kelly-link","17":"tag-lemony-snicket","18":"tag-neil-gaiman","19":"tag-nick-hornby","20":"tag-richard-kennedy","21":"tag-sam-swope","22":"tag-sevinc-kayir","23":"tag-seyda-isler","24":"tag-sukru-karakoc"},"acf":[],"_links":{"self":[{"href":"https:\/\/www.kayiprihtim.org\/portal\/wp-json\/wp\/v2\/posts\/27173","targetHints":{"allow":["GET"]}}],"collection":[{"href":"https:\/\/www.kayiprihtim.org\/portal\/wp-json\/wp\/v2\/posts"}],"about":[{"href":"https:\/\/www.kayiprihtim.org\/portal\/wp-json\/wp\/v2\/types\/post"}],"author":[{"embeddable":true,"href":"https:\/\/www.kayiprihtim.org\/portal\/wp-json\/wp\/v2\/users\/1"}],"replies":[{"embeddable":true,"href":"https:\/\/www.kayiprihtim.org\/portal\/wp-json\/wp\/v2\/comments?post=27173"}],"version-history":[{"count":0,"href":"https:\/\/www.kayiprihtim.org\/portal\/wp-json\/wp\/v2\/posts\/27173\/revisions"}],"wp:attachment":[{"href":"https:\/\/www.kayiprihtim.org\/portal\/wp-json\/wp\/v2\/media?parent=27173"}],"wp:term":[{"taxonomy":"category","embeddable":true,"href":"https:\/\/www.kayiprihtim.org\/portal\/wp-json\/wp\/v2\/categories?post=27173"},{"taxonomy":"post_tag","embeddable":true,"href":"https:\/\/www.kayiprihtim.org\/portal\/wp-json\/wp\/v2\/tags?post=27173"}],"curies":[{"name":"wp","href":"https:\/\/api.w.org\/{rel}","templated":true}]}}