{"id":27607,"date":"2013-04-28T03:24:13","date_gmt":"2013-04-28T00:24:13","guid":{"rendered":"http:\/\/www.kayiprihtim.org\/portal\/?p=27607"},"modified":"2014-04-25T08:33:19","modified_gmt":"2014-04-25T05:33:19","slug":"2012-gio-odulleri-sahiplerini-buldu","status":"publish","type":"post","link":"https:\/\/www.kayiprihtim.org\/portal\/2013\/04\/28\/2012-gio-odulleri-sahiplerini-buldu\/","title":{"rendered":"1. G\u0130O \u00d6d\u00fclleri Sahiplerini Buldu!"},"content":{"rendered":"<p style=\"text-align: center;\"><img fetchpriority=\"high\" decoding=\"async\" class=\"aligncenter size-full wp-image-27618\" src=\"https:\/\/www.kayiprihtim.org\/portal\/gorsel\/gio-odul.jpg\" alt=\"\" width=\"467\" height=\"350\" srcset=\"https:\/\/www.kayiprihtim.org\/portal\/gorsel\/gio-odul.jpg 467w, https:\/\/www.kayiprihtim.org\/portal\/gorsel\/gio-odul-300x224.jpg 300w\" sizes=\"(max-width: 467px) 100vw, 467px\" \/><\/p>\n<p><strong>Hayal kurman\u0131n \u00f6zg\u00fcrle\u015ftirdi\u011fini kan\u0131tlayan <span style=\"color: #993300;\">FAB\u0130SAD<\/span>\u2019\u0131n d\u00fczenledi\u011fi <span style=\"font-size: medium; color: #800000;\">G\u0130O \u00d6d\u00fclleri<\/span> birka\u00e7 saat \u00f6nce <em>\u0130talyan K\u00fclt\u00fcr Merkezi<\/em>\u2019nde yap\u0131ld\u0131. Ve b\u00f6ylece ilk \u00f6d\u00fcller de sahiplerini bulmu\u015f oldu.<\/strong><\/p>\n<p>Yakla\u015f\u0131k olarak bir saat s\u00fcren, fantazya ve bilimkurgu camias\u0131ndan hemen hemen t\u00fcm isimlerin kat\u0131ld\u0131\u011f\u0131 t\u00f6rene ilgi olduk\u00e7a b\u00fcy\u00fckt\u00fc. T\u00f6renin sunuculu\u011funu yazarlar <a title=\"G\u00fcl\u015fah Elikbank\" href=\"https:\/\/www.kayiprihtim.org\/portal\/yazar\/gulsah-elikbank\/\"><em><strong>G\u00fcl\u015fah Elikbank<\/strong><\/em><\/a> ve <a title=\"Hamit \u00c7a\u011flar \u00d6zda\u011f\" href=\"https:\/\/www.kayiprihtim.org\/portal\/yazar\/hamit-caglar-ozdag\/\"><em><strong>Hamit \u00c7a\u011flar \u00d6zda\u011f<\/strong><\/em><\/a> \u00fcstlendi. Dernek ba\u015fkan\u0131 <a title=\"Yi\u011fit De\u011fer Bengi\" href=\"https:\/\/www.kayiprihtim.org\/portal\/yazar\/yigit-deger-bengi\/\"><em><strong>Yi\u011fit De\u011fer Bengi<\/strong><\/em><\/a>\u2019nin konu\u015fmas\u0131yla ba\u015flayan \u00f6d\u00fcl t\u00f6reni, <a href=\"https:\/\/www.kayiprihtim.org\/portal\/tag\/bulent-somay\/\"><em><strong>B\u00fclent Somay<\/strong><\/em><\/a>\u2019\u0131n &#8220;<em>Bilimkurgu ve Fantazya<\/em>&#8221; temal\u0131 sohbetiyle devam etti. Ve daha sonra da s\u0131ra \u00f6d\u00fcllerin a\u00e7\u0131klanmas\u0131na geldi.<\/p>\n<p>\u0130lk olarak <span style=\"text-decoration: underline;\"><span style=\"font-size: medium;\">En \u0130yi \u00d6yk\u00fc<\/span><\/span> \u00f6d\u00fcl\u00fc sahibini buldu. J\u00fcri \u00fcyelerinin ve adaylar\u0131n tan\u0131t\u0131m\u0131 ve \u00f6yk\u00fclerden k\u0131sa kesitlerin okunmas\u0131 sonras\u0131 \u00f6d\u00fcl\u00fcn sahibi &#8220;<span style=\"font-size: medium; color: #993300;\"><strong>Balanka Olmak<\/strong><\/span>&#8221; adl\u0131 \u00f6yk\u00fcs\u00fc ile <span style=\"font-size: medium;\"><strong>G\u00fclbike Berkkam<\/strong><\/span> oldu.<\/p>\n<p>Ve sonras\u0131nda s\u0131ra <span style=\"text-decoration: underline; font-size: medium;\">En \u0130yi \u0130ll\u00fcstrasyon<\/span> \u00f6d\u00fcl\u00fcne ge\u00e7ildi. Yine benzer tan\u0131t\u0131mlar sonras\u0131 \u00f6d\u00fcl\u00fcn kazanan\u0131 &#8220;<span style=\"font-size: medium; color: #993300;\"><strong>Karabasan<\/strong><\/span>&#8221; adl\u0131 \u00e7izimiyle <span style=\"font-size: medium;\"><strong>Mehmet \u00d6zen<\/strong><\/span> olarak a\u00e7\u0131kland\u0131.<\/p>\n<figure id=\"attachment_27612\" aria-describedby=\"caption-attachment-27612\" style=\"width: 147px\" class=\"wp-caption alignright\"><a href=\"https:\/\/www.kayiprihtim.org\/portal\/kitap\/sairin-romani\/\"><img decoding=\"async\" class=\"size-medium wp-image-27612\" src=\"https:\/\/www.kayiprihtim.org\/portal\/gorsel\/sairin-romani-199x300.jpg\" alt=\"\u015eairin Roman\u0131\" width=\"147\" height=\"222\" srcset=\"https:\/\/www.kayiprihtim.org\/portal\/gorsel\/sairin-romani-199x300.jpg 199w, https:\/\/www.kayiprihtim.org\/portal\/gorsel\/sairin-romani.jpg 270w\" sizes=\"(max-width: 147px) 100vw, 147px\" \/><\/a><figcaption id=\"caption-attachment-27612\" class=\"wp-caption-text\">\u015eairin Roman\u0131<\/figcaption><\/figure>\n<p>Son olarak <span style=\"text-decoration: underline; font-size: medium;\">En \u0130yi Roman<\/span> dal\u0131nda kazanan a\u00e7\u0131kland\u0131. Adaylar\u0131n kitaplar\u0131n\u0131n k\u0131sa tan\u0131t\u0131m\u0131 ve yine j\u00fcri \u00fcyelerinin okunmas\u0131ndan sonra bu \u00f6d\u00fcl\u00fcn ilk sahibi &#8220;<a title=\"\u015eairin Roman\u0131\" href=\"https:\/\/www.kayiprihtim.org\/portal\/kitap\/sairin-romani\/\"><span style=\"font-size: medium; color: #993300;\"><strong>\u015eairin Roman\u0131<\/strong><\/span><\/a>&#8221; adl\u0131 kitab\u0131 ile <a title=\"Murathan Mungan\" href=\"https:\/\/www.kayiprihtim.org\/portal\/yazar\/murathan-mungan\/\"><span style=\"font-size: medium; color: #000000;\"><strong>Murathan Mungan<\/strong><\/span><\/a> oldu.<\/p>\n<p>Di\u011fer adayl\u0131klar\u0131 da belirtmek gerekirse,<\/p>\n<p style=\"padding-left: 30px;\"><em>\u00d6yk\u00fc \u00f6d\u00fclleri;<\/em> <strong>G\u00fcrkan Ulu\u00e7han, Hakan Balc\u0131, Mehmet Berk Yalt\u0131r\u0131k <\/strong>ve<strong> Sevgi Sayg\u0131<\/strong><\/p>\n<p style=\"padding-left: 30px;\"><em>\u0130ll\u00fcstrasyon \u00f6d\u00fclleri;<\/em> <strong>Ahmet O\u011fuz Demir, Melih Y\u0131lmaz, \u00d6mer Tun\u00e7 <\/strong>ve<strong> Sel\u00e7uk Ko\u00e7man<\/strong><\/p>\n<p style=\"text-align: left; padding-left: 30px;\"><em>Roman \u00f6d\u00fclleri;<\/em> <a class=\"tooltip yellow-tooltip\" href=\"https:\/\/www.kayiprihtim.org\/portal\/kitap\/kayip-ruhun-zindani\/\"><strong>Ayfer Kafkas<\/strong>Kay\u0131p Ruhun Zindan\u0131<\/a>, <a class=\"tooltip yellow-tooltip\" href=\"https:\/\/www.kayiprihtim.org\/portal\/kitap\/samanlar-diyari\/\"><strong><strong>Bar\u0131\u015f M\u00fcstecapl\u0131o\u011flu<\/strong><\/strong>\u015eamanlar Diyar\u0131<\/a>, <a class=\"tooltip yellow-tooltip\" href=\"https:\/\/www.kayiprihtim.org\/portal\/kitap\/upirlerin-fisiltisi\/\"><strong><strong>\u00c7a\u011fan Dikenelli<\/strong><\/strong>Upirlerin F\u0131s\u0131lt\u0131s\u0131<\/a>, <a class=\"tooltip yellow-tooltip\" href=\"https:\/\/www.kayiprihtim.org\/portal\/kitap\/varolmayanlar\/\"><strong><strong>Do\u011fu Y\u00fccel<\/strong><\/strong>Varolmayanlar<\/a>, <a class=\"tooltip yellow-tooltip\" href=\"https:\/\/www.kayiprihtim.org\/portal\/kitap\/beslerin-cagi\/\"><strong><strong>Erbu\u011f Kaya<\/strong><\/strong>Be\u015flerin \u00c7a\u011f\u0131<\/a>, <a class=\"tooltip yellow-tooltip\" href=\"https:\/\/www.kayiprihtim.org\/portal\/kitap\/siyah-koku\/\"><strong><strong>G\u00fclay\u015fe Ko\u00e7ak<\/strong><\/strong>Siyah Koku<\/a>, <a class=\"tooltip yellow-tooltip\" href=\"https:\/\/www.kayiprihtim.org\/portal\/kitap\/yedinci-gun\/\"><strong><strong>\u0130hsan Oktay Anar<\/strong><\/strong>Yedinci G\u00fcn<\/a>, <a class=\"tooltip yellow-tooltip\" href=\"https:\/\/www.kayiprihtim.org\/portal\/kitap\/cennetin-kalintilari\/\"><strong><strong>Levent \u015eeny\u00fcrek<\/strong><\/strong>Cennetin Kal\u0131nt\u0131lar\u0131 <\/a> ve <a class=\"tooltip yellow-tooltip\" href=\"https:\/\/www.kayiprihtim.org\/portal\/kitap\/agriyan\/\"><strong><strong>Sad\u0131k Yemni<\/strong><\/strong>A\u011fr\u0131yan<\/a><\/p>\n<p>Kazananlar\u0131n yan\u0131nda adaylara da ba\u015far\u0131 \u00f6d\u00fclleri verildi. Sponsorlar ve j\u00fcri \u00fcyeleri de katk\u0131lar\u0131ndan dolay\u0131 birer plaketle \u00f6d\u00fcllendirildi.<\/p>\n<p>Olduk\u00e7a e\u011flenceli ge\u00e7en bu \u00f6d\u00fcl t\u00f6reni i\u00e7in t\u00fcm <a href=\"http:\/\/www.fabisad.com\/\" target=\"_blank\" rel=\"nofollow noopener\"><strong>FAB\u0130SAD<\/strong> <\/a>ekibine ve kat\u0131l\u0131mc\u0131lara sonuz te\u015fekk\u00fcrler. Tebrikler! Umuyoruz uzun y\u0131llar ayn\u0131 \u015fekilde keyifli ge\u00e7ecek, daha b\u00fcy\u00fck ve geni\u015f \u00e7apta kat\u0131l\u0131mlar\u0131 a\u011f\u0131rlayabilecek nice \u00f6d\u00fcl t\u00f6renlerine \u015fahitlik ederiz&#8230;<\/p>\n<p>T\u00f6rende \u00e7ekti\u011fimiz foto\u011fraflar i\u00e7in <a href=\"https:\/\/www.facebook.com\/media\/set\/?set=a.553400648044420.1073741830.100001234705332\" target=\"_blank\" rel=\"nofollow noopener\"><span style=\"font-size: medium;\"><strong>BURAYA<\/strong><\/span><\/a> t\u0131klayabilirsiniz.<\/p>\n","protected":false},"excerpt":{"rendered":"<p>Hayal kurman\u0131n \u00f6zg\u00fcrle\u015ftirdi\u011fini kan\u0131tlayan FAB\u0130SAD\u2019\u0131n d\u00fczenledi\u011fi G\u0130O \u00d6d\u00fclleri birka\u00e7 saat \u00f6nce \u0130talyan K\u00fclt\u00fcr Merkezi\u2019nde yap\u0131ld\u0131. Ve b\u00f6ylece ilk \u00f6d\u00fcller de sahiplerini bulmu\u015f oldu. Yakla\u015f\u0131k olarak bir saat s\u00fcren, fantazya ve bilimkurgu camias\u0131ndan hemen hemen t\u00fcm isimlerin kat\u0131ld\u0131\u011f\u0131 t\u00f6rene ilgi olduk\u00e7a b\u00fcy\u00fckt\u00fc. T\u00f6renin sunuculu\u011funu yazarlar G\u00fcl\u015fah Elikbank ve Hamit \u00c7a\u011flar \u00d6zda\u011f \u00fcstlendi. Dernek ba\u015fkan\u0131 Yi\u011fit De\u011fer [&hellip;]<\/p>\n","protected":false},"author":1,"featured_media":0,"comment_status":"open","ping_status":"closed","sticky":false,"template":"","format":"standard","meta":{"_acf_changed":false,"footnotes":""},"categories":[1801,69],"tags":[1282,641,1822,317,1837,830,1159,700,1820,514,1514,1215,1238,1818,580,1838,750,792,1819,218,45,1452,1836,1821,657,1823,211,1302,46,1000,1495,304,1450],"class_list":{"0":"post-27607","1":"post","2":"type-post","3":"status-publish","4":"format-standard","6":"category-edebiyat-odulleri","7":"category-etkinlik","8":"tag-agriyan","9":"tag-altay-oktem","10":"tag-asuman-kafaoglu-buke","11":"tag-baris-mustecaplioglu","12":"tag-beslerin-cagi","13":"tag-bulent-somay","14":"tag-dogan-hizlan","15":"tag-dogu-yucel","16":"tag-ergun-gunduz","17":"tag-ertac-altinoz","18":"tag-esrarname","19":"tag-fabisad","20":"tag-giddar","21":"tag-gio-odulleri","22":"tag-giovanni-scognamillo","23":"tag-gulbike-berkkam","24":"tag-gulsah-elikbank","25":"tag-hamit-caglar-ozdag","26":"tag-italyan-kultur-merkezi","27":"tag-kerem-beyit","28":"tag-kutlukhan-kutlu","29":"tag-mehmet-berk-yaltirik","30":"tag-mehmet-ozen","31":"tag-melike-acar","32":"tag-murathan-mungan","33":"tag-omer-turkes","34":"tag-sadik-yemni","35":"tag-samanlar-diyari","36":"tag-sevin-okyay","37":"tag-varolmayanlar","38":"tag-yedinci-gun","39":"tag-yigit-deger-bengi","40":"tag-yildiray-cinar"},"acf":[],"_links":{"self":[{"href":"https:\/\/www.kayiprihtim.org\/portal\/wp-json\/wp\/v2\/posts\/27607","targetHints":{"allow":["GET"]}}],"collection":[{"href":"https:\/\/www.kayiprihtim.org\/portal\/wp-json\/wp\/v2\/posts"}],"about":[{"href":"https:\/\/www.kayiprihtim.org\/portal\/wp-json\/wp\/v2\/types\/post"}],"author":[{"embeddable":true,"href":"https:\/\/www.kayiprihtim.org\/portal\/wp-json\/wp\/v2\/users\/1"}],"replies":[{"embeddable":true,"href":"https:\/\/www.kayiprihtim.org\/portal\/wp-json\/wp\/v2\/comments?post=27607"}],"version-history":[{"count":0,"href":"https:\/\/www.kayiprihtim.org\/portal\/wp-json\/wp\/v2\/posts\/27607\/revisions"}],"wp:attachment":[{"href":"https:\/\/www.kayiprihtim.org\/portal\/wp-json\/wp\/v2\/media?parent=27607"}],"wp:term":[{"taxonomy":"category","embeddable":true,"href":"https:\/\/www.kayiprihtim.org\/portal\/wp-json\/wp\/v2\/categories?post=27607"},{"taxonomy":"post_tag","embeddable":true,"href":"https:\/\/www.kayiprihtim.org\/portal\/wp-json\/wp\/v2\/tags?post=27607"}],"curies":[{"name":"wp","href":"https:\/\/api.w.org\/{rel}","templated":true}]}}