{"id":27900,"date":"2013-05-19T15:43:32","date_gmt":"2013-05-19T12:43:32","guid":{"rendered":"http:\/\/www.kayiprihtim.org\/portal\/?p=27900"},"modified":"2013-05-19T15:55:07","modified_gmt":"2013-05-19T12:55:07","slug":"fuzyon-raflarda","status":"publish","type":"post","link":"https:\/\/www.kayiprihtim.org\/portal\/2013\/05\/19\/fuzyon-raflarda\/","title":{"rendered":"&#8220;F\u00fczyon&#8221; Raflarda"},"content":{"rendered":"<p><img fetchpriority=\"high\" decoding=\"async\" class=\"aligncenter size-full wp-image-27916\" alt=\"\" src=\"https:\/\/www.kayiprihtim.org\/portal\/gorsel\/fuzyon-top.jpg\" width=\"467\" height=\"161\" srcset=\"https:\/\/www.kayiprihtim.org\/portal\/gorsel\/fuzyon-top.jpg 467w, https:\/\/www.kayiprihtim.org\/portal\/gorsel\/fuzyon-top-300x103.jpg 300w\" sizes=\"(max-width: 467px) 100vw, 467px\" \/><\/p>\n<p><em><strong>Julianna Baggott<\/strong><\/em>\u2019un kaleme ald\u0131\u011f\u0131, &#8220;<a title=\"F\u00fczyon\" href=\"https:\/\/www.kayiprihtim.org\/portal\/kitap\/fuzyon\/\"><span style=\"font-size: medium; color: #993300;\"><strong>F\u00fczyon<\/strong><\/span><\/a>&#8221; raflarda. Kitap, geleceklerini kurtarmak ve d\u00fcnyan\u0131n kaderini degi\u015ftirmek i\u00e7in m\u00fccadele eden insanlar\u0131n nefes kesen hik\u00e2yesini konu al\u0131yor.<\/p>\n<p><em>\u201cTalebimizi reddederseniz, rehineleri \u00f6ld\u00fcrece\u011fiz.\u201d<\/em><\/p>\n<p><a href=\"https:\/\/www.kayiprihtim.org\/portal\/kitap\/fuzyon\/\"><img decoding=\"async\" class=\"alignright size-medium wp-image-27910\" alt=\"F\u00fczyon\" src=\"https:\/\/www.kayiprihtim.org\/portal\/gorsel\/fuzyon-208x300.jpg\" width=\"208\" height=\"300\" srcset=\"https:\/\/www.kayiprihtim.org\/portal\/gorsel\/fuzyon-208x300.jpg 208w, https:\/\/www.kayiprihtim.org\/portal\/gorsel\/fuzyon.jpg 548w\" sizes=\"(max-width: 208px) 100vw, 208px\" \/><\/a>K\u0131yamet g\u00fcn\u00fc gelip de \u0130nfilaklar ya\u015fand\u0131\u011f\u0131nda, Kubbe\u2019dekiler g\u00fcvendeydi. Hayatta kalan d\u0131\u015far\u0131daki peri\u015fanlar, k\u00fcl\u00fcn ve duman\u0131n ortas\u0131nda ya\u015fam sava\u015f\u0131 verirken, P\u00fcrler s\u0131r\u00e7a k\u00f6\u015fklerinde yara almadan hayatlar\u0131na devam etmi\u015fti.<\/p>\n<p>\u015eimdiyse P\u00fcrlerin \u00f6nderi Willux o\u011flunu geri almak ad\u0131na hayatta kalanlara kar\u015f\u0131 korkun\u00e7 bir sald\u0131r\u0131 d\u00fczenliyor. Ona kar\u015f\u0131 m\u00fccadele etmek i\u00e7in k\u00fc\u00e7\u00fck bir grup biraraya geliyor: sava\u015f\u00e7\u0131 Lyda, devrimci Bradwell, muhaf\u0131z El Capitan ve gizemli ge\u00e7mi\u015fi pe\u015fini bir t\u00fcrl\u00fc b\u0131rakmayan Pressia, Evveliyat\u2019a dair bir dizi \u015fifreli ipucunu \u00e7\u00f6z\u00fcp hayatta kalanlar\u0131 kurtarmaya \u00e7al\u0131\u015f\u0131yor.<\/p>\n<blockquote><p>\u201cBaggott, vah\u015fetten, kara mizahtan ve iyi yaz\u0131lm\u0131\u015f g\u00fc\u00e7l\u00fc diyaloglardan basar\u0131l\u0131 bir alt t\u00fcr yaratm\u0131\u015f .\u201d<br \/>\n<strong>-Publishers Weekly-<\/strong><\/p><\/blockquote>\n<p>Grotesk bir anar\u015finin h\u00fck\u00fcm s\u00fcrd\u00fcg\u00fc bir d\u00fcnyay\u0131 anlatan post-apokaliptik seri, <a title=\"P\u00fcr\" href=\"https:\/\/www.kayiprihtim.org\/portal\/kitap\/pur\/\"><em><strong>P\u00fcr<\/strong><\/em><\/a>\u2019den sonra, &#8220;<a title=\"F\u00fczyon\" href=\"https:\/\/www.kayiprihtim.org\/portal\/kitap\/fuzyon\/\"><strong>F\u00fczyon<\/strong><\/a>&#8221; ile okurunu bamba\u015fka korkularla y\u00fczle\u015ftiriyor.<\/p>\n<p>Kitab\u0131n yay\u0131nevi taraf\u0131ndan yay\u0131mlanan \u00d6N OKUMAs\u0131na <a href=\"https:\/\/docs.google.com\/file\/d\/0BxFXB0sgLgW2M3JOMzlNbnZjZTQ\/edit?usp=sharing\" target=\"_blank\" rel=\"nofollow noopener\"><span style=\"font-size: medium;\"><strong>BURADAN<\/strong><\/span><\/a> ula\u015fabilirsiniz!<\/p>\n<p>\u00c7evirisini <a title=\"Belgin Selen Haktan\u0131r\" href=\"https:\/\/www.kayiprihtim.org\/portal\/cevirmen\/belgin-selen-haktanir\/\"><em>Belgin Selen Haktan\u0131r<\/em><\/a>\u2019\u0131n \u00fcstlendi\u011fi, <a href=\"https:\/\/www.kayiprihtim.org\/portal\/yayinevi\/dex-kitap\/\"><em>DEX Kitap<\/em><\/a>\u2019tan \u00e7\u0131kan roman\u0131n tan\u0131t\u0131m ve k\u00fcnye bilgileri i\u00e7in <a title=\"F\u00fczyon\" href=\"https:\/\/www.kayiprihtim.org\/portal\/kitap\/fuzyon\/\"><span style=\"font-size: medium;\"><strong>buraya<\/strong><\/span><\/a> t\u0131klayabilirsiniz.<\/p>\n","protected":false},"excerpt":{"rendered":"<p>Julianna Baggott\u2019un kaleme ald\u0131\u011f\u0131, &#8220;F\u00fczyon&#8221; raflarda. Kitap, geleceklerini kurtarmak ve d\u00fcnyan\u0131n kaderini degi\u015ftirmek i\u00e7in m\u00fccadele eden insanlar\u0131n nefes kesen hik\u00e2yesini konu al\u0131yor. \u201cTalebimizi reddederseniz, rehineleri \u00f6ld\u00fcrece\u011fiz.\u201d K\u0131yamet g\u00fcn\u00fc gelip de \u0130nfilaklar ya\u015fand\u0131\u011f\u0131nda, Kubbe\u2019dekiler g\u00fcvendeydi. Hayatta kalan d\u0131\u015far\u0131daki peri\u015fanlar, k\u00fcl\u00fcn ve duman\u0131n ortas\u0131nda ya\u015fam sava\u015f\u0131 verirken, P\u00fcrler s\u0131r\u00e7a k\u00f6\u015fklerinde yara almadan hayatlar\u0131na devam etmi\u015fti. \u015eimdiyse P\u00fcrlerin [&hellip;]<\/p>\n","protected":false},"author":1,"featured_media":0,"comment_status":"open","ping_status":"closed","sticky":false,"template":"","format":"standard","meta":{"_acf_changed":false,"footnotes":""},"categories":[3,1053],"tags":[183,643,1905,381],"class_list":{"0":"post-27900","1":"post","2":"type-post","3":"status-publish","4":"format-standard","6":"category-fantastik-kitaplar","7":"category-on-okumalar","8":"tag-belgin-selen-haktanir","9":"tag-dex-kitap","10":"tag-julianna-baggott","11":"tag-publishers-weekly"},"acf":[],"_links":{"self":[{"href":"https:\/\/www.kayiprihtim.org\/portal\/wp-json\/wp\/v2\/posts\/27900","targetHints":{"allow":["GET"]}}],"collection":[{"href":"https:\/\/www.kayiprihtim.org\/portal\/wp-json\/wp\/v2\/posts"}],"about":[{"href":"https:\/\/www.kayiprihtim.org\/portal\/wp-json\/wp\/v2\/types\/post"}],"author":[{"embeddable":true,"href":"https:\/\/www.kayiprihtim.org\/portal\/wp-json\/wp\/v2\/users\/1"}],"replies":[{"embeddable":true,"href":"https:\/\/www.kayiprihtim.org\/portal\/wp-json\/wp\/v2\/comments?post=27900"}],"version-history":[{"count":0,"href":"https:\/\/www.kayiprihtim.org\/portal\/wp-json\/wp\/v2\/posts\/27900\/revisions"}],"wp:attachment":[{"href":"https:\/\/www.kayiprihtim.org\/portal\/wp-json\/wp\/v2\/media?parent=27900"}],"wp:term":[{"taxonomy":"category","embeddable":true,"href":"https:\/\/www.kayiprihtim.org\/portal\/wp-json\/wp\/v2\/categories?post=27900"},{"taxonomy":"post_tag","embeddable":true,"href":"https:\/\/www.kayiprihtim.org\/portal\/wp-json\/wp\/v2\/tags?post=27900"}],"curies":[{"name":"wp","href":"https:\/\/api.w.org\/{rel}","templated":true}]}}