{"id":27959,"date":"2013-05-22T21:39:52","date_gmt":"2013-05-22T18:39:52","guid":{"rendered":"http:\/\/www.kayiprihtim.org\/portal\/?p=27959"},"modified":"2013-05-22T21:49:35","modified_gmt":"2013-05-22T18:49:35","slug":"dante-denklemi-yeniden-raflarda","status":"publish","type":"post","link":"https:\/\/www.kayiprihtim.org\/portal\/2013\/05\/22\/dante-denklemi-yeniden-raflarda\/","title":{"rendered":"&#8220;Dante Denklemi&#8221; Yeniden Raflarda"},"content":{"rendered":"<p style=\"text-align: center;\"><img fetchpriority=\"high\" decoding=\"async\" class=\"aligncenter size-full wp-image-27960\" alt=\"\" src=\"https:\/\/www.kayiprihtim.org\/portal\/gorsel\/dante-denklemi-top.jpg\" width=\"467\" height=\"170\" srcset=\"https:\/\/www.kayiprihtim.org\/portal\/gorsel\/dante-denklemi-top.jpg 467w, https:\/\/www.kayiprihtim.org\/portal\/gorsel\/dante-denklemi-top-300x109.jpg 300w\" sizes=\"(max-width: 467px) 100vw, 467px\" \/><\/p>\n<p>Bilim ve mistisizm, iyilik ve k\u00f6t\u00fcl\u00fck, uzay ve zaman aras\u0131ndaki ili\u015fkiyi irdeleyen <em><strong>Jane Jensen<\/strong><\/em> imzal\u0131 &#8220;<a title=\"Dante Denklemi\" href=\"https:\/\/www.kayiprihtim.org\/portal\/kitap\/dante-denklemi\/\"><span style=\"font-size: medium; color: #993300;\"><strong>Dante Denklemi<\/strong><\/span><\/a>&#8221; yeni bask\u0131s\u0131yla raflardaki yerini tekrar ald\u0131.<\/p>\n<p>Haham Aharon Handalman\u2019\u0131n Tevrat\u2019\u0131n \u015fifreleri \u00fczerindeki uzmanl\u0131\u011f\u0131 -kutsal kitaplarda kelime ve harfleri yeniden d\u00fczenleme \u00e7al\u0131\u015fmas\u0131- bir adam\u0131n ismini ortaya \u00e7\u0131kard\u0131. <em>Yosef Kobinski<\/em> kimdir ve neden Tanr\u0131 onun ismini Kutsal Kitap\u2019a koymu\u015ftur? Cevaplar\u0131 bulmak i\u00e7in, Aharon bir ara\u015ft\u0131rma ba\u015flat\u0131r ve bir Polonez haham olan Kobinski\u2019nin sadece Kabala \u00fcstad\u0131 bir bilge de\u011fil, ayn\u0131 zamanda insanl\u0131k tarihinin belki de en \u00f6nemli \u00e7al\u0131\u015fmas\u0131n\u0131 yazm\u0131\u015f olan muhte\u015fem bir fizik\u00e7i oldu\u011funu \u00f6\u011frenir.<\/p>\n<p><a href=\"https:\/\/www.kayiprihtim.org\/portal\/kitap\/dante-denklemi\/\"><img decoding=\"async\" class=\"alignright size-medium wp-image-27953\" alt=\"Dante Denklemi\" src=\"https:\/\/www.kayiprihtim.org\/portal\/gorsel\/dante-denklemi-202x300.jpg\" width=\"202\" height=\"300\" srcset=\"https:\/\/www.kayiprihtim.org\/portal\/gorsel\/dante-denklemi-202x300.jpg 202w, https:\/\/www.kayiprihtim.org\/portal\/gorsel\/dante-denklemi.jpg 363w\" sizes=\"(max-width: 202px) 100vw, 202px\" \/><\/a>Seattle\u2019da, Jill Talcott\u2019un enerji dalgalar\u0131 denklemleri ile ilgili \u00e7al\u0131\u015fmas\u0131, yakla\u015f\u0131k elli y\u0131l \u00f6nce iyilik ve k\u00f6t\u00fcl\u00fck kanununu ke\u015ffetti\u011fini iddia etmi\u015f ve uzun zaman \u00f6nce \u00f6lm\u00fc\u015f olan Yosef Kobinski ile ili\u015fkilidir. Ama Jill\u2019in laboratuvar\u0131 havaya u\u00e7tu\u011funda, u\u00e7 noktada bilimle u\u011fra\u015fman\u0131n sand\u0131\u011f\u0131ndan \u00e7ok daha tehlikeli oldu\u011funu anlar ve hayat\u0131n\u0131 kurtarmak i\u00e7in ka\u00e7mak zorunda kal\u0131r. \u00dcstelik baz\u0131 gizli kuvvetler, Talcott\u2019un buldu\u011fu \u015feyi ele ge\u00e7irmeye \u00e7al\u0131\u015fmaktad\u0131r.<\/p>\n<p>Jill, i\u015f orta\u011f\u0131 ve Kobinski\u2019den \u00e7ok etkilenen bir yazar, Polonya\u2019da Handalman ile bulu\u015fmak \u00fczeredirler; hepsi de bu muhte\u015fem bulu\u015fun s\u0131rlar\u0131n\u0131 \u00e7\u00f6zmek i\u00e7in yan\u0131p tutu\u015fmaktad\u0131r. Ge\u00e7mi\u015fi ara\u015ft\u0131r\u0131rken, Kobinski\u2019yi Auschwitz yak\u0131nlar\u0131ndaki orman\u0131n ortas\u0131nda bir a\u00e7\u0131kl\u0131\u011fa kadar izlerler. Ve o a\u00e7\u0131kl\u0131kta, inan\u0131lmaz bir olayla y\u00fczle\u015firler: Kendi bilim simyas\u0131na ve Kabala ilmine sahip olan Kobinski, bir \u0131\u015f\u0131k patlamas\u0131 i\u00e7inde \u00f6l\u00fcm kamp\u0131ndan sonsuza dek ka\u00e7m\u0131\u015ft\u0131r. \u015eimdi, istihbarat ajanlar\u0131 pe\u015flerine tak\u0131lm\u0131\u015fken, ara\u015ft\u0131rmac\u0131lar\u0131n ba\u015fka bir se\u00e7ene\u011fi kalmam\u0131\u015ft\u0131r: <em>Kobinski\u2019yi izlemeye devam edeceklerdir; hangi cehenneme gitmi\u015f olursa olsun&#8230;<\/em><\/p>\n<blockquote><p>\u201cHeyecanl\u0131 bir kitap. Direnmek zor.\u201d<br \/>\n<strong>-USA Today-<\/strong><\/p><\/blockquote>\n<p><strong>Jane Jensen<\/strong> bizi bildi\u011fimiz d\u00fcnyadan al\u0131p ancak s\u0131n\u0131rl\u0131 bir \u015fekilde hayal edebilece\u011fimiz bir ger\u00e7ekli\u011fin ortas\u0131na at\u0131yor.<\/p>\n<p>2005 y\u0131l\u0131nda <em>Koridor Yay\u0131nc\u0131l\u0131k<\/em>\u2019tan ilk bask\u0131s\u0131n\u0131 okudu\u011fumuz kitap yeniden bizlerle. \u00c7evirisini <a title=\"Selim Yeni\u00e7eri\" href=\"https:\/\/www.kayiprihtim.org\/portal\/cevirmen\/selim-yeniceri\/\"><em>Selim Yeni\u00e7eri<\/em><\/a>\u2019nin \u00fcstlendi\u011fi,\u00a0<em>Philip K. Dick \u00d6d\u00fcl\u00fc<\/em> adayl\u0131\u011f\u0131 da bulunan kitab\u0131n tan\u0131t\u0131m ve k\u00fcnye bilgilerine <a title=\"Dante Denklemi\" href=\"https:\/\/www.kayiprihtim.org\/portal\/kitap\/dante-denklemi\/\"><span style=\"font-size: medium;\"><strong>buradan<\/strong><\/span><\/a> ula\u015fabilirsiniz.<\/p>\n","protected":false},"excerpt":{"rendered":"<p>Bilim ve mistisizm, iyilik ve k\u00f6t\u00fcl\u00fck, uzay ve zaman aras\u0131ndaki ili\u015fkiyi irdeleyen Jane Jensen imzal\u0131 &#8220;Dante Denklemi&#8221; yeni bask\u0131s\u0131yla raflardaki yerini tekrar ald\u0131. Haham Aharon Handalman\u2019\u0131n Tevrat\u2019\u0131n \u015fifreleri \u00fczerindeki uzmanl\u0131\u011f\u0131 -kutsal kitaplarda kelime ve harfleri yeniden d\u00fczenleme \u00e7al\u0131\u015fmas\u0131- bir adam\u0131n ismini ortaya \u00e7\u0131kard\u0131. Yosef Kobinski kimdir ve neden Tanr\u0131 onun ismini Kutsal Kitap\u2019a koymu\u015ftur? Cevaplar\u0131 [&hellip;]<\/p>\n","protected":false},"author":1,"featured_media":0,"comment_status":"open","ping_status":"closed","sticky":false,"template":"","format":"standard","meta":{"_acf_changed":false,"footnotes":""},"categories":[80,325],"tags":[1918,1917,1919,926,240],"class_list":{"0":"post-27959","1":"post","2":"type-post","3":"status-publish","4":"format-standard","6":"category-bilim-kurgu","7":"category-korkugerilim","8":"tag-dante-denklemi","9":"tag-jane-jensen","10":"tag-koridor-yayincilik","11":"tag-philip-k-dick","12":"tag-selim-yeniceri"},"acf":[],"_links":{"self":[{"href":"https:\/\/www.kayiprihtim.org\/portal\/wp-json\/wp\/v2\/posts\/27959","targetHints":{"allow":["GET"]}}],"collection":[{"href":"https:\/\/www.kayiprihtim.org\/portal\/wp-json\/wp\/v2\/posts"}],"about":[{"href":"https:\/\/www.kayiprihtim.org\/portal\/wp-json\/wp\/v2\/types\/post"}],"author":[{"embeddable":true,"href":"https:\/\/www.kayiprihtim.org\/portal\/wp-json\/wp\/v2\/users\/1"}],"replies":[{"embeddable":true,"href":"https:\/\/www.kayiprihtim.org\/portal\/wp-json\/wp\/v2\/comments?post=27959"}],"version-history":[{"count":0,"href":"https:\/\/www.kayiprihtim.org\/portal\/wp-json\/wp\/v2\/posts\/27959\/revisions"}],"wp:attachment":[{"href":"https:\/\/www.kayiprihtim.org\/portal\/wp-json\/wp\/v2\/media?parent=27959"}],"wp:term":[{"taxonomy":"category","embeddable":true,"href":"https:\/\/www.kayiprihtim.org\/portal\/wp-json\/wp\/v2\/categories?post=27959"},{"taxonomy":"post_tag","embeddable":true,"href":"https:\/\/www.kayiprihtim.org\/portal\/wp-json\/wp\/v2\/tags?post=27959"}],"curies":[{"name":"wp","href":"https:\/\/api.w.org\/{rel}","templated":true}]}}