{"id":2901,"date":"2009-10-30T12:24:31","date_gmt":"2009-10-30T09:24:31","guid":{"rendered":"http:\/\/www.kayiprihtim.org\/portal\/?p=2901"},"modified":"2009-10-30T12:46:32","modified_gmt":"2009-10-30T09:46:32","slug":"ork-kral-cikti","status":"publish","type":"post","link":"https:\/\/www.kayiprihtim.org\/portal\/2009\/10\/30\/ork-kral-cikti\/","title":{"rendered":"&#8220;Ork Kral&#8221; \u00c7\u0131kt\u0131!"},"content":{"rendered":"<p><img fetchpriority=\"high\" decoding=\"async\" class=\"alignnone\" src=\"https:\/\/www.kayiprihtim.org\/portal\/gorsel\/forgottenrealms\/ork-kral-top.jpg\" alt=\"\" width=\"490\" height=\"109\"><\/p>\n<p>Daha \u00f6nceden <a href=\"https:\/\/www.kayiprihtim.org\/portal\/2009\/05\/11\/ork-kral-on-okuma\/\">\u00f6n okumas\u0131n\u0131<\/a> \u00e7evirerek, \u00e7\u0131kaca\u011f\u0131n\u0131 duyurdu\u011fumuz <strong>De\u011fi\u015fimler Serisi<\/strong>nin ilk kitab\u0131 olan <strong>&#8220;Ork Kral <em>(The Orc King)<\/em>&#8220;<\/strong> \u00e7\u0131kt\u0131!<\/p>\n<p>R.A. Salvatore&#8217;un yazm\u0131\u015f oldu\u011fu bu kitab\u0131n \u00e7evirisini <em><strong>Seda Ersavc\u0131<\/strong><\/em> \u00fcstlendi.<\/p>\n<p>28. \u0130stanbul Kitap Fuar\u0131&#8217;na gidecekler, <strong>Laika Yay\u0131nlar\u0131<\/strong> stand\u0131ndan kitab\u0131 temin edebilirler.<\/p>\n<p>Ayr\u0131ca online kitap al\u0131\u015fveri\u015f siteleri \u00fczerinden de sat\u0131n alabilirsiniz.<\/p>\n<p>\u015eimdi de kitap k\u00fcnye bilgileri ve tan\u0131t\u0131m yaz\u0131s\u0131n\u0131 okumak i\u00e7in <a href=\"https:\/\/www.kayiprihtim.org\/portal\/degisimler-serisi\/#ork-kral\"><strong>buraya<\/strong><\/a> t\u0131klay\u0131n!<\/p>\n","protected":false},"excerpt":{"rendered":"<p>Daha \u00f6nceden \u00f6n okumas\u0131n\u0131 \u00e7evirerek, \u00e7\u0131kaca\u011f\u0131n\u0131 duyurdu\u011fumuz De\u011fi\u015fimler Serisinin ilk kitab\u0131 olan &#8220;Ork Kral (The Orc King)&#8220; \u00e7\u0131kt\u0131! R.A. Salvatore&#8217;un yazm\u0131\u015f oldu\u011fu bu kitab\u0131n \u00e7evirisini Seda Ersavc\u0131 \u00fcstlendi. 28. \u0130stanbul Kitap Fuar\u0131&#8217;na gidecekler, Laika Yay\u0131nlar\u0131 stand\u0131ndan kitab\u0131 temin edebilirler. Ayr\u0131ca online kitap al\u0131\u015fveri\u015f siteleri \u00fczerinden de sat\u0131n alabilirsiniz. \u015eimdi de kitap k\u00fcnye bilgileri ve tan\u0131t\u0131m [&hellip;]<\/p>\n","protected":false},"author":1,"featured_media":0,"comment_status":"open","ping_status":"closed","sticky":false,"template":"","format":"standard","meta":{"_acf_changed":false,"footnotes":""},"categories":[10],"tags":[20,86,251,9197],"class_list":{"0":"post-2901","1":"post","2":"type-post","3":"status-publish","4":"format-standard","6":"category-unutulmus-diyarlar","7":"tag-istanbul-kitap-fuari","8":"tag-ra-salvatore","9":"tag-seda-ersavci","10":"tag-unutulmus-diyarlar"},"acf":[],"_links":{"self":[{"href":"https:\/\/www.kayiprihtim.org\/portal\/wp-json\/wp\/v2\/posts\/2901","targetHints":{"allow":["GET"]}}],"collection":[{"href":"https:\/\/www.kayiprihtim.org\/portal\/wp-json\/wp\/v2\/posts"}],"about":[{"href":"https:\/\/www.kayiprihtim.org\/portal\/wp-json\/wp\/v2\/types\/post"}],"author":[{"embeddable":true,"href":"https:\/\/www.kayiprihtim.org\/portal\/wp-json\/wp\/v2\/users\/1"}],"replies":[{"embeddable":true,"href":"https:\/\/www.kayiprihtim.org\/portal\/wp-json\/wp\/v2\/comments?post=2901"}],"version-history":[{"count":0,"href":"https:\/\/www.kayiprihtim.org\/portal\/wp-json\/wp\/v2\/posts\/2901\/revisions"}],"wp:attachment":[{"href":"https:\/\/www.kayiprihtim.org\/portal\/wp-json\/wp\/v2\/media?parent=2901"}],"wp:term":[{"taxonomy":"category","embeddable":true,"href":"https:\/\/www.kayiprihtim.org\/portal\/wp-json\/wp\/v2\/categories?post=2901"},{"taxonomy":"post_tag","embeddable":true,"href":"https:\/\/www.kayiprihtim.org\/portal\/wp-json\/wp\/v2\/tags?post=2901"}],"curies":[{"name":"wp","href":"https:\/\/api.w.org\/{rel}","templated":true}]}}