{"id":29266,"date":"2013-08-04T16:33:40","date_gmt":"2013-08-04T13:33:40","guid":{"rendered":"http:\/\/www.kayiprihtim.org\/portal\/?p=29266"},"modified":"2013-08-04T16:33:40","modified_gmt":"2013-08-04T13:33:40","slug":"dretsullun-yukselisi-raflarda","status":"publish","type":"post","link":"https:\/\/www.kayiprihtim.org\/portal\/2013\/08\/04\/dretsullun-yukselisi-raflarda\/","title":{"rendered":"&#8220;Dretsull&#8217;un Y\u00fckseli\u015fi&#8221; Raflarda"},"content":{"rendered":"<p style=\"text-align: center;\"><img fetchpriority=\"high\" decoding=\"async\" class=\"aligncenter size-full wp-image-29269\" alt=\"\" src=\"https:\/\/www.kayiprihtim.org\/portal\/gorsel\/dretsullun-yukselisi-top.jpg\" width=\"467\" height=\"174\" srcset=\"https:\/\/www.kayiprihtim.org\/portal\/gorsel\/dretsullun-yukselisi-top.jpg 467w, https:\/\/www.kayiprihtim.org\/portal\/gorsel\/dretsullun-yukselisi-top-300x111.jpg 300w\" sizes=\"(max-width: 467px) 100vw, 467px\" \/><\/p>\n<p><a href=\"https:\/\/www.kayiprihtim.org\/portal\/yazar\/bulent-ogeyik\/\"><em><strong>B\u00fclent \u00d6geyik<\/strong><\/em><\/a>\u2019in kaleme ald\u0131\u011f\u0131 ve bundan birka\u00e7 ay \u00f6nce raflarda g\u00f6rd\u00fc\u011f\u00fcm\u00fcz &#8220;<a href=\"https:\/\/www.kayiprihtim.org\/portal\/kitap\/bara-tilanin-ordusu\/\"><strong>Bara Tilan\u2019\u0131n Ordusu<\/strong><\/a>&#8221; roman\u0131n\u0131n devam kitab\u0131 &#8220;<a title=\"Dretsull\u2019un Y\u00fckseli\u015fi\" href=\"https:\/\/www.kayiprihtim.org\/portal\/kitap\/dretsullun-yukselisi\/\"><span style=\"font-size: medium; color: #993300;\"><strong>Dretsull\u2019un Y\u00fckseli\u015fi<\/strong><\/span><\/a>&#8221; \u00e7\u0131kt\u0131.<\/p>\n<p>Fantastik kurgu t\u00fcr\u00fcnde yaz\u0131lan <a href=\"https:\/\/www.kayiprihtim.org\/portal\/seri\/eolin-destani\/\"><strong><em>Eolin Destan\u0131<\/em><\/strong><\/a>\u2019n\u0131n ikinci kitab\u0131nda, Dretsull\u2019daki esrarengiz kara g\u00fc\u00e7 Eolin\u2019e \u00f6l\u00fcmc\u00fcl bir g\u00f6lge gibi \u00e7\u00f6kmek \u00fczere.<\/p>\n<p><a href=\"https:\/\/www.kayiprihtim.org\/portal\/kitap\/dretsullun-yukselisi\/\"><img decoding=\"async\" class=\"alignright size-medium wp-image-29128\" title=\"Dretsull\u2019un Y\u00fckseli\u015fi\" alt=\"\" src=\"https:\/\/www.kayiprihtim.org\/portal\/gorsel\/dretsullun-yukselisi-207x300.jpg\" width=\"207\" height=\"300\" srcset=\"https:\/\/www.kayiprihtim.org\/portal\/gorsel\/dretsullun-yukselisi-207x300.jpg 207w, https:\/\/www.kayiprihtim.org\/portal\/gorsel\/dretsullun-yukselisi-708x1024.jpg 708w, https:\/\/www.kayiprihtim.org\/portal\/gorsel\/dretsullun-yukselisi.jpg 797w\" sizes=\"(max-width: 207px) 100vw, 207px\" \/><\/a>Temerlinler, y\u0131llar \u00f6nce \u00e7ald\u0131klar\u0131 yaz\u0131tlarla birlikte Kyezin\u2019e ge\u00e7erek ortadan kaybolan \u0131rkda\u015flar\u0131n\u0131 bulmak ve yaz\u0131tlar\u0131n \u00fczerindeki s\u0131rra ula\u015fmak zorundalar.<\/p>\n<p>Eolin, kuzeydeki diyarlar\u0131n Dretsull h\u00e2kimiyetine ge\u00e7mesi ve Erthlen\u2019in u\u011frad\u0131\u011f\u0131 esrarengiz sald\u0131r\u0131 sonras\u0131nda Temerlinlerin var olu\u015flar\u0131 ve ezeli d\u00fc\u015fmanlar\u0131 hakk\u0131nda ba\u015f d\u00f6nd\u00fcren sorularla sars\u0131l\u0131rken; Kyezin, kay\u0131p yaz\u0131tlar\u0131n pe\u015finden giden Ganador\u2019un liderli\u011findeki grubun ba\u015f\u0131ndan ge\u00e7en trajik olaylara, Mannarg ve Aephen aras\u0131ndaki sava\u015f\u0131n sonlanmas\u0131na ve olduruculuk ilmi yolunda g\u00fcce h\u00fckmetmeyi \u00f6\u011frenen Eolinli bir anti-kahraman\u0131n do\u011fu\u015funa tan\u0131kl\u0131k ediyor.<\/p>\n<blockquote><p>\u201cGer\u00e7ekten var olduklar\u0131na emin misin?\u201d<\/p>\n<p>Soruyu garipseyerek, \u201cElbette,\u201d diye yan\u0131tlad\u0131 Atu.<\/p>\n<p>\u201c\u0130nsan \u0131rk\u0131 as\u0131l d\u00fc\u015fman\u0131m\u0131z Klouy,bunu asla unutma.\u201d<\/p>\n<p>Bunun \u00fczerine, Klouy kafa kar\u0131\u015ft\u0131r\u0131c\u0131 as\u0131l sorusunu seslendirdi. \u201cO halde neredeler?\u201d<\/p><\/blockquote>\n<p>Kapak tasar\u0131m\u0131n\u0131 ilkinde de oldu\u011fu gibi <a href=\"https:\/\/www.kayiprihtim.org\/portal\/tag\/ertac-altinoz\/\"><em>Erta\u00e7 Alt\u0131n\u00f6z<\/em><\/a>\u2019\u00fcn \u00fcstlendi\u011fi kitab\u0131n tan\u0131t\u0131m ve k\u00fcnye bilgileri i\u00e7in <a title=\"Dretsull\u2019un Y\u00fckseli\u015fi\" href=\"https:\/\/www.kayiprihtim.org\/portal\/kitap\/dretsullun-yukselisi\/\"><span style=\"font-size: medium;\"><strong>buraya<\/strong><\/span><\/a> t\u0131klayabilirsiniz.<\/p>\n","protected":false},"excerpt":{"rendered":"<p>B\u00fclent \u00d6geyik\u2019in kaleme ald\u0131\u011f\u0131 ve bundan birka\u00e7 ay \u00f6nce raflarda g\u00f6rd\u00fc\u011f\u00fcm\u00fcz &#8220;Bara Tilan\u2019\u0131n Ordusu&#8221; roman\u0131n\u0131n devam kitab\u0131 &#8220;Dretsull\u2019un Y\u00fckseli\u015fi&#8221; \u00e7\u0131kt\u0131. Fantastik kurgu t\u00fcr\u00fcnde yaz\u0131lan Eolin Destan\u0131\u2019n\u0131n ikinci kitab\u0131nda, Dretsull\u2019daki esrarengiz kara g\u00fc\u00e7 Eolin\u2019e \u00f6l\u00fcmc\u00fcl bir g\u00f6lge gibi \u00e7\u00f6kmek \u00fczere. Temerlinler, y\u0131llar \u00f6nce \u00e7ald\u0131klar\u0131 yaz\u0131tlarla birlikte Kyezin\u2019e ge\u00e7erek ortadan kaybolan \u0131rkda\u015flar\u0131n\u0131 bulmak ve yaz\u0131tlar\u0131n \u00fczerindeki s\u0131rra [&hellip;]<\/p>\n","protected":false},"author":1,"featured_media":0,"comment_status":"open","ping_status":"closed","sticky":false,"template":"","format":"standard","meta":{"_acf_changed":false,"footnotes":""},"categories":[3],"tags":[1746,1745,514,88],"class_list":{"0":"post-29266","1":"post","2":"type-post","3":"status-publish","4":"format-standard","6":"category-fantastik-kitaplar","7":"tag-bulent-ogeyik","8":"tag-eolin-destani","9":"tag-ertac-altinoz","10":"tag-laika-yayincilik"},"acf":[],"_links":{"self":[{"href":"https:\/\/www.kayiprihtim.org\/portal\/wp-json\/wp\/v2\/posts\/29266","targetHints":{"allow":["GET"]}}],"collection":[{"href":"https:\/\/www.kayiprihtim.org\/portal\/wp-json\/wp\/v2\/posts"}],"about":[{"href":"https:\/\/www.kayiprihtim.org\/portal\/wp-json\/wp\/v2\/types\/post"}],"author":[{"embeddable":true,"href":"https:\/\/www.kayiprihtim.org\/portal\/wp-json\/wp\/v2\/users\/1"}],"replies":[{"embeddable":true,"href":"https:\/\/www.kayiprihtim.org\/portal\/wp-json\/wp\/v2\/comments?post=29266"}],"version-history":[{"count":0,"href":"https:\/\/www.kayiprihtim.org\/portal\/wp-json\/wp\/v2\/posts\/29266\/revisions"}],"wp:attachment":[{"href":"https:\/\/www.kayiprihtim.org\/portal\/wp-json\/wp\/v2\/media?parent=29266"}],"wp:term":[{"taxonomy":"category","embeddable":true,"href":"https:\/\/www.kayiprihtim.org\/portal\/wp-json\/wp\/v2\/categories?post=29266"},{"taxonomy":"post_tag","embeddable":true,"href":"https:\/\/www.kayiprihtim.org\/portal\/wp-json\/wp\/v2\/tags?post=29266"}],"curies":[{"name":"wp","href":"https:\/\/api.w.org\/{rel}","templated":true}]}}