{"id":29382,"date":"2013-08-12T11:01:01","date_gmt":"2013-08-12T08:01:01","guid":{"rendered":"http:\/\/www.kayiprihtim.org\/portal\/?p=29382"},"modified":"2013-08-12T11:01:01","modified_gmt":"2013-08-12T08:01:01","slug":"korkak-ve-canavar-on-sipariste","status":"publish","type":"post","link":"https:\/\/www.kayiprihtim.org\/portal\/2013\/08\/12\/korkak-ve-canavar-on-sipariste\/","title":{"rendered":"&#8220;Korkak ve Canavar&#8221; \u00d6n Sipari\u015fte"},"content":{"rendered":"<p style=\"text-align: center;\"><img fetchpriority=\"high\" decoding=\"async\" class=\"aligncenter size-full wp-image-29389\" alt=\"\" src=\"https:\/\/www.kayiprihtim.org\/portal\/gorsel\/korkak-ve-canavar-top.jpg\" width=\"467\" height=\"170\" srcset=\"https:\/\/www.kayiprihtim.org\/portal\/gorsel\/korkak-ve-canavar-top.jpg 467w, https:\/\/www.kayiprihtim.org\/portal\/gorsel\/korkak-ve-canavar-top-300x109.jpg 300w\" sizes=\"(max-width: 467px) 100vw, 467px\" \/><\/p>\n<p>T\u00fcrkiye\u2019de de fantastik roman yaz\u0131labilece\u011finin ispat\u0131 niteli\u011finde olan <a href=\"https:\/\/www.kayiprihtim.org\/portal\/yazar\/baris-mustecaplioglu\/\"><strong>Bar\u0131\u015f M\u00fcstecapl\u0131o\u011flu<\/strong><\/a>\u2019nun 4 kitapl\u0131k <a href=\"https:\/\/www.kayiprihtim.org\/portal\/seri\/perg-efsaneleri\/\"><span style=\"font-size: medium;\"><em><strong>Perg Efsaneleri<\/strong><\/em><\/span><\/a> adl\u0131 serisini y\u0131llar \u00f6nce <a title=\"Metis Kitap\" href=\"https:\/\/www.kayiprihtim.org\/portal\/yayinevi\/metis-kitap\/\"><em>Metis Yay\u0131nevi<\/em><\/a>\u2019nden okumu\u015ftuk hat\u0131rlayaca\u011f\u0131n\u0131z \u00fczere. Ayn\u0131 seri bundan b\u00f6yle <a href=\"https:\/\/www.kayiprihtim.org\/portal\/yayinevi\/ithaki-yayinlari\/\"><strong>\u0130thaki Yay\u0131nlar\u0131<\/strong><\/a> etiketiyle raflardaki yerini alacak ve okurlara tekrar merhaba diyecek. Hem de yenilenmi\u015f kapaklar\u0131yla birlikte!<\/p>\n<p style=\"text-align: left;\"><a href=\"https:\/\/www.kayiprihtim.org\/portal\/kitap\/korkak-ve-canavar-2\/\"><img decoding=\"async\" class=\"alignright size-medium wp-image-29386\" title=\"Korkak ve Canavar\" alt=\"\" src=\"https:\/\/www.kayiprihtim.org\/portal\/gorsel\/korkak-ve-canavar1-193x300.jpg\" width=\"193\" height=\"300\" srcset=\"https:\/\/www.kayiprihtim.org\/portal\/gorsel\/korkak-ve-canavar1-193x300.jpg 193w, https:\/\/www.kayiprihtim.org\/portal\/gorsel\/korkak-ve-canavar1.jpg 617w\" sizes=\"(max-width: 193px) 100vw, 193px\" \/><\/a>Eserleri 8 dile \u00e7evrilen ve \u00f6zellikle \u00c7in\u2019de b\u00fcy\u00fck bir ilgi toplayan <strong>M\u00fcstecapl\u0131o\u011flu<\/strong>\u2019nun <strong><em>Perg Efsaneleri<\/em><\/strong> serisinin ilk roman\u0131 \u201c<a title=\"Korkak ve Canavar\" href=\"https:\/\/www.kayiprihtim.org\/portal\/kitap\/korkak-ve-canavar-2\/\"><span style=\"font-size: medium; color: #993300;\"><strong>Korkak ve Canavar<\/strong><\/span><\/a>\u201d, T\u00fcrkiye\u2019de fantastik kurgu edebiyat\u0131n\u0131n da ilk roman\u0131. G\u00fcn\u00fcm\u00fczde bir klasik olan bu eser, hayal g\u00fcc\u00fc ile insani duygular\u0131 bulu\u015fturma ba\u015far\u0131s\u0131yla bir\u00e7ok okulun edebiyat derslerinde okutuluyor.<\/p>\n<p style=\"text-align: left;\">Bize yeni bir diyar\u0131 ke\u015ffetmenin tad\u0131n\u0131 ya\u015fat\u0131rken, asl\u0131nda insan\u0131n kendini ke\u015ffetmesini anlatan <strong>Korkak ve Canavar<\/strong>\u2019da, s\u0131rad\u0131\u015f\u0131 kahramanlar\u0131m\u0131z <em>Leofold<\/em> ve <em>Guorin<\/em>\u2019in s\u00fcrprizlerle dolu yolculuklar\u0131na e\u015flik ediyoruz.<\/p>\n<p style=\"text-align: left;\"><strong>Perg Efsaneleri<\/strong>, bizden farkl\u0131 olan\u0131, farkl\u0131 g\u00f6r\u00fcneni ve farkl\u0131 ya\u015fayan\u0131 sevebilmek \u00fczerine yaz\u0131lm\u0131\u015f en g\u00fczel \u00f6yk\u00fclerden biri&#8230;<\/p>\n<p style=\"text-align: left;\">Ayr\u0131ca \u00d6N OKUMAs\u0131na <a href=\"http:\/\/www.mediafire.com\/view\/w1d2ww2fi3n1dan\/Korkak+ve+Canavar.pdf\" target=\"_blank\" rel=\"nofollow noopener\"><span style=\"font-size: medium;\"><strong>BURADAN<\/strong><\/span><\/a> ula\u015fabilirsiniz.<\/p>\n<p>Kitab\u0131n redaksiyonunu <em>M. Ahmet \u00d6zyap\u0131c\u0131<\/em>, kapak ill\u00fcstrasyonunu ise <a href=\"https:\/\/www.kayiprihtim.org\/portal\/tag\/ertac-altinoz\/\"><em>Erta\u00e7 Alt\u0131n\u00f6z<\/em><\/a> \u00fcstleniyor. K\u00fcnye bilgilerine ula\u015fmak i\u00e7in <a title=\"Korkak ve Canavar\" href=\"https:\/\/www.kayiprihtim.org\/portal\/kitap\/korkak-ve-canavar-2\/\"><span style=\"font-size: medium;\"><strong>buraya<\/strong><\/span><\/a> t\u0131klayabilirsiniz.<\/p>\n","protected":false},"excerpt":{"rendered":"<p>T\u00fcrkiye\u2019de de fantastik roman yaz\u0131labilece\u011finin ispat\u0131 niteli\u011finde olan Bar\u0131\u015f M\u00fcstecapl\u0131o\u011flu\u2019nun 4 kitapl\u0131k Perg Efsaneleri adl\u0131 serisini y\u0131llar \u00f6nce Metis Yay\u0131nevi\u2019nden okumu\u015ftuk hat\u0131rlayaca\u011f\u0131n\u0131z \u00fczere. Ayn\u0131 seri bundan b\u00f6yle \u0130thaki Yay\u0131nlar\u0131 etiketiyle raflardaki yerini alacak ve okurlara tekrar merhaba diyecek. Hem de yenilenmi\u015f kapaklar\u0131yla birlikte! Eserleri 8 dile \u00e7evrilen ve \u00f6zellikle \u00c7in\u2019de b\u00fcy\u00fck bir ilgi toplayan M\u00fcstecapl\u0131o\u011flu\u2019nun [&hellip;]<\/p>\n","protected":false},"author":65,"featured_media":29389,"comment_status":"open","ping_status":"closed","sticky":false,"template":"","format":"standard","meta":{"_acf_changed":false,"footnotes":""},"categories":[3,1053],"tags":[317,514,2066,603,129,829,968,1486],"class_list":{"0":"post-29382","1":"post","2":"type-post","3":"status-publish","4":"format-standard","5":"has-post-thumbnail","7":"category-fantastik-kitaplar","8":"category-on-okumalar","9":"tag-baris-mustecaplioglu","10":"tag-ertac-altinoz","11":"tag-m-ahmet-ozyapici","12":"tag-metis-yayinlari","13":"tag-on-okuma","14":"tag-perg-efsaneleri","15":"tag-sukru-karakoc","16":"tag-yanki-enki"},"acf":[],"_links":{"self":[{"href":"https:\/\/www.kayiprihtim.org\/portal\/wp-json\/wp\/v2\/posts\/29382","targetHints":{"allow":["GET"]}}],"collection":[{"href":"https:\/\/www.kayiprihtim.org\/portal\/wp-json\/wp\/v2\/posts"}],"about":[{"href":"https:\/\/www.kayiprihtim.org\/portal\/wp-json\/wp\/v2\/types\/post"}],"author":[{"embeddable":true,"href":"https:\/\/www.kayiprihtim.org\/portal\/wp-json\/wp\/v2\/users\/65"}],"replies":[{"embeddable":true,"href":"https:\/\/www.kayiprihtim.org\/portal\/wp-json\/wp\/v2\/comments?post=29382"}],"version-history":[{"count":0,"href":"https:\/\/www.kayiprihtim.org\/portal\/wp-json\/wp\/v2\/posts\/29382\/revisions"}],"wp:featuredmedia":[{"embeddable":true,"href":"https:\/\/www.kayiprihtim.org\/portal\/wp-json\/wp\/v2\/media\/29389"}],"wp:attachment":[{"href":"https:\/\/www.kayiprihtim.org\/portal\/wp-json\/wp\/v2\/media?parent=29382"}],"wp:term":[{"taxonomy":"category","embeddable":true,"href":"https:\/\/www.kayiprihtim.org\/portal\/wp-json\/wp\/v2\/categories?post=29382"},{"taxonomy":"post_tag","embeddable":true,"href":"https:\/\/www.kayiprihtim.org\/portal\/wp-json\/wp\/v2\/tags?post=29382"}],"curies":[{"name":"wp","href":"https:\/\/api.w.org\/{rel}","templated":true}]}}