{"id":29850,"date":"2013-09-18T15:02:12","date_gmt":"2013-09-18T12:02:12","guid":{"rendered":"http:\/\/www.kayiprihtim.org\/portal\/?p=29850"},"modified":"2013-09-18T15:02:12","modified_gmt":"2013-09-18T12:02:12","slug":"kayip-kilic-raflarda","status":"publish","type":"post","link":"https:\/\/www.kayiprihtim.org\/portal\/2013\/09\/18\/kayip-kilic-raflarda\/","title":{"rendered":"&#8220;Kay\u0131p K\u0131l\u0131\u00e7&#8221; Raflarda"},"content":{"rendered":"<p><img fetchpriority=\"high\" decoding=\"async\" class=\"aligncenter size-full wp-image-29851\" alt=\"\" src=\"https:\/\/www.kayiprihtim.org\/portal\/gorsel\/kayip-kilic-top.jpg\" width=\"467\" height=\"170\" srcset=\"https:\/\/www.kayiprihtim.org\/portal\/gorsel\/kayip-kilic-top.jpg 467w, https:\/\/www.kayiprihtim.org\/portal\/gorsel\/kayip-kilic-top-300x109.jpg 300w\" sizes=\"(max-width: 467px) 100vw, 467px\" \/><\/p>\n<p><b><a href=\"https:\/\/www.kayiprihtim.org\/portal\/yazar\/bekir-sert\/\" rel=\"tag\">Bekir Sert<\/a><\/b>\u2019in kaleme ald\u0131\u011f\u0131 <a href=\"https:\/\/www.kayiprihtim.org\/portal\/seri\/lahitteki-sir\/\"><em><strong>Lahitteki S\u0131r<\/strong><\/em><\/a> serisinin \u00fc\u00e7\u00fcnc\u00fc kitab\u0131 \u201c<a title=\"Kay\u0131p K\u0131l\u0131\u00e7\" href=\"https:\/\/www.kayiprihtim.org\/portal\/kitap\/kayip-kilic\/\"><span style=\"font-size: medium; color: #993300;\"><strong>Kay\u0131p K\u0131l\u0131\u00e7<\/strong><\/span><\/a>\u201d raflardaki yerini ald\u0131.<\/p>\n<p><a href=\"https:\/\/www.kayiprihtim.org\/portal\/kitap\/kayip-kilic\/\"><img decoding=\"async\" class=\"alignright size-medium wp-image-29847\" title=\"Kay\u0131p K\u0131l\u0131\u00e7\" alt=\"\" src=\"https:\/\/www.kayiprihtim.org\/portal\/gorsel\/kayip-kilic-163x300.jpg\" width=\"141\" height=\"260\"><\/a>K\u00fc\u00e7\u00fck ya\u015flardan itibaren \u201ck\u0131l\u0131\u00e7 ustas\u0131\u201d olmay\u0131 hayal eden Kayra, kendini tehlikeli bir sava\u015f\u0131n tam ortas\u0131nda bulur. Duha vadisinin ak\u0131beti bu sava\u015fla belirlenecektir.<\/p>\n<p>Kayra, onun ruhunu g\u00f6rebilen varl\u0131kla kar\u015f\u0131la\u015ft\u0131\u011f\u0131nda nas\u0131l bir se\u00e7im yapacak? Bir yanda b\u00fcy\u00fck bir sava\u015f, di\u011fer yanda Lara\u2019ya kavu\u015fma umudu\u2026 Peki, kay\u0131p k\u0131l\u0131\u00e7 bulununca ne olacak? Lahitteki S\u0131r serisi bu \u00fc\u00e7\u00fcnc\u00fc kitapla tamamlan\u0131yor. Gizli kalm\u0131\u015f sorular tek tek cevap buluyor.<\/p>\n<blockquote><p>Zihne kaz\u0131nacak sahneleri, \u00e7arp\u0131c\u0131 ve canl\u0131 karakterleri ile soluk solu\u011fa bir macera\u2026 Okurken yerinden k\u0131p\u0131rdayamayacaks\u0131n\u2026<\/p><\/blockquote>\n<p><em>Carpe Diem Kitap<\/em>\u2019tan \u00e7\u0131kan eserin tan\u0131t\u0131m ve k\u00fcnye bilgileri i\u00e7in <a title=\"Kay\u0131p K\u0131l\u0131\u00e7\" href=\"https:\/\/www.kayiprihtim.org\/portal\/kitap\/kayip-kilic\/\"><span style=\"font-size: medium;\"><strong>buraya<\/strong><\/span><\/a> t\u0131klayabilirsiniz.<\/p>\n","protected":false},"excerpt":{"rendered":"<p>Bekir Sert\u2019in kaleme ald\u0131\u011f\u0131 Lahitteki S\u0131r serisinin \u00fc\u00e7\u00fcnc\u00fc kitab\u0131 \u201cKay\u0131p K\u0131l\u0131\u00e7\u201d raflardaki yerini ald\u0131. K\u00fc\u00e7\u00fck ya\u015flardan itibaren \u201ck\u0131l\u0131\u00e7 ustas\u0131\u201d olmay\u0131 hayal eden Kayra, kendini tehlikeli bir sava\u015f\u0131n tam ortas\u0131nda bulur. Duha vadisinin ak\u0131beti bu sava\u015fla belirlenecektir. Kayra, onun ruhunu g\u00f6rebilen varl\u0131kla kar\u015f\u0131la\u015ft\u0131\u011f\u0131nda nas\u0131l bir se\u00e7im yapacak? Bir yanda b\u00fcy\u00fck bir sava\u015f, di\u011fer yanda Lara\u2019ya kavu\u015fma [&hellip;]<\/p>\n","protected":false},"author":1,"featured_media":29851,"comment_status":"open","ping_status":"closed","sticky":false,"template":"","format":"standard","meta":{"_acf_changed":false,"footnotes":""},"categories":[3],"tags":[1511,1508,1510],"class_list":{"0":"post-29850","1":"post","2":"type-post","3":"status-publish","4":"format-standard","5":"has-post-thumbnail","7":"category-fantastik-kitaplar","8":"tag-bekir-sert","9":"tag-carpe-diem-kitap","10":"tag-lahitteki-sir"},"acf":[],"_links":{"self":[{"href":"https:\/\/www.kayiprihtim.org\/portal\/wp-json\/wp\/v2\/posts\/29850","targetHints":{"allow":["GET"]}}],"collection":[{"href":"https:\/\/www.kayiprihtim.org\/portal\/wp-json\/wp\/v2\/posts"}],"about":[{"href":"https:\/\/www.kayiprihtim.org\/portal\/wp-json\/wp\/v2\/types\/post"}],"author":[{"embeddable":true,"href":"https:\/\/www.kayiprihtim.org\/portal\/wp-json\/wp\/v2\/users\/1"}],"replies":[{"embeddable":true,"href":"https:\/\/www.kayiprihtim.org\/portal\/wp-json\/wp\/v2\/comments?post=29850"}],"version-history":[{"count":0,"href":"https:\/\/www.kayiprihtim.org\/portal\/wp-json\/wp\/v2\/posts\/29850\/revisions"}],"wp:featuredmedia":[{"embeddable":true,"href":"https:\/\/www.kayiprihtim.org\/portal\/wp-json\/wp\/v2\/media\/29851"}],"wp:attachment":[{"href":"https:\/\/www.kayiprihtim.org\/portal\/wp-json\/wp\/v2\/media?parent=29850"}],"wp:term":[{"taxonomy":"category","embeddable":true,"href":"https:\/\/www.kayiprihtim.org\/portal\/wp-json\/wp\/v2\/categories?post=29850"},{"taxonomy":"post_tag","embeddable":true,"href":"https:\/\/www.kayiprihtim.org\/portal\/wp-json\/wp\/v2\/tags?post=29850"}],"curies":[{"name":"wp","href":"https:\/\/api.w.org\/{rel}","templated":true}]}}