{"id":30014,"date":"2013-09-25T00:01:35","date_gmt":"2013-09-24T21:01:35","guid":{"rendered":"http:\/\/www.kayiprihtim.org\/portal\/?p=30014"},"modified":"2013-09-25T00:12:47","modified_gmt":"2013-09-24T21:12:47","slug":"peter-jackson-roportaji-yayinda","status":"publish","type":"post","link":"https:\/\/www.kayiprihtim.org\/portal\/2013\/09\/25\/peter-jackson-roportaji-yayinda\/","title":{"rendered":"Peter Jackson R\u00f6portaj\u0131 Yay\u0131nda"},"content":{"rendered":"<p style=\"text-align: center;\"><img fetchpriority=\"high\" decoding=\"async\" class=\"aligncenter\" alt=\"\" src=\"https:\/\/www.kayiprihtim.org\/portal\/gorsel\/pj_rop-1.jpg\" width=\"450\" height=\"299\"><\/p>\n<p style=\"text-align: center;\"><em><span style=\"font-size: medium; font-family: georgia,palatino;\"><strong><em><strong><em><strong><span style=\"color: #800000;\">Amerikan Y\u00f6netmenler Birli\u011fi (Directors Guild of America)<\/span>, <em><strong>ge\u00e7ti\u011fimiz ay <\/strong><\/em><\/strong><\/em><\/strong><\/em><span style=\"color: #000080;\">Y\u00fcz\u00fcklerin Efendisi<\/span> \u00fc\u00e7lemesi ve <span style=\"color: #000080;\">Hobbit<\/span> filmlerinin y\u00f6netmeni <span style=\"color: #993300;\">Peter Jackson<\/span> ile detayl\u0131 bir r\u00f6portaj ger\u00e7ekle\u015ftirdi.<\/strong><\/span><\/em><\/p>\n<p><strong>Peter Jackson<\/strong> kariyerine memleketi Yeni Zelanda\u2019da d\u00fc\u015f\u00fck b\u00fct\u00e7eli korku filmleri \u00e7ekerek ba\u015flad\u0131 ve <em><strong>Y\u00fcz\u00fcklerin Efendisi<\/strong><\/em> ile <em><strong>Hobbit<\/strong><\/em> \u00fc\u00e7lemeleriyle yeni sinematik d\u00fcnyalar ke\u015ffederek yoluna devam etti. Ancak ne kadar ileriye giderse gitsin, i\u015finin her zaman ger\u00e7ek\u00e7i g\u00f6r\u00fcnmesini sa\u011flad\u0131.<\/p>\n<p><em><strong>Jackson<\/strong> <\/em>bu keyifli r\u00f6portaj\u0131nda, \u00e7ocuklu\u011funda bu i\u015fe nas\u0131l ba\u015flad\u0131\u011f\u0131n\u0131, kariyerine ne i\u00e7in Yeni Zelanda\u2019da devam etti\u011fini, 48 kare format\u0131n\u0131 neden kulland\u0131\u011f\u0131n\u0131 ve \u00e7ok daha fazlas\u0131n\u0131 a\u00e7\u0131klad\u0131.<\/p>\n<p><em>DGA<\/em> ad\u0131na <em><strong>Jeffrey Ressner<\/strong><\/em>\u2019\u0131n yapt\u0131\u011f\u0131 r\u00f6portaj\u0131n \u00e7evirisini <a href=\"https:\/\/www.kayiprihtim.org\/portal\/tag\/zeynep-tok\/\"><em><strong>Zeynep Tok<\/strong><\/em><\/a>, d\u00fczeltisini ise <a href=\"https:\/\/www.kayiprihtim.org\/portal\/yazar\/m-ihsan-tatari\"><em><strong>M. \u0130hsan Tatari<\/strong><\/em><\/a> \u00fcstlendi.<\/p>\n<p>Ve \u015fimdi gelin, r\u00f6portaja ula\u015fmak i\u00e7in <a title=\"Fantastik Yolculuk | Peter Jackson R\u00f6portaj\u0131\" href=\"https:\/\/www.kayiprihtim.org\/portal\/roportajlar\/fantastik-yolculuk-peter-jackson-roportaji\/\"><span style=\"font-size: large; font-family: georgia,palatino;\"><strong>BURAYA<\/strong><\/span><\/a> t\u0131klay\u0131n.<\/p>\n<p>Hepinize iyi okumalar!<\/p>\n","protected":false},"excerpt":{"rendered":"<p>Amerikan Y\u00f6netmenler Birli\u011fi (Directors Guild of America), ge\u00e7ti\u011fimiz ay Y\u00fcz\u00fcklerin Efendisi \u00fc\u00e7lemesi ve Hobbit filmlerinin y\u00f6netmeni Peter Jackson ile detayl\u0131 bir r\u00f6portaj ger\u00e7ekle\u015ftirdi. Peter Jackson kariyerine memleketi Yeni Zelanda\u2019da d\u00fc\u015f\u00fck b\u00fct\u00e7eli korku filmleri \u00e7ekerek ba\u015flad\u0131 ve Y\u00fcz\u00fcklerin Efendisi ile Hobbit \u00fc\u00e7lemeleriyle yeni sinematik d\u00fcnyalar ke\u015ffederek yoluna devam etti. Ancak ne kadar ileriye giderse gitsin, i\u015finin [&hellip;]<\/p>\n","protected":false},"author":1,"featured_media":0,"comment_status":"open","ping_status":"closed","sticky":false,"template":"","format":"standard","meta":{"_acf_changed":false,"footnotes":""},"categories":[36,35,95,11],"tags":[313,2142,17,502,2141,647,314,772,9198,2041],"class_list":{"0":"post-30014","1":"post","2":"type-post","3":"status-publish","4":"format-standard","6":"category-fantastik-perde","7":"category-hobbit-yuzuklerin-efendisi","8":"category-roportaj","9":"category-yuzuklerin-efendisi","10":"tag-cennetimden-bakarken","11":"tag-directors-guild-of-america","12":"tag-hobbit","13":"tag-j-r-r-tolkien","14":"tag-jeffrey-ressner","15":"tag-m-ihsan-tatari","16":"tag-peter-jackson","17":"tag-the-hobbit","18":"tag-yuzuklerin-efendisi","19":"tag-zeynep-tok"},"acf":[],"_links":{"self":[{"href":"https:\/\/www.kayiprihtim.org\/portal\/wp-json\/wp\/v2\/posts\/30014","targetHints":{"allow":["GET"]}}],"collection":[{"href":"https:\/\/www.kayiprihtim.org\/portal\/wp-json\/wp\/v2\/posts"}],"about":[{"href":"https:\/\/www.kayiprihtim.org\/portal\/wp-json\/wp\/v2\/types\/post"}],"author":[{"embeddable":true,"href":"https:\/\/www.kayiprihtim.org\/portal\/wp-json\/wp\/v2\/users\/1"}],"replies":[{"embeddable":true,"href":"https:\/\/www.kayiprihtim.org\/portal\/wp-json\/wp\/v2\/comments?post=30014"}],"version-history":[{"count":0,"href":"https:\/\/www.kayiprihtim.org\/portal\/wp-json\/wp\/v2\/posts\/30014\/revisions"}],"wp:attachment":[{"href":"https:\/\/www.kayiprihtim.org\/portal\/wp-json\/wp\/v2\/media?parent=30014"}],"wp:term":[{"taxonomy":"category","embeddable":true,"href":"https:\/\/www.kayiprihtim.org\/portal\/wp-json\/wp\/v2\/categories?post=30014"},{"taxonomy":"post_tag","embeddable":true,"href":"https:\/\/www.kayiprihtim.org\/portal\/wp-json\/wp\/v2\/tags?post=30014"}],"curies":[{"name":"wp","href":"https:\/\/api.w.org\/{rel}","templated":true}]}}