{"id":30442,"date":"2013-11-03T17:09:03","date_gmt":"2013-11-03T15:09:03","guid":{"rendered":"http:\/\/www.kayiprihtim.org\/portal\/?p=30442"},"modified":"2013-11-03T17:10:49","modified_gmt":"2013-11-03T15:10:49","slug":"anadolu-korku-oykuleri-2-cildiyle-karsimizda","status":"publish","type":"post","link":"https:\/\/www.kayiprihtim.org\/portal\/2013\/11\/03\/anadolu-korku-oykuleri-2-cildiyle-karsimizda\/","title":{"rendered":"&#8220;Anadolu Korku \u00d6yk\u00fcleri&#8221; 2. Cildiyle Kar\u015f\u0131m\u0131zda"},"content":{"rendered":"<p style=\"text-align: center;\"><img fetchpriority=\"high\" decoding=\"async\" class=\"aligncenter size-full wp-image-30443\" alt=\"\" src=\"https:\/\/www.kayiprihtim.org\/portal\/gorsel\/anadolu-korku-oykuleri-2-top.jpg\" width=\"467\" height=\"173\" srcset=\"https:\/\/www.kayiprihtim.org\/portal\/gorsel\/anadolu-korku-oykuleri-2-top.jpg 467w, https:\/\/www.kayiprihtim.org\/portal\/gorsel\/anadolu-korku-oykuleri-2-top-300x111.jpg 300w\" sizes=\"(max-width: 467px) 100vw, 467px\" \/><\/p>\n<p>Bundan 7. y\u0131l \u00f6nce, 6 gen\u00e7 yazar\u0131n kaleme ald\u0131\u011f\u0131 ve\u00a0<a title=\"Giovanni Scognamillo\" href=\"https:\/\/www.kayiprihtim.org\/portal\/yazar\/giovanni-scognamillo\/\"><strong>Giovanni Scognamillo<\/strong><\/a> \u00f6ns\u00f6z\u00fcyle yay\u0131nlad\u0131klar\u0131 <a title=\"Anadolu Korku \u00d6yk\u00fcleri \u2013 2\" href=\"https:\/\/www.kayiprihtim.org\/portal\/kitap\/anadolu-korku-oykuleri-2\/\"><span style=\"font-size: medium; color: #993300;\"><strong>Anadolu Korku \u00d6yk\u00fcleri<\/strong><\/span><\/a> kitab\u0131, yeni \u00f6yk\u00fclerle, <span style=\"font-size: medium;\"><strong>2.<\/strong><\/span> defa kar\u015f\u0131m\u0131zda.<\/p>\n<p><a href=\"https:\/\/www.kayiprihtim.org\/portal\/kitap\/anadolu-korku-oykuleri-2\/\"><img decoding=\"async\" class=\"alignright size-medium wp-image-30441\" title=\"Anadolu Korku \u00d6yk\u00fcleri \u2013 2\" alt=\"\" src=\"https:\/\/www.kayiprihtim.org\/portal\/gorsel\/anadolu-korku-oykuleri-2-191x300.jpg\" width=\"191\" height=\"300\" srcset=\"https:\/\/www.kayiprihtim.org\/portal\/gorsel\/anadolu-korku-oykuleri-2-191x300.jpg 191w, https:\/\/www.kayiprihtim.org\/portal\/gorsel\/anadolu-korku-oykuleri-2.jpg 345w\" sizes=\"(max-width: 191px) 100vw, 191px\" \/><\/a>\u00c7ocuklu\u011fumuzdan an\u0131msad\u0131\u011f\u0131m\u0131z korku sahneleri vard\u0131r. Ya bir kitapta okuyup g\u00f6z\u00fcm\u00fczde canland\u0131rm\u0131\u015f ya da bir filmde seyredip zihnimize kaz\u0131m\u0131\u015f\u0131zd\u0131r. Bizi etkilemi\u015ftir; karanl\u0131k korkumuzu, yaln\u0131zl\u0131k korkumuzu besleyip b\u00fcy\u00fctm\u00fc\u015ft\u00fcr. Y\u0131llar sonra da an\u0131msar\u0131z: Belki tek karelik patlay\u0131p s\u00f6nen bir fla\u015f; belki keskin tiz bir \u00e7\u0131\u011fl\u0131k olarak kat\u0131l\u0131r g\u00fcndelik ya\u015fam\u0131m\u0131za. Dolunay geceleri, kurt adam di\u015fleri, vampir g\u00f6zleri malzeme olu\u015fturur k\u00e2buslar\u0131m\u0131za.<\/p>\n<p>Yine de \u00e7ok \u201ctan\u0131d\u0131k\u201d de\u011fildir bu \u201ckorku\u201d. Kurgusunda, t\u0131n\u0131s\u0131nda, renginde, kokusunda, sesinde, nefesinde bir yabanc\u0131l\u0131k, bir uzakl\u0131k vard\u0131r. Benli\u011fimize katmay\u0131z, iliklerimize i\u015flemez, k\u00fc\u00e7\u00fcmseyebiliriz onu; hatta dalga ge\u00e7ebiliriz bu korkuyla. \u00c7\u00fcnk\u00fc \u201cbizden\u201d de\u011fildir; yolumuza \u00e7\u0131kmayacakt\u0131r, ba\u015f\u0131m\u0131za gelmeyecektir\u2026<\/p>\n<p><b><em> <a href=\"https:\/\/www.kayiprihtim.org\/portal\/yazar\/aysegul-nergis\/\" rel=\"tag\">Ay\u015feg\u00fcl Nergis<\/a><\/em>, <em><a href=\"https:\/\/www.kayiprihtim.org\/portal\/yazar\/demokan-atasoy\/\" rel=\"tag\">Demokan Atasoy<\/a><\/em>, <em><a href=\"https:\/\/www.kayiprihtim.org\/portal\/yazar\/galip-dursun\/\" rel=\"tag\">Galip Dursun<\/a><\/em>, <em><a href=\"https:\/\/www.kayiprihtim.org\/portal\/yazar\/isin-beril-tetik\/\" rel=\"tag\">I\u015f\u0131n Beril Tetik<\/a><\/em>, <em><a href=\"https:\/\/www.kayiprihtim.org\/portal\/yazar\/koray-gunyasar\/\" rel=\"tag\">Koray G\u00fcnya\u015far<\/a><\/em>, <em><a href=\"https:\/\/www.kayiprihtim.org\/portal\/yazar\/mehmet-berk-yaltirik\/\" rel=\"tag\">Mehmet Berk Yalt\u0131r\u0131k<\/a> <\/em><\/b>ve <em><b><a href=\"https:\/\/www.kayiprihtim.org\/portal\/yazar\/umut-dulger\/\" rel=\"tag\">Umut D\u00fclger<\/a><\/b><\/em>\u2019in kaleme ald\u0131klar\u0131 \u00f6yk\u00fclerden olu\u015fan bu ikinci cilt raflardaki yerini almaya ba\u015flam\u0131\u015fken \u0130stanbul T\u00dcYAP Kitap Fuar\u0131, <em>Bilgi Yay\u0131nevi<\/em> stand\u0131ndan da temin edilebilir. Ayr\u0131ca 5 Kas\u0131m 2013 Sal\u0131 g\u00fcn\u00fc saat 14:00&#8217;da yine ayn\u0131 yerde imza g\u00fcn\u00fc d\u00fczenlenecektir. Detaylara <a href=\"https:\/\/www.facebook.com\/events\/444355259009360\/?fref=ts\" target=\"_blank\" rel=\"nofollow noopener\"><span style=\"font-size: medium;\"><strong>buradan<\/strong><\/span><\/a> ula\u015fabilirsiniz.<\/p>\n<p>Kapak g\u00f6rselini, ilk ciltte de oldu\u011fu gibi <strong><em>Engin Deniz Erba\u015f<\/em> <\/strong>haz\u0131rlad\u0131. Tan\u0131t\u0131m ve k\u00fcnye bilgileri i\u00e7in <a title=\"Anadolu Korku \u00d6yk\u00fcleri \u2013 2\" href=\"https:\/\/www.kayiprihtim.org\/portal\/kitap\/anadolu-korku-oykuleri-2\/\"><span style=\"font-size: medium;\"><strong>buraya<\/strong><\/span><\/a> t\u0131klayabilirsiniz.<\/p>\n","protected":false},"excerpt":{"rendered":"<p>Bundan 7. y\u0131l \u00f6nce, 6 gen\u00e7 yazar\u0131n kaleme ald\u0131\u011f\u0131 ve\u00a0Giovanni Scognamillo \u00f6ns\u00f6z\u00fcyle yay\u0131nlad\u0131klar\u0131 Anadolu Korku \u00d6yk\u00fcleri kitab\u0131, yeni \u00f6yk\u00fclerle, 2. defa kar\u015f\u0131m\u0131zda. \u00c7ocuklu\u011fumuzdan an\u0131msad\u0131\u011f\u0131m\u0131z korku sahneleri vard\u0131r. Ya bir kitapta okuyup g\u00f6z\u00fcm\u00fczde canland\u0131rm\u0131\u015f ya da bir filmde seyredip zihnimize kaz\u0131m\u0131\u015f\u0131zd\u0131r. Bizi etkilemi\u015ftir; karanl\u0131k korkumuzu, yaln\u0131zl\u0131k korkumuzu besleyip b\u00fcy\u00fctm\u00fc\u015ft\u00fcr. Y\u0131llar sonra da an\u0131msar\u0131z: Belki tek karelik [&hellip;]<\/p>\n","protected":false},"author":1,"featured_media":30443,"comment_status":"open","ping_status":"closed","sticky":false,"template":"","format":"standard","meta":{"_acf_changed":false,"footnotes":""},"categories":[1],"tags":[2204,316,2202,2198,2203,1546,580,2199,20,2200,1452,22,2201],"class_list":{"0":"post-30442","1":"post","2":"type-post","3":"status-publish","4":"format-standard","5":"has-post-thumbnail","7":"category-diger","8":"tag-anadolu-korku-oykuleri","9":"tag-aysegul-nergis","10":"tag-bilgi-yayinevi","11":"tag-demokan-atasoy","12":"tag-engin-deniz-erbas","13":"tag-galip-dursun","14":"tag-giovanni-scognamillo","15":"tag-isin-beril-tetik","16":"tag-istanbul-kitap-fuari","17":"tag-koray-gunyasar","18":"tag-mehmet-berk-yaltirik","19":"tag-tuyap","20":"tag-umut-dulger"},"acf":[],"_links":{"self":[{"href":"https:\/\/www.kayiprihtim.org\/portal\/wp-json\/wp\/v2\/posts\/30442","targetHints":{"allow":["GET"]}}],"collection":[{"href":"https:\/\/www.kayiprihtim.org\/portal\/wp-json\/wp\/v2\/posts"}],"about":[{"href":"https:\/\/www.kayiprihtim.org\/portal\/wp-json\/wp\/v2\/types\/post"}],"author":[{"embeddable":true,"href":"https:\/\/www.kayiprihtim.org\/portal\/wp-json\/wp\/v2\/users\/1"}],"replies":[{"embeddable":true,"href":"https:\/\/www.kayiprihtim.org\/portal\/wp-json\/wp\/v2\/comments?post=30442"}],"version-history":[{"count":0,"href":"https:\/\/www.kayiprihtim.org\/portal\/wp-json\/wp\/v2\/posts\/30442\/revisions"}],"wp:featuredmedia":[{"embeddable":true,"href":"https:\/\/www.kayiprihtim.org\/portal\/wp-json\/wp\/v2\/media\/30443"}],"wp:attachment":[{"href":"https:\/\/www.kayiprihtim.org\/portal\/wp-json\/wp\/v2\/media?parent=30442"}],"wp:term":[{"taxonomy":"category","embeddable":true,"href":"https:\/\/www.kayiprihtim.org\/portal\/wp-json\/wp\/v2\/categories?post=30442"},{"taxonomy":"post_tag","embeddable":true,"href":"https:\/\/www.kayiprihtim.org\/portal\/wp-json\/wp\/v2\/tags?post=30442"}],"curies":[{"name":"wp","href":"https:\/\/api.w.org\/{rel}","templated":true}]}}