{"id":30957,"date":"2013-12-04T17:47:17","date_gmt":"2013-12-04T15:47:17","guid":{"rendered":"http:\/\/www.kayiprihtim.org\/portal\/?p=30957"},"modified":"2013-12-04T17:47:17","modified_gmt":"2013-12-04T15:47:17","slug":"eolin-destaninda-ruyzouyun-intikami","status":"publish","type":"post","link":"https:\/\/www.kayiprihtim.org\/portal\/2013\/12\/04\/eolin-destaninda-ruyzouyun-intikami\/","title":{"rendered":"Eolin Destan\u0131&#8217;nda &#8220;Ruyzouy\u2019un \u0130ntikam\u0131&#8221;"},"content":{"rendered":"<p><img fetchpriority=\"high\" decoding=\"async\" class=\"aligncenter size-full wp-image-30960\" alt=\"\" src=\"https:\/\/www.kayiprihtim.org\/portal\/gorsel\/ruyzouyun-intikami-top.jpg\" width=\"467\" height=\"241\" srcset=\"https:\/\/www.kayiprihtim.org\/portal\/gorsel\/ruyzouyun-intikami-top.jpg 467w, https:\/\/www.kayiprihtim.org\/portal\/gorsel\/ruyzouyun-intikami-top-300x154.jpg 300w\" sizes=\"(max-width: 467px) 100vw, 467px\" \/><\/p>\n<p><em><b><a href=\"https:\/\/www.kayiprihtim.org\/portal\/yazar\/bulent-ogeyik\/\" rel=\"tag\">B\u00fclent \u00d6geyik<\/a><\/b><\/em>\u2019in kaleme ald\u0131\u011f\u0131 <a href=\"https:\/\/www.kayiprihtim.org\/portal\/seri\/eolin-destani\/\"><strong>Eolin Destan\u0131<\/strong><\/a>\u2019n\u0131n \u00fc\u00e7\u00fcnc\u00fc kitab\u0131 &#8220;<a title=\"Ruyzouy\u2019un \u0130ntikam\u0131\" href=\"https:\/\/www.kayiprihtim.org\/portal\/kitap\/ruyzouyun-intikami\/\"><span style=\"font-size: medium; color: #993300;\"><strong>Ruyzouy\u2019un \u0130ntikam\u0131<\/strong><\/span><\/a>&#8221; yak\u0131n zamanda raflardaki yerini al\u0131yor.<\/p>\n<blockquote>\n<p style=\"text-align: left;\"><i><a href=\"https:\/\/www.kayiprihtim.org\/portal\/kitap\/ruyzouyun-intikami\/\"><img decoding=\"async\" class=\"alignright size-medium wp-image-30953\" alt=\"Ruyzouy\u2019un \u0130ntikam\u0131\" src=\"https:\/\/www.kayiprihtim.org\/portal\/gorsel\/ruyzouyun-intikami-203x300.jpg\" width=\"184\" height=\"273\" \/><\/a><\/i>\u201c\u0130nsan \u0131rk\u0131,\u201d dedi Klouy, hizmetk\u00e2r\u0131yla konu\u015fur gibi itaatk\u00e2r bir sesle. \u201cKourden, onlar hakk\u0131nda ne biliyordu?\u201d<\/p>\n<p style=\"text-align: left;\">\u201c\u0130nsan \u0131rk\u0131 m\u0131?\u201d diye tekrarlad\u0131 Oddvar, b\u00f6yle bir \u0131rk\u0131 ilk kez duydu\u011funu ku\u015fku g\u00f6t\u00fcrmez bir vurguyla. \u201cSemdurlar gibi d\u00f6n\u00fc\u015ft\u00fcr\u00fclm\u00fc\u015f bir \u0131rktan m\u0131 bahsediyorsun, Efendi Klouy?\u201d<\/p>\n<\/blockquote>\n<p><b>Ejder, Kyezin\u2019i; Dretsull Ordusu, Eolin\u2019i; a\u015fk, her iki karay\u0131 birden sall\u0131yor. <\/b><\/p>\n<p>Kitab\u0131n ilk b\u00f6l\u00fcm\u00fcn\u00fc i\u00e7eren \u00d6N OKUMAs\u0131 i\u00e7in yapman\u0131z gereken tek \u015fey <a href=\"https:\/\/drive.google.com\/file\/d\/0BxFXB0sgLgW2NDZJR1p1WEpmT28\/edit?usp=sharing\" target=\"_blank\" rel=\"nofollow noopener\"><span style=\"font-size: large; font-family: georgia,palatino;\"><strong>BURAYA<\/strong><\/span><\/a> t\u0131klamak!<\/p>\n<p><em>Laika Yay\u0131nlar\u0131<\/em>\u2019ndan \u00e7\u0131kacak roman\u0131n kapak g\u00f6rseli <em>Erta\u00e7 Alt\u0131n\u00f6z\u2019<\/em>e ait. Tan\u0131t\u0131m ve k\u00fcnye bilgileri i\u00e7in <a title=\"Ruyzouy\u2019un \u0130ntikam\u0131\" href=\"https:\/\/www.kayiprihtim.org\/portal\/kitap\/ruyzouyun-intikami\/\"><span style=\"font-size: medium;\"><strong>buraya<\/strong><\/span><\/a> t\u0131klayabilirsiniz.<\/p>\n","protected":false},"excerpt":{"rendered":"<p>B\u00fclent \u00d6geyik\u2019in kaleme ald\u0131\u011f\u0131 Eolin Destan\u0131\u2019n\u0131n \u00fc\u00e7\u00fcnc\u00fc kitab\u0131 &#8220;Ruyzouy\u2019un \u0130ntikam\u0131&#8221; yak\u0131n zamanda raflardaki yerini al\u0131yor. \u201c\u0130nsan \u0131rk\u0131,\u201d dedi Klouy, hizmetk\u00e2r\u0131yla konu\u015fur gibi itaatk\u00e2r bir sesle. \u201cKourden, onlar hakk\u0131nda ne biliyordu?\u201d \u201c\u0130nsan \u0131rk\u0131 m\u0131?\u201d diye tekrarlad\u0131 Oddvar, b\u00f6yle bir \u0131rk\u0131 ilk kez duydu\u011funu ku\u015fku g\u00f6t\u00fcrmez bir vurguyla. \u201cSemdurlar gibi d\u00f6n\u00fc\u015ft\u00fcr\u00fclm\u00fc\u015f bir \u0131rktan m\u0131 bahsediyorsun, Efendi Klouy?\u201d [&hellip;]<\/p>\n","protected":false},"author":1,"featured_media":30960,"comment_status":"open","ping_status":"closed","sticky":false,"template":"","format":"standard","meta":{"_acf_changed":false,"footnotes":""},"categories":[3,1053],"tags":[1746,1745,514,500],"class_list":{"0":"post-30957","1":"post","2":"type-post","3":"status-publish","4":"format-standard","5":"has-post-thumbnail","7":"category-fantastik-kitaplar","8":"category-on-okumalar","9":"tag-bulent-ogeyik","10":"tag-eolin-destani","11":"tag-ertac-altinoz","12":"tag-laika-yayinlari"},"acf":[],"_links":{"self":[{"href":"https:\/\/www.kayiprihtim.org\/portal\/wp-json\/wp\/v2\/posts\/30957","targetHints":{"allow":["GET"]}}],"collection":[{"href":"https:\/\/www.kayiprihtim.org\/portal\/wp-json\/wp\/v2\/posts"}],"about":[{"href":"https:\/\/www.kayiprihtim.org\/portal\/wp-json\/wp\/v2\/types\/post"}],"author":[{"embeddable":true,"href":"https:\/\/www.kayiprihtim.org\/portal\/wp-json\/wp\/v2\/users\/1"}],"replies":[{"embeddable":true,"href":"https:\/\/www.kayiprihtim.org\/portal\/wp-json\/wp\/v2\/comments?post=30957"}],"version-history":[{"count":0,"href":"https:\/\/www.kayiprihtim.org\/portal\/wp-json\/wp\/v2\/posts\/30957\/revisions"}],"wp:featuredmedia":[{"embeddable":true,"href":"https:\/\/www.kayiprihtim.org\/portal\/wp-json\/wp\/v2\/media\/30960"}],"wp:attachment":[{"href":"https:\/\/www.kayiprihtim.org\/portal\/wp-json\/wp\/v2\/media?parent=30957"}],"wp:term":[{"taxonomy":"category","embeddable":true,"href":"https:\/\/www.kayiprihtim.org\/portal\/wp-json\/wp\/v2\/categories?post=30957"},{"taxonomy":"post_tag","embeddable":true,"href":"https:\/\/www.kayiprihtim.org\/portal\/wp-json\/wp\/v2\/tags?post=30957"}],"curies":[{"name":"wp","href":"https:\/\/api.w.org\/{rel}","templated":true}]}}