{"id":31100,"date":"2013-12-17T11:27:11","date_gmt":"2013-12-17T09:27:11","guid":{"rendered":"http:\/\/www.kayiprihtim.org\/portal\/?p=31100"},"modified":"2013-12-17T11:35:10","modified_gmt":"2013-12-17T09:35:10","slug":"philip-k-dick-film-festivalinde-2-adim","status":"publish","type":"post","link":"https:\/\/www.kayiprihtim.org\/portal\/2013\/12\/17\/philip-k-dick-film-festivalinde-2-adim\/","title":{"rendered":"Philip K. Dick Film Festivali&#8217;nde 2. Ad\u0131m"},"content":{"rendered":"<p style=\"text-align: center;\"><img fetchpriority=\"high\" decoding=\"async\" class=\"aligncenter size-full wp-image-31106\" alt=\"\" src=\"https:\/\/www.kayiprihtim.org\/portal\/gorsel\/philipkdick-film-festival.jpg\" width=\"467\" height=\"152\" srcset=\"https:\/\/www.kayiprihtim.org\/portal\/gorsel\/philipkdick-film-festival.jpg 467w, https:\/\/www.kayiprihtim.org\/portal\/gorsel\/philipkdick-film-festival-300x97.jpg 300w\" sizes=\"(max-width: 467px) 100vw, 467px\" \/><\/p>\n<p>Bu y\u0131l 2.\u2019si d\u00fczenlenecek olan <span style=\"font-size: medium; color: #993300;\"><strong><a href=\"http:\/\/www.thephilipkdickfilmfestival.com\/\" target=\"_blank\" rel=\"nofollow noopener\"><span style=\"color: #993300;\">Philip K. Dick Film Festivali<\/span><\/a><\/strong><\/span>, yine orijinal konulara sahip ba\u011f\u0131ms\u0131z filmleri \u00f6d\u00fcllendirmeye devam ediyor.<\/p>\n<p>\u00d6d\u00fcl\u00fcn amac\u0131 <a title=\"Philip K. Dick\" href=\"https:\/\/www.kayiprihtim.org\/portal\/yazar\/philip-k-dick\/\" target=\"_blank\"><strong><em>Philip K. Dick<\/em><\/strong><\/a>, <em><strong>Jorge Luis Borges<\/strong><\/em>, <strong><em>Italo Calvino, Robert Anton Wilson, <a title=\"Franz Kafka\" href=\"https:\/\/www.kayiprihtim.org\/portal\/yazar\/franz-kafka\/\">Franz Kafka<\/a><\/em><\/strong> gibi ustalar\u0131n yolunu izleyen ya da onlardan esinlenen; hatta ve hatta t\u00fcr\u00fc ne olursa olsun kendi i\u00e7inde bir \u00f6zg\u00fcnl\u00fc\u011f\u00fce sahip olan ba\u011f\u0131ms\u0131z filmleri hem \u00f6d\u00fcllendirmek hem de tan\u0131tmak. Bu alanda 2.\u2019si d\u00fczenlenen festivalde yine gen\u00e7 yetenekler ve beyaz perdede kolay kolay g\u00f6remeyece\u011fimiz \u00f6zg\u00fcnl\u00fckteki konular g\u00fcn y\u00fcz\u00fcne \u00e7\u0131kt\u0131.<\/p>\n<p>2013 y\u0131l\u0131n\u0131n ba\u015fl\u0131klar\u0131 ve kazanan ba\u011f\u0131ms\u0131z ve bir o kadar s\u0131ra d\u0131\u015f\u0131 yap\u0131tlar\u0131ysa \u015f\u00f6yle:<\/p>\n<h3><b>En \u0130yi Dramatik \u00c7at\u0131\u015fma<\/b><\/h3>\n<p><span style=\"font-size: large; font-family: georgia,palatino;\"><strong>Son of Man<\/strong><\/span><br \/>\n<em>Y\u00f6netmen<\/em>: Janek Ambros<\/p>\n<h3><b>En \u0130yi \u0130nternet Dizisi\/Fragman\u0131<\/b><\/h3>\n<p><span style=\"font-size: large; font-family: georgia,palatino;\"><strong>Deadstar<\/strong><\/span><br \/>\n<em>Y\u00f6netmen<\/em>: Brandon Wright<\/p>\n<h3 style=\"text-align: left;\"><b>En \u0130yi Uzun Metrajl\u0131 Bilimkurgu Filmi<\/b><\/h3>\n<p><strong><span style=\"font-size: large; font-family: georgia,palatino;\">Vessel<\/span><\/strong><br \/>\n<em>Y\u00f6netmen<\/em>: Adam Ciancio<\/p>\n<h3 style=\"text-align: left;\"><b>En \u0130yi K\u0131sa Metrajl\u0131 Bilimkurgu Filmi<\/b><\/h3>\n<p><span style=\"font-size: large; font-family: georgia,palatino;\"><strong>Emit<\/strong><\/span><br \/>\n<em>Y\u00f6netmen<\/em>: J.S. Mayank<\/p>\n<h3 style=\"text-align: left;\"><b>En \u0130yi Tekillik, D\u00fcnyan\u0131n Sonu ve K\u0131yamet Sonras\u0131 Filmi<\/b><\/h3>\n<p><span style=\"font-size: large; font-family: georgia,palatino;\"><strong>Karon<\/strong><\/span><br \/>\n<em>Y\u00f6netmen<\/em>: Erez Avni ve Itai Edry<\/p>\n<h3><b>En \u0130yi Korku\/Do\u011fa\u00fcst\u00fc K\u0131sa Metrajl\u0131 Film<\/b><\/h3>\n<p><span style=\"font-size: large; font-family: georgia,palatino;\"><strong>Territorial<\/strong><\/span><br \/>\n<em>Y\u00f6netmen<\/em>:Jessica Curtright ve Santiago C. Tapia; <em>Produced by<\/em> Efren Ramirez<\/p>\n<h3><b>En \u0130yi Korku\/Do\u011fa\u00fcst\u00fc Uzun Metrajl\u0131 Film<\/b><\/h3>\n<p><span style=\"font-size: large; font-family: georgia,palatino;\"><strong>Thanatomorphose<\/strong><\/span><br \/>\n<em>Y\u00f6netmen<\/em>: \u00c9ric Falardeau<\/p>\n<h3><b>En \u0130yi Philip K. Dick K\u0131sa Metrajl\u0131 Filmi<\/b><\/h3>\n<p><span style=\"font-size: large; font-family: georgia,palatino;\"><strong>The Crystal Crypt<\/strong><\/span><br \/>\n<em>Y\u00f6netmen<\/em>: Shahab Zargari<\/p>\n<h3><b>En \u0130yi Belgesel<\/b><\/h3>\n<p style=\"text-align: left;\"><span style=\"font-size: large; font-family: georgia,palatino;\"><strong>Adjust Your Tracking: The Untold Story of The VHS Collector<\/strong><\/span><br \/>\n<em>Y\u00f6netmen<\/em>: Dan M. Kinem ve Levi Peretic<\/p>\n","protected":false},"excerpt":{"rendered":"<p>Bu y\u0131l 2.\u2019si d\u00fczenlenecek olan Philip K. Dick Film Festivali, yine orijinal konulara sahip ba\u011f\u0131ms\u0131z filmleri \u00f6d\u00fcllendirmeye devam ediyor. \u00d6d\u00fcl\u00fcn amac\u0131 Philip K. Dick, Jorge Luis Borges, Italo Calvino, Robert Anton Wilson, Franz Kafka gibi ustalar\u0131n yolunu izleyen ya da onlardan esinlenen; hatta ve hatta t\u00fcr\u00fc ne olursa olsun kendi i\u00e7inde bir \u00f6zg\u00fcnl\u00fc\u011f\u00fce sahip olan [&hellip;]<\/p>\n","protected":false},"author":1,"featured_media":0,"comment_status":"open","ping_status":"closed","sticky":false,"template":"","format":"standard","meta":{"_acf_changed":false,"footnotes":""},"categories":[69,36],"tags":[2265,1477,2337,469,1839,926,2338],"class_list":{"0":"post-31100","1":"post","2":"type-post","3":"status-publish","4":"format-standard","6":"category-etkinlik","7":"category-fantastik-perde","8":"tag-borges","9":"tag-franz-kafka","10":"tag-italo-calvino","11":"tag-odul","12":"tag-odul-haberi","13":"tag-philip-k-dick","14":"tag-robert-anton-wilson"},"acf":[],"_links":{"self":[{"href":"https:\/\/www.kayiprihtim.org\/portal\/wp-json\/wp\/v2\/posts\/31100","targetHints":{"allow":["GET"]}}],"collection":[{"href":"https:\/\/www.kayiprihtim.org\/portal\/wp-json\/wp\/v2\/posts"}],"about":[{"href":"https:\/\/www.kayiprihtim.org\/portal\/wp-json\/wp\/v2\/types\/post"}],"author":[{"embeddable":true,"href":"https:\/\/www.kayiprihtim.org\/portal\/wp-json\/wp\/v2\/users\/1"}],"replies":[{"embeddable":true,"href":"https:\/\/www.kayiprihtim.org\/portal\/wp-json\/wp\/v2\/comments?post=31100"}],"version-history":[{"count":0,"href":"https:\/\/www.kayiprihtim.org\/portal\/wp-json\/wp\/v2\/posts\/31100\/revisions"}],"wp:attachment":[{"href":"https:\/\/www.kayiprihtim.org\/portal\/wp-json\/wp\/v2\/media?parent=31100"}],"wp:term":[{"taxonomy":"category","embeddable":true,"href":"https:\/\/www.kayiprihtim.org\/portal\/wp-json\/wp\/v2\/categories?post=31100"},{"taxonomy":"post_tag","embeddable":true,"href":"https:\/\/www.kayiprihtim.org\/portal\/wp-json\/wp\/v2\/tags?post=31100"}],"curies":[{"name":"wp","href":"https:\/\/api.w.org\/{rel}","templated":true}]}}