{"id":33771,"date":"2014-07-03T23:20:19","date_gmt":"2014-07-03T20:20:19","guid":{"rendered":"http:\/\/www.kayiprihtim.org\/portal\/?p=33771"},"modified":"2014-07-03T23:20:19","modified_gmt":"2014-07-03T20:20:19","slug":"doga-tarihi-cikti","status":"publish","type":"post","link":"https:\/\/www.kayiprihtim.org\/portal\/2014\/07\/03\/doga-tarihi-cikti\/","title":{"rendered":"&#8220;Do\u011fa Tarihi&#8221; \u00c7\u0131kt\u0131!"},"content":{"rendered":"<p style=\"text-align: center;\"><img fetchpriority=\"high\" decoding=\"async\" class=\"aligncenter size-full wp-image-33783\" src=\"https:\/\/www.kayiprihtim.org\/portal\/gorsel\/2014\/07\/doga-tarihi-top.jpg\" alt=\"doga tarihi top\" width=\"467\" height=\"220\" srcset=\"https:\/\/www.kayiprihtim.org\/portal\/gorsel\/2014\/07\/doga-tarihi-top.jpg 467w, https:\/\/www.kayiprihtim.org\/portal\/gorsel\/2014\/07\/doga-tarihi-top-300x141.jpg 300w\" sizes=\"(max-width: 467px) 100vw, 467px\" \/><\/p>\n<p><span style=\"font-size: 12pt;\"><strong>Korku, gerilim ve fantastik edebiyat t\u00fcrlerindeki eserleriyle tan\u0131d\u0131\u011f\u0131m\u0131z de\u011ferli yazar <em><a title=\"Hakan B\u0131\u00e7akc\u0131\" href=\"https:\/\/www.kayiprihtim.org\/portal\/yazar\/hakan-bicakci\/\">Hakan B\u0131\u00e7akc\u0131<\/a><\/em>\u2019n\u0131n son kitab\u0131 \u201c<a title=\"Do\u011fa Tarihi\" href=\"https:\/\/www.kayiprihtim.org\/portal\/kitap\/doga-tarihi\/\"><span style=\"color: #993300;\">Do\u011fa Tarihi<\/span><\/a>\u201d \u00e7\u0131kt\u0131!<\/strong><\/span><\/p>\n<p>Bu defa g\u00fcn\u00fcm\u00fczde ge\u00e7en bir distopyay\u0131, plaza d\u00fcnyas\u0131na sa\u011flam darbeler vurarak kaleme al\u0131yor.<\/p>\n<blockquote><p>\u201cHakan B\u0131\u00e7akc\u0131, metropol tekinsizli\u011fine bu defa bir kad\u0131n\u0131n g\u00f6z\u00fcnden bak\u0131yor. Rekabetin, te\u015fhirin, g\u00fczel ve mutlu g\u00f6r\u00fcnmenin dayan\u0131lmaz bask\u0131s\u0131n\u0131 Do\u011fa\u2019yla resmediyor. Do\u011fa Tarihi, plaza-site-al\u0131\u015fveri\u015f merkezi \u00fc\u00e7geninde s\u0131k\u0131\u015fm\u0131\u015f hayatlar\u0131 anlatan, g\u00fcn\u00fcm\u00fczde ge\u00e7en bir distopya. \u201d<\/p><\/blockquote>\n<p>Kitap yine\u00a0<a title=\"\u0130leti\u015fim Yay\u0131nlar\u0131\" href=\"https:\/\/www.kayiprihtim.org\/portal\/yayinevi\/iletisim-yayinlari\/\"><em><strong><strong>\u0130leti\u015fim Yay\u0131nlar\u0131<\/strong><\/strong><\/em><\/a>\u2019ndan yay\u0131mland\u0131. Kitab\u0131n edit\u00f6rl\u00fc\u011f\u00fcn\u00fc <em><strong>Levent Cantek<\/strong><\/em>, kapak tasar\u0131m\u0131n\u0131 ise <em><strong>Koray Ekremo\u011flu<\/strong><\/em> \u00fcstlendi. Eserin k\u00fcnye bilgilerine <span style=\"font-size: 12pt;\"><strong><a href=\"https:\/\/www.kayiprihtim.org\/portal\/kitap\/doga-tarihi\/\">buradan<\/a><\/strong><\/span> ula\u015fabilirsiniz.<\/p>\n","protected":false},"excerpt":{"rendered":"<p>Korku, gerilim ve fantastik edebiyat t\u00fcrlerindeki eserleriyle tan\u0131d\u0131\u011f\u0131m\u0131z de\u011ferli yazar Hakan B\u0131\u00e7akc\u0131\u2019n\u0131n son kitab\u0131 \u201cDo\u011fa Tarihi\u201d \u00e7\u0131kt\u0131! Bu defa g\u00fcn\u00fcm\u00fczde ge\u00e7en bir distopyay\u0131, plaza d\u00fcnyas\u0131na sa\u011flam darbeler vurarak kaleme al\u0131yor. \u201cHakan B\u0131\u00e7akc\u0131, metropol tekinsizli\u011fine bu defa bir kad\u0131n\u0131n g\u00f6z\u00fcnden bak\u0131yor. Rekabetin, te\u015fhirin, g\u00fczel ve mutlu g\u00f6r\u00fcnmenin dayan\u0131lmaz bask\u0131s\u0131n\u0131 Do\u011fa\u2019yla resmediyor. Do\u011fa Tarihi, plaza-site-al\u0131\u015fveri\u015f merkezi \u00fc\u00e7geninde [&hellip;]<\/p>\n","protected":false},"author":10,"featured_media":33783,"comment_status":"open","ping_status":"closed","sticky":false,"template":"","format":"standard","meta":{"_acf_changed":false,"footnotes":""},"categories":[1428],"tags":[547,546,728,727],"class_list":{"0":"post-33771","1":"post","2":"type-post","3":"status-publish","4":"format-standard","5":"has-post-thumbnail","7":"category-utopyadistopya","8":"tag-hakan-bicakci","9":"tag-iletisim-yayinlari","10":"tag-koray-ekremoglu","11":"tag-levent-cantek","12":"kose_yazari-onur-selamet-arsivi"},"acf":[],"_links":{"self":[{"href":"https:\/\/www.kayiprihtim.org\/portal\/wp-json\/wp\/v2\/posts\/33771","targetHints":{"allow":["GET"]}}],"collection":[{"href":"https:\/\/www.kayiprihtim.org\/portal\/wp-json\/wp\/v2\/posts"}],"about":[{"href":"https:\/\/www.kayiprihtim.org\/portal\/wp-json\/wp\/v2\/types\/post"}],"author":[{"embeddable":true,"href":"https:\/\/www.kayiprihtim.org\/portal\/wp-json\/wp\/v2\/users\/10"}],"replies":[{"embeddable":true,"href":"https:\/\/www.kayiprihtim.org\/portal\/wp-json\/wp\/v2\/comments?post=33771"}],"version-history":[{"count":0,"href":"https:\/\/www.kayiprihtim.org\/portal\/wp-json\/wp\/v2\/posts\/33771\/revisions"}],"wp:featuredmedia":[{"embeddable":true,"href":"https:\/\/www.kayiprihtim.org\/portal\/wp-json\/wp\/v2\/media\/33783"}],"wp:attachment":[{"href":"https:\/\/www.kayiprihtim.org\/portal\/wp-json\/wp\/v2\/media?parent=33771"}],"wp:term":[{"taxonomy":"category","embeddable":true,"href":"https:\/\/www.kayiprihtim.org\/portal\/wp-json\/wp\/v2\/categories?post=33771"},{"taxonomy":"post_tag","embeddable":true,"href":"https:\/\/www.kayiprihtim.org\/portal\/wp-json\/wp\/v2\/tags?post=33771"}],"curies":[{"name":"wp","href":"https:\/\/api.w.org\/{rel}","templated":true}]}}