{"id":35770,"date":"2014-11-14T20:58:03","date_gmt":"2014-11-14T18:58:03","guid":{"rendered":"http:\/\/www.kayiprihtim.org\/portal\/?p=35770"},"modified":"2014-11-14T21:02:08","modified_gmt":"2014-11-14T19:02:08","slug":"asimovun-vakifi-dizi-mi-oluyor","status":"publish","type":"post","link":"https:\/\/www.kayiprihtim.org\/portal\/2014\/11\/14\/asimovun-vakifi-dizi-mi-oluyor\/","title":{"rendered":"Asimov\u2019un Vak\u0131f\u2019\u0131 Dizi Mi Oluyor?"},"content":{"rendered":"<p style=\"text-align: center;\"><img fetchpriority=\"high\" decoding=\"async\" class=\"aligncenter size-full wp-image-35772\" src=\"https:\/\/www.kayiprihtim.org\/portal\/gorsel\/2014\/11\/asimov-nolan.jpg\" alt=\"asimov-nolan\" width=\"467\" height=\"303\" srcset=\"https:\/\/www.kayiprihtim.org\/portal\/gorsel\/2014\/11\/asimov-nolan.jpg 500w, https:\/\/www.kayiprihtim.org\/portal\/gorsel\/2014\/11\/asimov-nolan-300x194.jpg 300w\" sizes=\"(max-width: 467px) 100vw, 467px\" \/><\/p>\n<p style=\"text-align: justify;\"><span style=\"font-size: 12pt;\"><strong>The Wrap&#8217;in yay\u0131nlad\u0131\u011f\u0131 <a href=\"http:\/\/www.thewrap.com\/interstellars-jonah-nolan-developing-foundation-series-for-hbo-wbtv-exclusive\/\" target=\"_blank\" rel=\"nofollow noopener\">habere<\/a> g\u00f6re <span style=\"color: #993300;\">HBO<\/span> ve <span style=\"color: #993300;\">Warner Bros.<\/span> TV, <span style=\"color: #993300;\">Asimov<\/span>\u2019un <span style=\"color: #993300;\">Vak\u0131f \u00dc\u00e7lemesi<\/span>\u2019ni dizile\u015ftirmek i\u00e7in bir araya geliyor. <\/strong><\/span><\/p>\n<p style=\"text-align: justify;\">Dizinin yap\u0131mc\u0131 ve senarist koltu\u011funda ise tan\u0131d\u0131k bir isim var. <strong>Memento<\/strong> filmiyle en iyi \u00f6zg\u00fcn senaryo dal\u0131nda <strong>Oscar<\/strong> adayl\u0131\u011f\u0131na lay\u0131k g\u00f6r\u00fclen, karde\u015fi <em><strong>Christopher Nolan<\/strong><\/em> ile birlikte <strong>Prestij<\/strong>, <strong>Kara \u015e\u00f6valye<\/strong>, <strong>Kara \u015e\u00f6valye Y\u00fckseliyor<\/strong>, <strong>Y\u0131ld\u0131zlararas\u0131<\/strong> filmlerinin senaristli\u011fini \u00fcstlenmi\u015f ve <strong>Person of Interest<\/strong> dizisinin arkas\u0131ndaki beyin olan <span style=\"color: #993300; font-size: 12pt;\"><strong>Jonathan Nolan<\/strong><\/span> bu zor g\u00f6revi de \u00fcstlenecekmi\u015f gibi g\u00f6r\u00fcn\u00fcyor.<\/p>\n<p>Anlat\u0131lanlara bakacak olursak hali haz\u0131rda <strong>HBO<\/strong> i\u00e7in y\u00fcksek b\u00fct\u00e7eli bilimkurgu televizyon filmi <strong>Westworld<\/strong>\u2019\u00fc hayata ge\u00e7irmekle u\u011fra\u015fan <strong>Nolan<\/strong>, bir yandan da sessiz ve derinden \u00e7al\u0131\u015farak <a title=\"Vak\u0131f Serisi\" href=\"https:\/\/www.kayiprihtim.org\/portal\/seri\/vakif-serisi\/\"><span style=\"color: #993300; font-size: 12pt;\"><strong>Vak\u0131f<\/strong><\/span><\/a>\u2019\u0131n dizile\u015ftirilmesi i\u00e7in u\u011fra\u015fmaktaym\u0131\u015f. Kendisinin bu plan\u0131 ise ufak tefek ipu\u00e7lar\u0131 bir araya getirilerek ortaya d\u00f6k\u00fcld\u00fc.<\/p>\n<p>\u00d6ncelikle, <strong>Indiewire<\/strong>\u2019a verdi\u011fi bir <span style=\"color: #993300;\"><a style=\"color: #993300;\" href=\"http:\/\/blogs.indiewire.com\/theplaylist\/interview-interstellar-co-writer-jonathan-nolan-on-close-encounters-rewrites-more-20141104?page=2\/\" target=\"_blank\" rel=\"nofollow noopener\"><b>r\u00f6portajda<\/b><\/a><\/span> kendisinden \u2018hayran\u0131 oldu\u011fu ama insanlar\u0131n \u00e7ok fazla tan\u0131mad\u0131\u011f\u0131 bir bilimkurgu eseri\u2019 s\u00f6ylemesi istendi\u011finde bakal\u0131m <strong>Jonathan Nolan<\/strong> neler demi\u015f, g\u00f6relim:<\/p>\n<blockquote><p>\u201c<a title=\"Isaac Asimov\" href=\"https:\/\/www.kayiprihtim.org\/portal\/yazar\/isaac-asimov\/\"><span style=\"font-size: 12pt; color: #993300;\"><strong>Asimov<\/strong><\/span><\/a>\u2019un Vak\u0131f romanlar\u0131n\u0131 \u00f6yle b\u00f6yle sevmiyorum.\u00a0Kesinlikle fazla bilinmiyor de\u011filler; ama \u015fahsen t\u00fcm herkesin okumaktan fayda g\u00f6rece\u011fi kitaplar oldu\u011funu d\u00fc\u015f\u00fcnmekteyim. Acayip devasa bir etki alan\u0131 olan kitaplar bunlar; bir \u00e7ok taklit edeni var ve bir\u00e7o\u011fu da bu kitaplardan ilham ald\u0131, esinlendi; ama gidin ve \u2018bu\u2019 kitaplar\u0131 okuyun derim. Ve bu kitaplar \u00f6yle fikirler bar\u0131nd\u0131r\u0131yor ki sa\u00e7\u0131n\u0131za alev ald\u0131r\u0131r.\u201d<\/p><\/blockquote>\n<p><strong><a title=\"Vak\u0131f\" href=\"https:\/\/www.kayiprihtim.org\/portal\/kitap\/vakif\/\"><img decoding=\"async\" class=\"alignright\" src=\"https:\/\/www.kayiprihtim.org\/portal\/gorsel\/Vakif.jpg\" alt=\"\" width=\"190\" height=\"271\"><\/a>Vak\u0131f<\/strong> projesiyle ilgili bir ba\u015fka ger\u00e7ek de \u015fu: <strong>Sony Pictures<\/strong>, Vak\u0131f\u2019\u0131n haklar\u0131n\u0131 2009 y\u0131l\u0131nda eline alm\u0131\u015ft\u0131 ve projenin y\u00f6netmen ve yap\u0131mc\u0131 koltu\u011funa <strong>Roland Emmerich<\/strong>\u2019i getirmi\u015fti. Bundan iki sene sonras\u0131nda ise st\u00fcdyo, kitaplar\u0131 uyarlamas\u0131 i\u00e7in <strong>Dante Harper<\/strong>\u2019\u0131 projeye dahil etti. Vak\u0131f projesi hayata ge\u00e7meyi ba\u015faramad\u0131; fakat <strong>HBO<\/strong> ciddi mebla\u011flar \u00f6deyerek Vak\u0131f\u2019\u0131n haklar\u0131n\u0131 bu yaz ba\u015flar\u0131nda eline ge\u00e7irmeyi ba\u015farm\u0131\u015f.<\/p>\n<p><strong>HBO<\/strong> ve <strong>Warner Bros. TV<\/strong> yetkilileri konu hakk\u0131nda hen\u00fcz bir yorumda bulunmu\u015f de\u011fil. <strong>Nolan<\/strong>\u2019\u0131n temsilcilerinden biri ise proje hakk\u0131nda bir yorum yapmas\u0131 iste\u011fine \u015fimdilik d\u00f6nmemi\u015f g\u00f6z\u00fck\u00fcyor.<\/p>\n<p>\u00d6n\u00fcm\u00fczdeki g\u00fcnlerde ne gibi geli\u015fmelerle kar\u015f\u0131la\u015faca\u011f\u0131z, merakla beklemekteyiz.<\/p>\n<p><span style=\"font-family: georgia,palatino;\"><i>Vak\u0131f Serisi ile ilgili detayl\u0131 bilgiye forumumuzda bulunan <span style=\"color: #993300;\"><a style=\"color: #993300;\" href=\"https:\/\/www.kayiprihtim.org\/forum\/vakyf-serisi-b123.0\/\" target=\"_blank\"><b>\u015fu b\u00f6l\u00fcmden<\/b><\/a><\/span> ula\u015fabilirsiniz.<\/i><\/span><\/p>\n","protected":false},"excerpt":{"rendered":"<p>The Wrap&#8217;in yay\u0131nlad\u0131\u011f\u0131 habere g\u00f6re HBO ve Warner Bros. TV, Asimov\u2019un Vak\u0131f \u00dc\u00e7lemesi\u2019ni dizile\u015ftirmek i\u00e7in bir araya geliyor. Dizinin yap\u0131mc\u0131 ve senarist koltu\u011funda ise tan\u0131d\u0131k bir isim var. Memento filmiyle en iyi \u00f6zg\u00fcn senaryo dal\u0131nda Oscar adayl\u0131\u011f\u0131na lay\u0131k g\u00f6r\u00fclen, karde\u015fi Christopher Nolan ile birlikte Prestij, Kara \u015e\u00f6valye, Kara \u015e\u00f6valye Y\u00fckseliyor, Y\u0131ld\u0131zlararas\u0131 filmlerinin senaristli\u011fini \u00fcstlenmi\u015f ve [&hellip;]<\/p>\n","protected":false},"author":57,"featured_media":35772,"comment_status":"open","ping_status":"closed","sticky":false,"template":"","format":"standard","meta":{"_acf_changed":false,"footnotes":""},"categories":[80,646],"tags":[780,980,1356,2686,1351,602,3543,1123,2796,3540,376,3541,1352,2902,3537,1350,595,3542],"class_list":{"0":"post-35770","1":"post","2":"type-post","3":"status-publish","4":"format-standard","5":"has-post-thumbnail","7":"category-bilim-kurgu","8":"category-fantastik-diziler","9":"tag-batman","10":"tag-christopher-nolan","11":"tag-dante-harper","12":"tag-dizi","13":"tag-foundation","14":"tag-hbo","15":"tag-indiewire","16":"tag-isaac-asimov","17":"tag-jonathan-nolan","18":"tag-memento","19":"tag-oscar","20":"tag-person-of-interest","21":"tag-roland-emmerich","22":"tag-sony","23":"tag-the-wrap","24":"tag-vakif","25":"tag-warner-bros","26":"tag-westworld","27":"kose_yazari-volkan-caliskan"},"acf":[],"_links":{"self":[{"href":"https:\/\/www.kayiprihtim.org\/portal\/wp-json\/wp\/v2\/posts\/35770","targetHints":{"allow":["GET"]}}],"collection":[{"href":"https:\/\/www.kayiprihtim.org\/portal\/wp-json\/wp\/v2\/posts"}],"about":[{"href":"https:\/\/www.kayiprihtim.org\/portal\/wp-json\/wp\/v2\/types\/post"}],"author":[{"embeddable":true,"href":"https:\/\/www.kayiprihtim.org\/portal\/wp-json\/wp\/v2\/users\/57"}],"replies":[{"embeddable":true,"href":"https:\/\/www.kayiprihtim.org\/portal\/wp-json\/wp\/v2\/comments?post=35770"}],"version-history":[{"count":0,"href":"https:\/\/www.kayiprihtim.org\/portal\/wp-json\/wp\/v2\/posts\/35770\/revisions"}],"wp:featuredmedia":[{"embeddable":true,"href":"https:\/\/www.kayiprihtim.org\/portal\/wp-json\/wp\/v2\/media\/35772"}],"wp:attachment":[{"href":"https:\/\/www.kayiprihtim.org\/portal\/wp-json\/wp\/v2\/media?parent=35770"}],"wp:term":[{"taxonomy":"category","embeddable":true,"href":"https:\/\/www.kayiprihtim.org\/portal\/wp-json\/wp\/v2\/categories?post=35770"},{"taxonomy":"post_tag","embeddable":true,"href":"https:\/\/www.kayiprihtim.org\/portal\/wp-json\/wp\/v2\/tags?post=35770"}],"curies":[{"name":"wp","href":"https:\/\/api.w.org\/{rel}","templated":true}]}}