{"id":36845,"date":"2015-01-28T19:15:51","date_gmt":"2015-01-28T17:15:51","guid":{"rendered":"http:\/\/www.kayiprihtim.org\/portal\/?p=36845"},"modified":"2015-01-28T19:15:51","modified_gmt":"2015-01-28T17:15:51","slug":"robinsonin-kizil-marsini-ekranlarda-izlemeye-var-misiniz","status":"publish","type":"post","link":"https:\/\/www.kayiprihtim.org\/portal\/2015\/01\/28\/robinsonin-kizil-marsini-ekranlarda-izlemeye-var-misiniz\/","title":{"rendered":"Robinson&#8217;\u0131n K\u0131z\u0131l Mars&#8217;\u0131n\u0131 Ekranlarda \u0130zlemeye Var M\u0131s\u0131n\u0131z?"},"content":{"rendered":"<p style=\"text-align: center;\"><img fetchpriority=\"high\" decoding=\"async\" class=\"aligncenter size-full wp-image-36888\" src=\"https:\/\/www.kayiprihtim.org\/portal\/gorsel\/2015\/01\/kizil-mars-dizi.jpg\" alt=\"kizil mars dizi\" width=\"467\" height=\"280\" srcset=\"https:\/\/www.kayiprihtim.org\/portal\/gorsel\/2015\/01\/kizil-mars-dizi.jpg 500w, https:\/\/www.kayiprihtim.org\/portal\/gorsel\/2015\/01\/kizil-mars-dizi-300x180.jpg 300w\" sizes=\"(max-width: 467px) 100vw, 467px\" \/><\/p>\n<p><span style=\"font-size: 12pt;\"><strong><span style=\"color: #993300;\"><em>Kim Stanley Robinson<\/em><\/span>\u2019\u0131n <em>Mars \u00dc\u00e7lemesi<\/em> (<span style=\"color: #993300;\"><a style=\"color: #993300;\" href=\"https:\/\/www.kayiprihtim.org\/portal\/kitap\/kizil-mars\/\">K\u0131z\u0131l Mars<\/a><\/span>, Ye\u015fil Mars ve Mavi Mars) son y\u0131llarda ekranlara aktar\u0131lmak i\u00e7in epey bir macera ya\u015fad\u0131.<\/strong><\/span><\/p>\n<p>\u0130lk olarak <strong><em>James Cameron<\/em><\/strong>\u2019\u0131n kitab\u0131n dizi haklar\u0131n\u0131 elinde bulundurdu\u011fu ve 5 saatlik bir mini dizi yapaca\u011f\u0131 haberi yay\u0131ld\u0131. Sonras\u0131nda <strong><em>Gale Ann Hund<\/em><\/strong> benzer bir fikirle kar\u015f\u0131m\u0131za \u00e7\u0131kt\u0131. Bu s\u0131rada y\u0131llar <img decoding=\"async\" class=\"alignright size-full wp-image-36889\" src=\"https:\/\/www.kayiprihtim.org\/portal\/gorsel\/2015\/01\/J-Michael-Straczynski.jpg\" alt=\"J-Michael-Straczynski\" width=\"200\" height=\"290\" \/>ak\u0131p gitmeye devam etti ve ortaya somut bir sonu\u00e7 \u00e7\u0131kmad\u0131. Ancak <span style=\"color: #993300;\"><a style=\"color: #993300;\" href=\"https:\/\/www.kayiprihtim.org\/portal\/kitap\/kizil-mars\/\"><strong>K\u0131z\u0131l Mars<\/strong><\/a><\/span>\u2019\u0131n yolculu\u011fu burada sona ermedi. 2008 y\u0131l\u0131nda <em>Mad Men<\/em> ve <em>Breaking Bad<\/em>\u2019in de yap\u0131mc\u0131s\u0131 olan <strong>AMC<\/strong>\u2019nin diziye el ataca\u011f\u0131 s\u00f6ylendi. Fakat yine bir sonu\u00e7 elde edilemedi.<\/p>\n<p>\u015eimdiyse yepyeni bir bilgi var elimizde! <strong>Spike TV<\/strong>\u2019nin haklar\u0131 elinde bulundurdu\u011funa ve<em> Babylon 5<\/em>\u2019\u0131n yarat\u0131c\u0131s\u0131 <span style=\"color: #993300;\"><strong><em>J. Michael Straczynski<\/em><\/strong><\/span> ile <a href=\"https:\/\/www.kayiprihtim.org\/portal\/kitap\/kizil-mars\/\"><strong>K\u0131z\u0131l Mars<\/strong><\/a>\u2019\u0131 ekrana ta\u015f\u0131mak i\u00e7in anla\u015fma imzalad\u0131\u011f\u0131na dair <em><strong><a href=\"http:\/\/deadline.com\/2015\/01\/j-michael-straczynski-red-mars-series-spike-1201354875\/\" rel=\"nofollow noopener\" target=\"_blank\">Deadline<\/a><\/strong><\/em>\u2019\u0131n bir haberi var.<\/p>\n<p><em>Spike TV<\/em> bu serinin \u00f6nemi i\u00e7in \u015f\u00f6yle bir a\u00e7\u0131klamada bulunmu\u015f:<\/p>\n<blockquote><p>&#8220;Bu serinin kalbi insan olman\u0131n ne demek oldu\u011fu ve devasa bask\u0131lar alt\u0131nda insanl\u0131\u011f\u0131m\u0131z\u0131 s\u00fcrd\u00fcr\u00fcp s\u00fcrd\u00fcremeyece\u011fimiz sorusunun \u00fcst\u00fcnden gelmesidir.&#8221;<\/p><\/blockquote>\n<p>T\u00fcrk okurlar olarak bu habere sevinmek ve \u00fcz\u00fclmek aras\u0131ndaki o belirsiz noktaday\u0131z. Seviniyoruz, \u00e7\u00fcnk\u00fc <strong>K\u0131z\u0131l Mars<\/strong> gibi e\u015fsiz ve sert bilimkurgu t\u00fcr\u00fcn\u00fcn \u00f6nemli isimlerinden birini ekranda g\u00f6rece\u011fimiz i\u00e7in mutluyuz. \u00dcz\u00fcl\u00fcyoruz, \u00e7\u00fcnk\u00fc ilk kitab\u0131 <span style=\"text-decoration: underline;\">2003<\/span>\u2019te \u00e7evrilmi\u015f <strong>Mars \u00dc\u00e7lemesi<\/strong>\u2019nin devam kitaplar\u0131n\u0131 (Yani <em>Ye\u015fil Mars<\/em> ve <em>Mavi Mars<\/em>\u2019\u0131) 2015 y\u0131l\u0131nda hala dilimizde okuyamad\u0131k.<\/p>\n<p>Bu dizinin serinin eksik iki par\u00e7as\u0131n\u0131 tamamlamas\u0131 bak\u0131m\u0131ndan da g\u00fczel bir fayda sa\u011flayaca\u011f\u0131na inanmak istiyoruz. Buradan da <strong>Kabalc\u0131 Yay\u0131nevi<\/strong>\u2019ne bu \u015fans\u0131 de\u011ferlendirmeleri i\u00e7in rica ediyoruz.<\/p>\n","protected":false},"excerpt":{"rendered":"<p>Kim Stanley Robinson\u2019\u0131n Mars \u00dc\u00e7lemesi (K\u0131z\u0131l Mars, Ye\u015fil Mars ve Mavi Mars) son y\u0131llarda ekranlara aktar\u0131lmak i\u00e7in epey bir macera ya\u015fad\u0131. \u0130lk olarak James Cameron\u2019\u0131n kitab\u0131n dizi haklar\u0131n\u0131 elinde bulundurdu\u011fu ve 5 saatlik bir mini dizi yapaca\u011f\u0131 haberi yay\u0131ld\u0131. Sonras\u0131nda Gale Ann Hund benzer bir fikirle kar\u015f\u0131m\u0131za \u00e7\u0131kt\u0131. Bu s\u0131rada y\u0131llar ak\u0131p gitmeye devam etti [&hellip;]<\/p>\n","protected":false},"author":55,"featured_media":36889,"comment_status":"open","ping_status":"closed","sticky":false,"template":"","format":"standard","meta":{"_acf_changed":false,"footnotes":""},"categories":[80,646],"tags":[3812,9204,2891,2686,3811,2772,282,759,1762,3810,1865,1040],"class_list":{"0":"post-36845","1":"post","2":"type-post","3":"status-publish","4":"format-standard","5":"has-post-thumbnail","7":"category-bilim-kurgu","8":"category-fantastik-diziler","9":"tag-amc","10":"tag-bilim-kurgu","11":"tag-deadline","12":"tag-dizi","13":"tag-gale-ann-hund","14":"tag-j-michael-straczynski","15":"tag-james-cameron","16":"tag-kabalci-yayinevi","17":"tag-kim-stanley-robinson","18":"tag-kizil-mars","19":"tag-mars","20":"tag-spike-tv","21":"kose_yazari-hazal-camur-firtinakiran"},"acf":[],"_links":{"self":[{"href":"https:\/\/www.kayiprihtim.org\/portal\/wp-json\/wp\/v2\/posts\/36845","targetHints":{"allow":["GET"]}}],"collection":[{"href":"https:\/\/www.kayiprihtim.org\/portal\/wp-json\/wp\/v2\/posts"}],"about":[{"href":"https:\/\/www.kayiprihtim.org\/portal\/wp-json\/wp\/v2\/types\/post"}],"author":[{"embeddable":true,"href":"https:\/\/www.kayiprihtim.org\/portal\/wp-json\/wp\/v2\/users\/55"}],"replies":[{"embeddable":true,"href":"https:\/\/www.kayiprihtim.org\/portal\/wp-json\/wp\/v2\/comments?post=36845"}],"version-history":[{"count":0,"href":"https:\/\/www.kayiprihtim.org\/portal\/wp-json\/wp\/v2\/posts\/36845\/revisions"}],"wp:featuredmedia":[{"embeddable":true,"href":"https:\/\/www.kayiprihtim.org\/portal\/wp-json\/wp\/v2\/media\/36889"}],"wp:attachment":[{"href":"https:\/\/www.kayiprihtim.org\/portal\/wp-json\/wp\/v2\/media?parent=36845"}],"wp:term":[{"taxonomy":"category","embeddable":true,"href":"https:\/\/www.kayiprihtim.org\/portal\/wp-json\/wp\/v2\/categories?post=36845"},{"taxonomy":"post_tag","embeddable":true,"href":"https:\/\/www.kayiprihtim.org\/portal\/wp-json\/wp\/v2\/tags?post=36845"}],"curies":[{"name":"wp","href":"https:\/\/api.w.org\/{rel}","templated":true}]}}