{"id":37185,"date":"2015-02-24T11:57:50","date_gmt":"2015-02-24T09:57:50","guid":{"rendered":"http:\/\/www.kayiprihtim.org\/portal\/?p=37185"},"modified":"2022-07-31T23:20:19","modified_gmt":"2022-07-31T20:20:19","slug":"sissoylunun-5-kitabi-icin-kapak-gorseli-duyuruldu","status":"publish","type":"post","link":"https:\/\/www.kayiprihtim.org\/portal\/2015\/02\/24\/sissoylunun-5-kitabi-icin-kapak-gorseli-duyuruldu\/","title":{"rendered":"Sissoylu&#8217;nun 5. Kitab\u0131 \u0130\u00e7in Kapak G\u00f6rseli Duyuruldu"},"content":{"rendered":"<p style=\"text-align: center;\"><img fetchpriority=\"high\" decoding=\"async\" class=\"aligncenter size-full wp-image-37190\" src=\"https:\/\/www.kayiprihtim.org\/portal\/gorsel\/2015\/02\/Shadows-of-Self-top.jpg\" alt=\"Shadows of Self top\" width=\"467\" height=\"314\" srcset=\"https:\/\/www.kayiprihtim.org\/portal\/gorsel\/2015\/02\/Shadows-of-Self-top.jpg 500w, https:\/\/www.kayiprihtim.org\/portal\/gorsel\/2015\/02\/Shadows-of-Self-top-300x202.jpg 300w\" sizes=\"(max-width: 467px) 100vw, 467px\" \/><\/p>\n<p><span style=\"font-size: 12pt;\"><strong>Hat\u0131rlarsan\u0131z sizlere Aral\u0131k ay\u0131nda bir haber vermi\u015ftik. <span style=\"color: #993300;\"><a style=\"color: #993300;\" href=\"https:\/\/www.kayiprihtim.org\/portal\/2014\/12\/22\/sissoyluya-iki-kitap-daha-geliyor-seri-uzunlugu-altiya-cikiyor\/\">Bu habere<\/a><\/span> g\u00f6re <span style=\"color: #993300;\">Sissoylu Serisi<\/span> 4. kitab\u0131yla s\u0131n\u0131rl\u0131 kalmayacak ve toplam seri uzunlu\u011fu 6\u2019ya \u00e7\u0131kacakt\u0131. Yine ayn\u0131 haber dahilinde gelecek kitaplar\u0131n isimlerini de sizlere duyurmu\u015f ve kitaplar hakk\u0131nda k\u0131saca bilgi vermi\u015ftik.<\/strong><\/span><\/p>\n<p>5. kitap olarak duyurulan <em><strong>Shadows of Self<\/strong> (Benli\u011fin G\u00f6lgeleri) <\/em>i\u00e7in Amerika yay\u0131nc\u0131s\u0131 <strong>Tor<\/strong> kapak g\u00f6rselini d\u00fcn itibariyle duyurdu. Kitab\u0131n Amerika\u2019da <strong>6 Ekim 2015<\/strong>\u2019te \u00e7\u0131kmas\u0131 bekleniyor. Haberde yeniden bunun da alt\u0131 \u00e7izildi. 4. kitap ile <em>Kelsier<\/em> ve <em>Vin<\/em>\u2019e veda edip, yepyeni bir \u00e7a\u011fda ya\u015fayan <em>Wax<\/em> ile <em>Wayne<\/em>\u2019e kat\u0131laca\u011f\u0131m\u0131z\u0131 tekrar hat\u0131rlatal\u0131m. Bu 5. kitap da onlar\u0131n maceralar\u0131n\u0131n devam\u0131 olacak.<\/p>\n<p>Umar\u0131z raflar\u0131m\u0131za ve kalbimize h\u0131zl\u0131 bir giri\u015f yapan <strong>Sissoylu<\/strong>\u2019nun ikinci kitab\u0131na, biz T\u00fcrk okurlar\u0131 olarak ayn\u0131 h\u0131zla kavu\u015furuz. Seriyi yakalamak i\u00e7in sab\u0131rs\u0131zlan\u0131yoruz!<\/p>\n<p><em>*<strong>Not<\/strong>: Spoiler olmamas\u0131 ad\u0131na kitab\u0131n detaylar\u0131n\u0131 sizlerle payla\u015fm\u0131yoruz.<\/em><\/p>\n<p style=\"text-align: center;\"><img decoding=\"async\" class=\"aligncenter size-large wp-image-37191\" src=\"https:\/\/www.kayiprihtim.org\/portal\/gorsel\/2015\/02\/Shadows-of-Self-679x1024.jpg\" alt=\"Shadows of Self\" width=\"467\" height=\"704\" srcset=\"https:\/\/www.kayiprihtim.org\/portal\/gorsel\/2015\/02\/Shadows-of-Self-679x1024.jpg 679w, https:\/\/www.kayiprihtim.org\/portal\/gorsel\/2015\/02\/Shadows-of-Self-199x300.jpg 199w, https:\/\/www.kayiprihtim.org\/portal\/gorsel\/2015\/02\/Shadows-of-Self.jpg 800w\" sizes=\"(max-width: 467px) 100vw, 467px\" \/><\/p>\n","protected":false},"excerpt":{"rendered":"<p>Hat\u0131rlarsan\u0131z sizlere Aral\u0131k ay\u0131nda bir haber vermi\u015ftik. Bu habere g\u00f6re Sissoylu Serisi 4. kitab\u0131yla s\u0131n\u0131rl\u0131 kalmayacak ve toplam seri uzunlu\u011fu 6\u2019ya \u00e7\u0131kacakt\u0131. Yine ayn\u0131 haber dahilinde gelecek kitaplar\u0131n isimlerini de sizlere duyurmu\u015f ve kitaplar hakk\u0131nda k\u0131saca bilgi vermi\u015ftik. 5. kitap olarak duyurulan Shadows of Self (Benli\u011fin G\u00f6lgeleri) i\u00e7in Amerika yay\u0131nc\u0131s\u0131 Tor kapak g\u00f6rselini d\u00fcn itibariyle [&hellip;]<\/p>\n","protected":false},"author":55,"featured_media":37191,"comment_status":"open","ping_status":"closed","sticky":false,"template":"","format":"standard","meta":{"_acf_changed":false,"footnotes":""},"categories":[3],"tags":[1897,109,2829,3758,3371,738],"class_list":{"0":"post-37185","1":"post","2":"type-post","3":"status-publish","4":"format-standard","5":"has-post-thumbnail","7":"category-fantastik-kitaplar","8":"tag-akilcelen-kitaplar","9":"tag-brandon-sanderson","10":"tag-kapak","11":"tag-shadows-of-self","12":"tag-sissoylu","13":"tag-tor","14":"kose_yazari-hazal-camur-firtinakiran"},"acf":[],"_links":{"self":[{"href":"https:\/\/www.kayiprihtim.org\/portal\/wp-json\/wp\/v2\/posts\/37185","targetHints":{"allow":["GET"]}}],"collection":[{"href":"https:\/\/www.kayiprihtim.org\/portal\/wp-json\/wp\/v2\/posts"}],"about":[{"href":"https:\/\/www.kayiprihtim.org\/portal\/wp-json\/wp\/v2\/types\/post"}],"author":[{"embeddable":true,"href":"https:\/\/www.kayiprihtim.org\/portal\/wp-json\/wp\/v2\/users\/55"}],"replies":[{"embeddable":true,"href":"https:\/\/www.kayiprihtim.org\/portal\/wp-json\/wp\/v2\/comments?post=37185"}],"version-history":[{"count":1,"href":"https:\/\/www.kayiprihtim.org\/portal\/wp-json\/wp\/v2\/posts\/37185\/revisions"}],"predecessor-version":[{"id":60011,"href":"https:\/\/www.kayiprihtim.org\/portal\/wp-json\/wp\/v2\/posts\/37185\/revisions\/60011"}],"wp:featuredmedia":[{"embeddable":true,"href":"https:\/\/www.kayiprihtim.org\/portal\/wp-json\/wp\/v2\/media\/37191"}],"wp:attachment":[{"href":"https:\/\/www.kayiprihtim.org\/portal\/wp-json\/wp\/v2\/media?parent=37185"}],"wp:term":[{"taxonomy":"category","embeddable":true,"href":"https:\/\/www.kayiprihtim.org\/portal\/wp-json\/wp\/v2\/categories?post=37185"},{"taxonomy":"post_tag","embeddable":true,"href":"https:\/\/www.kayiprihtim.org\/portal\/wp-json\/wp\/v2\/tags?post=37185"}],"curies":[{"name":"wp","href":"https:\/\/api.w.org\/{rel}","templated":true}]}}