{"id":37187,"date":"2015-02-28T17:17:22","date_gmt":"2015-02-28T15:17:22","guid":{"rendered":"http:\/\/www.kayiprihtim.org\/portal\/?p=37187"},"modified":"2015-02-28T17:17:22","modified_gmt":"2015-02-28T15:17:22","slug":"dunya-iblis-dongusu-serisinde-4-kitaba-kavusuyor-the-skull-throne","status":"publish","type":"post","link":"https:\/\/www.kayiprihtim.org\/portal\/2015\/02\/28\/dunya-iblis-dongusu-serisinde-4-kitaba-kavusuyor-the-skull-throne\/","title":{"rendered":"D\u00fcnya \u0130blis D\u00f6ng\u00fcs\u00fc Serisi&#8217;nde 4. Kitaba Kavu\u015fuyor: The Skull Throne"},"content":{"rendered":"<p style=\"text-align: center;\"><img fetchpriority=\"high\" decoding=\"async\" class=\"aligncenter size-full wp-image-37287\" src=\"https:\/\/www.kayiprihtim.org\/portal\/gorsel\/2015\/02\/The-Skull-Throne-top.jpg\" alt=\"The-Skull-Throne-top\" width=\"467\" height=\"297\" srcset=\"https:\/\/www.kayiprihtim.org\/portal\/gorsel\/2015\/02\/The-Skull-Throne-top.jpg 500w, https:\/\/www.kayiprihtim.org\/portal\/gorsel\/2015\/02\/The-Skull-Throne-top-300x191.jpg 300w\" sizes=\"(max-width: 467px) 100vw, 467px\" \/><\/p>\n<p><strong><em>Peter V. Brett<\/em><\/strong>\u2019in d\u00fcnya \u00e7ap\u0131nda \u00e7ok satan serisi <span style=\"font-size: 12pt; color: #993300;\"><a style=\"color: #993300;\" href=\"https:\/\/www.kayiprihtim.org\/portal\/kitap\/dovmeli-adam\/\"><strong>\u0130blis D\u00f6ng\u00fcs\u00fc<\/strong><\/a><\/span>\u2019nden bizler de mahrum kalmam\u0131\u015ft\u0131k. <em><a href=\"https:\/\/www.kayiprihtim.org\/portal\/yayinevi\/epsilon-yayinevi\/\">Epsilon Yay\u0131nevi<\/a><\/em> taraf\u0131ndan dilimize \u00e7evrilen seriyle 2011\u2019de\u00a0<a href=\"https:\/\/www.kayiprihtim.org\/portal\/kitap\/dovmeli-adam\/\"><strong>D\u00f6vmeli Adam<\/strong><\/a> ile tan\u0131\u015fm\u0131\u015ft\u0131k. Ard\u0131ndan ikinci kitap olan <a href=\"https:\/\/www.kayiprihtim.org\/portal\/kitap\/col-mizragi\/\"><strong>\u00c7\u00f6l M\u0131zra\u011f\u0131<\/strong><\/a>, <em>D\u00f6vmeli Adam<\/em> ile ba\u015flayan b\u00fcy\u00fck merak\u0131m\u0131z\u0131 2013 y\u0131l\u0131nda daha da zirveye \u00e7\u0131kard\u0131. Ancak \u00fc\u00e7\u00fcnc\u00fc kitap olan <strong>The Daylight War<\/strong> (G\u00fcn\u0131\u015f\u0131\u011f\u0131 Sava\u015f\u0131) bir t\u00fcrl\u00fc \u00e7\u0131kmak bilmedi. Yurt d\u0131\u015f\u0131nda Eyl\u00fcl 2013\u2019te yay\u0131nlanm\u0131\u015f olmas\u0131na kar\u015f\u0131n, \u00fclke s\u0131n\u0131rlar\u0131ndan bir t\u00fcrl\u00fc giri\u015f yapamayarak seriye tutkuyla ba\u011flanm\u0131\u015f olanlar\u0131 olduk\u00e7a \u00fczd\u00fc.<\/p>\n<p>Biz \u00fcz\u00fcle dural\u0131m, serinin di\u011fer hayranlar\u0131 olduk\u00e7a \u015fansl\u0131 gibi g\u00f6r\u00fcn\u00fcyor. \u00c7\u00fcnk\u00fc 4. kitap olarak duyurulan <em><strong>The Skull Throne<\/strong> (Kafatas\u0131 Taht\u0131),<\/em>\u00a0<strong>31 Mart 2015<\/strong>\u2019te hayranlar\u0131yla bulu\u015facak.<em>\u00a0<\/em><\/p>\n<p>Konusunu da hemen payla\u015fal\u0131m.<\/p>\n<p><a href=\"https:\/\/www.kayiprihtim.org\/portal\/gorsel\/2015\/02\/The-Skull-Throne-by-peter-v-brett.jpg\"><img decoding=\"async\" class=\"alignright size-medium wp-image-37286\" src=\"https:\/\/www.kayiprihtim.org\/portal\/gorsel\/2015\/02\/The-Skull-Throne-by-peter-v-brett-196x300.jpg\" alt=\"The-Skull-Throne-by-peter-v-brett\" width=\"196\" height=\"300\" srcset=\"https:\/\/www.kayiprihtim.org\/portal\/gorsel\/2015\/02\/The-Skull-Throne-by-peter-v-brett-196x300.jpg 196w, https:\/\/www.kayiprihtim.org\/portal\/gorsel\/2015\/02\/The-Skull-Throne-by-peter-v-brett.jpg 491w\" sizes=\"(max-width: 196px) 100vw, 196px\" \/><\/a>Kafatas\u0131 Taht\u0131 serinin gidi\u015fat\u0131n\u0131 yepyeni bir y\u00f6ne do\u011fru de\u011fi\u015ftirmeye haz\u0131rlan\u0131yor. Krasia&#8217;n\u0131n Kafatas\u0131 Taht\u0131 bombo\u015f duruyor. Yenilmi\u015f generaller ve iblis prenslerin kafataslar\u0131ndan yap\u0131lm\u0131\u015f bu taht, k\u00f6\u015feye s\u0131k\u0131\u015fm\u0131\u015f iblisleri tutan eski ve b\u00fcy\u00fck bir b\u00fcy\u00fcn\u00fcn onur taht\u0131. Taht\u0131n tepesinde\u00a0Ahmann Jardir, onun yaln\u0131z kalm\u0131\u015f halk\u0131n\u0131 birle\u015fmi\u015f bir orduya d\u00f6n\u00fc\u015ft\u00fcrerek iblis sava\u015f\u0131n\u0131 ebediyete kadar sonland\u0131rmak istiyor. Bilinen d\u00fcnyaya da h\u00fckmederek.<\/p>\n<p>Asl\u0131nda konu bununla da s\u0131n\u0131rl\u0131 de\u011fil, ancak spoiler\u2019a girebilece\u011fi i\u00e7in devam\u0131n\u0131 getirmiyoruz.<\/p>\n<p>Ne diyelim, belki bu kitab\u0131n \u00e7\u0131k\u0131\u015f\u0131 <em><strong>Epsilon Yay\u0131nevi<\/strong>\u2019<\/em>ni harekete ge\u00e7irir ve hayranlar\u0131n beklemekten bitap d\u00fc\u015fm\u00fc\u015f seslerini duyar.<\/p>\n","protected":false},"excerpt":{"rendered":"<p>Peter V. Brett\u2019in d\u00fcnya \u00e7ap\u0131nda \u00e7ok satan serisi \u0130blis D\u00f6ng\u00fcs\u00fc\u2019nden bizler de mahrum kalmam\u0131\u015ft\u0131k. Epsilon Yay\u0131nevi taraf\u0131ndan dilimize \u00e7evrilen seriyle 2011\u2019de\u00a0D\u00f6vmeli Adam ile tan\u0131\u015fm\u0131\u015ft\u0131k. Ard\u0131ndan ikinci kitap olan \u00c7\u00f6l M\u0131zra\u011f\u0131, D\u00f6vmeli Adam ile ba\u015flayan b\u00fcy\u00fck merak\u0131m\u0131z\u0131 2013 y\u0131l\u0131nda daha da zirveye \u00e7\u0131kard\u0131. Ancak \u00fc\u00e7\u00fcnc\u00fc kitap olan The Daylight War (G\u00fcn\u0131\u015f\u0131\u011f\u0131 Sava\u015f\u0131) bir t\u00fcrl\u00fc \u00e7\u0131kmak bilmedi. [&hellip;]<\/p>\n","protected":false},"author":55,"featured_media":37287,"comment_status":"open","ping_status":"closed","sticky":false,"template":"","format":"standard","meta":{"_acf_changed":false,"footnotes":""},"categories":[3],"tags":[3906,3905,107,941,940,3904,3907],"class_list":{"0":"post-37187","1":"post","2":"type-post","3":"status-publish","4":"format-standard","5":"has-post-thumbnail","7":"category-fantastik-kitaplar","8":"tag-col-mizragi","9":"tag-dovmeli-adam","10":"tag-epsilon-yayinevi","11":"tag-iblis-dongusu","12":"tag-peter-v-brett","13":"tag-the-daylight-war","14":"tag-the-skull-throne","15":"kose_yazari-hazal-camur-firtinakiran"},"acf":[],"_links":{"self":[{"href":"https:\/\/www.kayiprihtim.org\/portal\/wp-json\/wp\/v2\/posts\/37187","targetHints":{"allow":["GET"]}}],"collection":[{"href":"https:\/\/www.kayiprihtim.org\/portal\/wp-json\/wp\/v2\/posts"}],"about":[{"href":"https:\/\/www.kayiprihtim.org\/portal\/wp-json\/wp\/v2\/types\/post"}],"author":[{"embeddable":true,"href":"https:\/\/www.kayiprihtim.org\/portal\/wp-json\/wp\/v2\/users\/55"}],"replies":[{"embeddable":true,"href":"https:\/\/www.kayiprihtim.org\/portal\/wp-json\/wp\/v2\/comments?post=37187"}],"version-history":[{"count":0,"href":"https:\/\/www.kayiprihtim.org\/portal\/wp-json\/wp\/v2\/posts\/37187\/revisions"}],"wp:featuredmedia":[{"embeddable":true,"href":"https:\/\/www.kayiprihtim.org\/portal\/wp-json\/wp\/v2\/media\/37287"}],"wp:attachment":[{"href":"https:\/\/www.kayiprihtim.org\/portal\/wp-json\/wp\/v2\/media?parent=37187"}],"wp:term":[{"taxonomy":"category","embeddable":true,"href":"https:\/\/www.kayiprihtim.org\/portal\/wp-json\/wp\/v2\/categories?post=37187"},{"taxonomy":"post_tag","embeddable":true,"href":"https:\/\/www.kayiprihtim.org\/portal\/wp-json\/wp\/v2\/tags?post=37187"}],"curies":[{"name":"wp","href":"https:\/\/api.w.org\/{rel}","templated":true}]}}