{"id":3719,"date":"2010-03-12T14:22:54","date_gmt":"2010-03-12T11:22:54","guid":{"rendered":"http:\/\/www.kayiprihtim.org\/portal\/?p=3719"},"modified":"2010-03-12T14:25:36","modified_gmt":"2010-03-12T11:25:36","slug":"buz-ay-cikti","status":"publish","type":"post","link":"https:\/\/www.kayiprihtim.org\/portal\/2010\/03\/12\/buz-ay-cikti\/","title":{"rendered":"&#8220;Buz Ay&#8221; \u00c7\u0131kt\u0131!"},"content":{"rendered":"<p><img fetchpriority=\"high\" decoding=\"async\" class=\"alignnone\" src=\"https:\/\/www.kayiprihtim.org\/portal\/gorsel\/buz-ay-top.jpg\" alt=\"\" width=\"490\" height=\"133\"><\/p>\n<p>A\u015fk ile \u00f6l\u00fcme dair ustaca yaz\u0131lm\u0131\u015f bir polisiye olan <strong>Buz Ay<\/strong> \u00e7\u0131kt\u0131!<\/p>\n<p>2002 y\u0131l\u0131nda GeceYolculu\u011fu adl\u0131 kitab\u0131yla en iyi polisiye roman dal\u0131nda Marlowe \u00d6d\u00fcl\u00fc\u2019n\u00fc kazanan Alman yazar<em><strong> Jan Costin Wagner<\/strong><\/em>, Buz Ay\u2019da polisiye t\u00fcr\u00fcn\u00fcn d\u0131\u015f\u0131na \u00e7\u0131karak katil-kurban, su\u00e7lu-polis ili\u015fkilerinden \u00f6te, \u00f6l\u00fcm\u00fcn kendisine dair anlaml\u0131 bir hik\u00e2ye anlat\u0131yor.<\/p>\n<blockquote><p>A\u015fk ile \u00f6l\u00fcme dair ustaca yaz\u0131lm\u0131\u015f bir \u015fark\u0131; hem s\u00fcr\u00fckleyici hem h\u00fcz\u00fcnl\u00fc.<br \/>\n<em><strong>-Focus-<\/strong><\/em><\/p>\n<p>Jan Costin Wagner, son d\u00f6nem Alman edebiyat\u0131n\u0131n en \u015fa\u015f\u0131rt\u0131c\u0131 ke\u015fiflerinden biri.<br \/>\n<em><strong>-Frankfurter Allgemeine Sonntagszeitung-<\/strong><\/em><\/p><\/blockquote>\n<p><em>Turkuvaz Kitap<\/em>tan \u00e7\u0131kan roman\u0131n \u00e7evirmenli\u011fini ise <em>Neylan Eryar<\/em> yap\u0131yor!<\/p>\n<p>Kitap tan\u0131t\u0131m ve k\u00fcnye bilgisi i\u00e7in <a href=\"https:\/\/www.kayiprihtim.org\/portal\/buz-ay\/\"><strong>buraya<\/strong><\/a> t\u0131klayabilirsiniz.<\/p>\n","protected":false},"excerpt":{"rendered":"<p>A\u015fk ile \u00f6l\u00fcme dair ustaca yaz\u0131lm\u0131\u015f bir polisiye olan Buz Ay \u00e7\u0131kt\u0131! 2002 y\u0131l\u0131nda GeceYolculu\u011fu adl\u0131 kitab\u0131yla en iyi polisiye roman dal\u0131nda Marlowe \u00d6d\u00fcl\u00fc\u2019n\u00fc kazanan Alman yazar Jan Costin Wagner, Buz Ay\u2019da polisiye t\u00fcr\u00fcn\u00fcn d\u0131\u015f\u0131na \u00e7\u0131karak katil-kurban, su\u00e7lu-polis ili\u015fkilerinden \u00f6te, \u00f6l\u00fcm\u00fcn kendisine dair anlaml\u0131 bir hik\u00e2ye anlat\u0131yor. A\u015fk ile \u00f6l\u00fcme dair ustaca yaz\u0131lm\u0131\u015f bir \u015fark\u0131; [&hellip;]<\/p>\n","protected":false},"author":1,"featured_media":0,"comment_status":"open","ping_status":"closed","sticky":false,"template":"","format":"standard","meta":{"_acf_changed":false,"footnotes":""},"categories":[3,393],"tags":[395,394,228],"class_list":{"0":"post-3719","1":"post","2":"type-post","3":"status-publish","4":"format-standard","6":"category-fantastik-kitaplar","7":"category-polisiye","8":"tag-jan-costin-wagner","9":"tag-neylan-eryar","10":"tag-turkuvaz-kitap"},"acf":[],"_links":{"self":[{"href":"https:\/\/www.kayiprihtim.org\/portal\/wp-json\/wp\/v2\/posts\/3719","targetHints":{"allow":["GET"]}}],"collection":[{"href":"https:\/\/www.kayiprihtim.org\/portal\/wp-json\/wp\/v2\/posts"}],"about":[{"href":"https:\/\/www.kayiprihtim.org\/portal\/wp-json\/wp\/v2\/types\/post"}],"author":[{"embeddable":true,"href":"https:\/\/www.kayiprihtim.org\/portal\/wp-json\/wp\/v2\/users\/1"}],"replies":[{"embeddable":true,"href":"https:\/\/www.kayiprihtim.org\/portal\/wp-json\/wp\/v2\/comments?post=3719"}],"version-history":[{"count":0,"href":"https:\/\/www.kayiprihtim.org\/portal\/wp-json\/wp\/v2\/posts\/3719\/revisions"}],"wp:attachment":[{"href":"https:\/\/www.kayiprihtim.org\/portal\/wp-json\/wp\/v2\/media?parent=3719"}],"wp:term":[{"taxonomy":"category","embeddable":true,"href":"https:\/\/www.kayiprihtim.org\/portal\/wp-json\/wp\/v2\/categories?post=3719"},{"taxonomy":"post_tag","embeddable":true,"href":"https:\/\/www.kayiprihtim.org\/portal\/wp-json\/wp\/v2\/tags?post=3719"}],"curies":[{"name":"wp","href":"https:\/\/api.w.org\/{rel}","templated":true}]}}