{"id":38885,"date":"2015-03-29T19:29:21","date_gmt":"2015-03-29T16:29:21","guid":{"rendered":"http:\/\/www.kayiprihtim.org\/portal\/?p=38885"},"modified":"2015-03-29T19:29:21","modified_gmt":"2015-03-29T16:29:21","slug":"yeni-intikamcilar-ayaginiza-geldi","status":"publish","type":"post","link":"https:\/\/www.kayiprihtim.org\/portal\/2015\/03\/29\/yeni-intikamcilar-ayaginiza-geldi\/","title":{"rendered":"Yeni \u0130ntikamc\u0131lar Aya\u011f\u0131n\u0131za Geldi"},"content":{"rendered":"<p><span style=\"font-size: 12pt;\"><strong><img fetchpriority=\"high\" decoding=\"async\" class=\"aligncenter size-full wp-image-38904\" src=\"https:\/\/www.kayiprihtim.org\/portal\/gorsel\/2015\/03\/all-new-different-avengers-header.jpg\" alt=\"all-new-different-avengers-header\" width=\"500\" height=\"264\" srcset=\"https:\/\/www.kayiprihtim.org\/portal\/gorsel\/2015\/03\/all-new-different-avengers-header.jpg 500w, https:\/\/www.kayiprihtim.org\/portal\/gorsel\/2015\/03\/all-new-different-avengers-header-300x158.jpg 300w\" sizes=\"(max-width: 500px) 100vw, 500px\" \/><\/strong><\/span><\/p>\n<p><strong><span style=\"font-size: 12pt;\">Daha \u00f6nceki haberimizde <span style=\"color: #993300;\">Marvel Comics<\/span>&#8216;in bu yaz <span style=\"color: #993300;\">Secret Wars<\/span> ad\u0131 alt\u0131nda alternatif evrenleri \u00e7arp\u0131\u015ft\u0131raca\u011f\u0131n\u0131 sizlere <a href=\"https:\/\/www.kayiprihtim.org\/portal\/2015\/03\/20\/marvel-33-serinin-fisini-cekiyor\/\">duyurmu\u015ftuk<\/a>. Secret Wars ile devam edecek karakterlerin nas\u0131l olaca\u011f\u0131 da yava\u015f yava\u015f ayd\u0131nl\u0131\u011fa \u00e7\u0131kmaya ba\u015flad\u0131. Gelin resmi olarak a\u00e7\u0131klanan <span style=\"color: #993300;\">Yeni \u0130ntikamc\u0131lar<\/span>&#8216;a bir g\u00f6z atal\u0131m.<\/span><\/strong><\/p>\n<p><span style=\"color: #993300; font-size: 12pt;\"><strong>Yeni \u0130ntikamc\u0131lar<\/strong><\/span>, <em>All-New All-Different Avengers<\/em> ad\u0131yla an\u0131lacak. Ancak ekipte yer alan\u00a0karakterler pek de pop\u00fcler de\u011fil; o y\u00fczden kendilerine a\u015fina olmayanlar i\u00e7in k\u0131sa bir tan\u0131t\u0131m ge\u00e7elim:<\/p>\n<ul>\n<li><strong>Thor:\u00a0<\/strong>Mj\u00f6lnir&#8217;in \u015fu anki sahibi olan Asgardl\u0131 bu kad\u0131n\u0131n kimli\u011fi hen\u00fcz\u00a0a\u00e7\u0131\u011fa \u00e7\u0131km\u0131\u015f de\u011fil. Eski <strong><span style=\"color: #993300; font-size: 12pt;\">Thor\u00a0<\/span><\/strong>ise\u00a0art\u0131k Mj\u00f6lnir&#8217;i kullanam\u0131yor ve ad\u0131 <em>Odinson<\/em> olarak biliniyor.<\/li>\n<li><strong>Iron Man:<\/strong> Klasik Avengers&#8217;daki <span style=\"color: #993300;\"><strong><span style=\"font-size: 12pt;\">Iron Man<\/span><\/strong><\/span> yerini koruyor olsa da \u015fu anda z\u0131rh\u0131n i\u00e7inde kim var bilinmiyor. <em>Tony Stark<\/em> veya kendi z\u0131rh\u0131yla <em>Pepper Pots<\/em> olma ihtimali var.<\/li>\n<li><strong>Captain America:<\/strong> <strong>Falcon<\/strong> olarak bilinen <em>Sam Wilson<\/em>, <span style=\"color: #993300;\"><strong><span style=\"font-size: 12pt;\">Captain America<\/span><\/strong><\/span>&#8216;n\u0131n yerine ge\u00e7mi\u015f durumda ve bu Avengers&#8217;da da lider olacak gibi g\u00f6r\u00fcn\u00fcyor.<\/li>\n<li><strong>Vision:<\/strong> Avengers&#8217;\u0131n klasik bir \u00fcyesi olan <span style=\"font-size: 12pt; color: #993300;\"><strong>Vision<\/strong> <\/span>tamamen yapay bir ya\u015fam formu. Kendisini <strong>Age of Ultron<\/strong>&#8216;un \u00e7\u0131k\u0131\u015f\u0131ndan sonra \u00e7ok\u00e7a tan\u0131yaca\u011f\u0131z.<\/li>\n<li><strong>Ms. Marvel:<\/strong> <em>Kamala Khan<\/em> s\u00fcperkahraman hayran\u0131 bir lise \u00f6\u011frencisi.\u00a0<em>Inhuman<\/em> genlerinin aktifle\u015fmesi sa\u011f olsun yak\u0131n zamanda kendisinin de g\u00fc\u00e7leri oldu\u011funu ke\u015ffetti. Kendisini\u00a0istedi\u011fi gibi b\u00fcy\u00fct\u00fcp k\u00fc\u00e7\u00fcltebilme yetene\u011fine sahip kahraman\u0131m\u0131z <em>Carol Danvers<\/em> <strong>Captain Marvel<\/strong> oldu\u011fundan beri <span style=\"font-size: 12pt; color: #993300;\"><strong>Ms. Marvel<\/strong><\/span>\u00a0unvan\u0131n\u0131 ta\u015f\u0131yor. <em>Khan<\/em>&#8216;\u0131n t\u00fcm g\u00fc\u00e7leri daha ortaya \u00e7\u0131km\u0131\u015f de\u011fil.<\/li>\n<li><strong>Spider-Man:<\/strong> <em>Marvel<\/em> Evreninde birden fazla \u00d6r\u00fcmcek var bu g\u00fcnlerde ve bu belli ki\u015fi <em>Ultimate Evreni<\/em>&#8216;nden g\u00f6\u00e7en bir lise \u00f6\u011frencisi <em>Miles Morales<\/em>. Bu zaman ak\u0131m\u0131nda <em>Peter Parker<\/em> \u00f6ld\u00fcr\u00fcl\u00fcyor ve <em>Miles<\/em> kendisinde de benzer yetenekler oldu\u011funu ke\u015ffedince ismi sahipleniyor. <em>Miles<\/em> ana Marvel Evreni&#8217;ne yeni ge\u00e7mi\u015f olsa da \u00f6n\u00fcm\u00fczdeki <span style=\"color: #993300;\"><strong><span style=\"font-size: 12pt;\">Secret Wars<\/span><\/strong><\/span> olaylar\u0131ndan sonra Ultimate Evreni par\u00e7alanacak ve Miles&#8217;\u0131 kal\u0131c\u0131 olarak ana evrende b\u0131rakacak gibi g\u00f6r\u00fcn\u00fcyor.<\/li>\n<li><strong>Nova:<\/strong> Nova do\u011fas\u0131 bak\u0131m\u0131ndan kozmik olan, Xandarianlar taraf\u0131ndan hak edene bah\u015fedilen g\u00fc\u00e7lere sahiptir. \u015eu anki <span style=\"color: #993300; font-size: 12pt;\"><strong>Nova<\/strong><\/span>, intikal eden Nova \u00a0miras\u0131n\u0131n g\u00fcc\u00fcn\u00fc yeni ke\u015ffetmi\u015f gen\u00e7 <em>Sam Alexander<\/em>.<\/li>\n<\/ul>\n<p><span style=\"font-size: 12pt; color: #993300;\"><strong>All-New All Different Avengers<\/strong><\/span> \u00e7\u0131k\u0131\u015f\u0131n\u0131 \u00f6zel bir one-shot ile Geleneksel \u00dccretsiz \u00c7izgi Roman G\u00fcn\u00fc&#8217;nde yapacak. Ayl\u0131k serinin ise yap\u0131mc\u0131lar\u0131 <strong>Mark Waid<\/strong> ve <strong>Mahmud Asrar<\/strong> taraf\u0131ndan bu sonbahar \u00e7\u0131kar\u0131lmas\u0131 bekleniyor.<\/p>\n<p><strong>Axel Alonso<\/strong>&#8216;nun &#8220;Kost\u00fcmlerin i\u00e7indekilerin kim oldu\u011funu bilmiyoruz&#8221; \u015feklindeki a\u00e7\u0131klamas\u0131na ra\u011fmen <strong>Spider-Man<\/strong>&#8216;in <em>Miles Morales<\/em> oldu\u011funu d\u00fc\u015f\u00fcnmemizin nedeni hem spesifik kost\u00fcm\u00fc, hem de Peter Parker&#8217;\u0131n sonu. \u00d6te yandan <em>Tony\/Pepper<\/em> durumu \u00e7ok \u00e7eli\u015fkili. Bu y\u00fczden z\u0131rh\u0131n i\u00e7indekini kestirebilmek \u00e7ok zor. Eh, \u00d6r\u00fcmcek&#8217;i \u00e7ok sevdi\u011fimiz i\u00e7in\u00a0kost\u00fcm\u00fcn i\u00e7indeki ki\u015fi\u00a0<strong>Peter Parker<\/strong> olsun diye da\u011flara ta\u015flara vurabiliriz kendimizi belki ancak <em>Miles Morales<\/em> de \u00e7\u0131kt\u0131\u011f\u0131 andan itibaren giderek iyile\u015fen hikayesi ile kendini sevdirmeyi ba\u015fard\u0131.<\/p>\n<p>\u00d6te yandan Mj\u00f6lnir&#8217;i kullanan kad\u0131n\u0131n Avengers&#8217;da yer etmesiyle kendisinin kim oldu\u011fu hakk\u0131nda bir \u015feyler \u00f6\u011frenece\u011fimizi\u00a0s\u00f6ylemek de yanl\u0131\u015f olmaz. <strong>Vision<\/strong> ve Mj\u00f6lnir&#8217;li kad\u0131n\u0131n bir s\u00fcre yaln\u0131z kalmas\u0131n\u0131 d\u00fc\u015f\u00fcnmek bile heyecan verici.<\/p>\n<p>Tak\u0131m\u0131n i\u00e7indeki bu g\u00f6zle g\u00f6r\u00fcl\u00fcr ya\u015f fark\u0131 biraz sorun \u00e7\u0131kartabilir gibi. Karakterlerin ergenli\u011fi ile u\u011fra\u015fmak okuyucu b\u0131kt\u0131racak m\u0131 g\u00f6rece\u011fiz. Ancak <strong>Miles Morales<\/strong> ve <strong>Ms. Marvel<\/strong> \u00e7\u0131kt\u0131klar\u0131 g\u00fcnden itibaren okuyucu kitle taraf\u0131ndan benimsenmi\u015f durumda. Buna ra\u011fmen kendi hikayelerine bakt\u0131\u011f\u0131m\u0131zda hitap etti\u011fi kitleyi anlamak \u00e7ok da zor de\u011fil. <em>Peter Parker<\/em>&#8216;\u0131n da bir zamanlar \u00e7ocuk oldu\u011funu hat\u0131rlayarak \u015fimdiden olumlu olumsuz bir yorum yapmadan May\u0131s&#8217;\u0131n 2&#8217;sini bekliyoruz efendim!<\/p>\n<p><img decoding=\"async\" class=\"aligncenter size-full wp-image-38886\" src=\"https:\/\/www.kayiprihtim.org\/portal\/gorsel\/2015\/03\/all-new-all-different-avengers.jpg\" alt=\"all-new-all-different-avengers\" width=\"467\" height=\"703\" srcset=\"https:\/\/www.kayiprihtim.org\/portal\/gorsel\/2015\/03\/all-new-all-different-avengers.jpg 453w, https:\/\/www.kayiprihtim.org\/portal\/gorsel\/2015\/03\/all-new-all-different-avengers-199x300.jpg 199w\" sizes=\"(max-width: 467px) 100vw, 467px\" \/><\/p>\n","protected":false},"excerpt":{"rendered":"<p>Daha \u00f6nceki haberimizde Marvel Comics&#8216;in bu yaz Secret Wars ad\u0131 alt\u0131nda alternatif evrenleri \u00e7arp\u0131\u015ft\u0131raca\u011f\u0131n\u0131 sizlere duyurmu\u015ftuk. Secret Wars ile devam edecek karakterlerin nas\u0131l olaca\u011f\u0131 da yava\u015f yava\u015f ayd\u0131nl\u0131\u011fa \u00e7\u0131kmaya ba\u015flad\u0131. Gelin resmi olarak a\u00e7\u0131klanan Yeni \u0130ntikamc\u0131lar&#8216;a bir g\u00f6z atal\u0131m. Yeni \u0130ntikamc\u0131lar, All-New All-Different Avengers ad\u0131yla an\u0131lacak. Ancak ekipte yer alan\u00a0karakterler pek de pop\u00fcler de\u011fil; o [&hellip;]<\/p>\n","protected":false},"author":68,"featured_media":38904,"comment_status":"open","ping_status":"closed","sticky":false,"template":"","format":"standard","meta":{"_acf_changed":false,"footnotes":""},"categories":[334],"tags":[555,824,4282,4283,4092,2298,2303,4281],"class_list":{"0":"post-38885","1":"post","2":"type-post","3":"status-publish","4":"format-standard","5":"has-post-thumbnail","7":"category-cizgi-roman","8":"tag-captain-america","9":"tag-marvel-comics","10":"tag-ms-marvel","11":"tag-nova","12":"tag-secret-wars","13":"tag-spiderman","14":"tag-thor","15":"tag-vision","16":"kose_yazari-burak-ipek"},"acf":[],"_links":{"self":[{"href":"https:\/\/www.kayiprihtim.org\/portal\/wp-json\/wp\/v2\/posts\/38885","targetHints":{"allow":["GET"]}}],"collection":[{"href":"https:\/\/www.kayiprihtim.org\/portal\/wp-json\/wp\/v2\/posts"}],"about":[{"href":"https:\/\/www.kayiprihtim.org\/portal\/wp-json\/wp\/v2\/types\/post"}],"author":[{"embeddable":true,"href":"https:\/\/www.kayiprihtim.org\/portal\/wp-json\/wp\/v2\/users\/68"}],"replies":[{"embeddable":true,"href":"https:\/\/www.kayiprihtim.org\/portal\/wp-json\/wp\/v2\/comments?post=38885"}],"version-history":[{"count":0,"href":"https:\/\/www.kayiprihtim.org\/portal\/wp-json\/wp\/v2\/posts\/38885\/revisions"}],"wp:featuredmedia":[{"embeddable":true,"href":"https:\/\/www.kayiprihtim.org\/portal\/wp-json\/wp\/v2\/media\/38904"}],"wp:attachment":[{"href":"https:\/\/www.kayiprihtim.org\/portal\/wp-json\/wp\/v2\/media?parent=38885"}],"wp:term":[{"taxonomy":"category","embeddable":true,"href":"https:\/\/www.kayiprihtim.org\/portal\/wp-json\/wp\/v2\/categories?post=38885"},{"taxonomy":"post_tag","embeddable":true,"href":"https:\/\/www.kayiprihtim.org\/portal\/wp-json\/wp\/v2\/tags?post=38885"}],"curies":[{"name":"wp","href":"https:\/\/api.w.org\/{rel}","templated":true}]}}