{"id":39084,"date":"2015-04-02T08:53:58","date_gmt":"2015-04-02T05:53:58","guid":{"rendered":"http:\/\/www.kayiprihtim.org\/portal\/?p=39084"},"modified":"2015-04-02T08:53:58","modified_gmt":"2015-04-02T05:53:58","slug":"stephen-king-de-1-nisani-bos-gecmedi","status":"publish","type":"post","link":"https:\/\/www.kayiprihtim.org\/portal\/2015\/04\/02\/stephen-king-de-1-nisani-bos-gecmedi\/","title":{"rendered":"Stephen King de 1 Nisan&#8217;\u0131 Bo\u015f Ge\u00e7medi"},"content":{"rendered":"<p style=\"text-align: center;\"><img fetchpriority=\"high\" decoding=\"async\" class=\"aligncenter size-full wp-image-39092\" src=\"https:\/\/www.kayiprihtim.org\/portal\/gorsel\/2015\/04\/stephen-king-1-nisan.jpg\" alt=\"stephen king 1 nisan\" width=\"467\" height=\"228\" srcset=\"https:\/\/www.kayiprihtim.org\/portal\/gorsel\/2015\/04\/stephen-king-1-nisan.jpg 500w, https:\/\/www.kayiprihtim.org\/portal\/gorsel\/2015\/04\/stephen-king-1-nisan-300x146.jpg 300w\" sizes=\"(max-width: 467px) 100vw, 467px\" \/><\/p>\n<p><span style=\"font-size: 12pt;\"><strong>Korku ustas\u0131 <span style=\"color: #993300;\"><a style=\"color: #993300;\" href=\"https:\/\/www.kayiprihtim.org\/portal\/yazar\/stephen-king\/\">Stephen King<\/a><\/span>, d\u00fcnk\u00fc 1 Nisan \u015fakas\u0131 furyas\u0131n\u0131 bo\u015f ge\u00e7meyenlerden. Hayranlar\u0131na <span style=\"color: #993300;\">The Walking Dead<\/span> (Y\u00fcr\u00fcyen \u00d6l\u00fcler) i\u00e7in bir b\u00f6l\u00fcm haberini verece\u011fini resmi sitesinde duyurarak k\u0131sa s\u00fcreli bir heyecan yaratt\u0131.<\/strong><\/span><\/p>\n<p>D\u00fcn <span style=\"font-size: 12pt;\"><a href=\"https:\/\/www.kayiprihtim.org\/portal\/yazar\/stephen-king\/\"><strong>King\u2019<\/strong><\/a><\/span>in sitesine girdi\u011finizde kar\u015f\u0131n\u0131za kocaman bir duyuru \u00e7\u0131k\u0131yordu. Bu duyuruya g\u00f6re <strong>Y\u00fcr\u00fcyen \u00d6l\u00fcler<\/strong>\u2019in o \u015fok edici 5. sezon finaline k\u0131saca de\u011finilip, <strong>King<\/strong>\u2019in hayran\u0131 oldu\u011fu bu seri i\u00e7in 6. sezonda bir b\u00f6l\u00fcm kaleme alaca\u011f\u0131 yaz\u0131yordu. Hem de <strong>King<\/strong>\u2019in s\u00f6zleriyle.<\/p>\n<p>Sonra ne mi oldu? Ne zaman ki &#8220;more information&#8221; k\u0131sm\u0131na t\u0131klay\u0131p daha \u00e7ok bilgi almak istediniz, i\u015fte o zaman <a href=\"https:\/\/www.kayiprihtim.org\/portal\/yazar\/stephen-king\/\"><strong>King<\/strong><\/a> surat\u0131n\u0131za <span style=\"font-size: 12pt;\"><a href=\"http:\/\/stephenking.com\/promo\/wd\/more.html\" rel=\"nofollow noopener\" target=\"_blank\"><strong>g\u00fcld\u00fc<\/strong><\/a><\/span>.<\/p>\n<p>E\u011flenmedik desek yalan olur. <span style=\"font-size: 12pt; color: #993300;\"><a style=\"color: #993300;\" href=\"https:\/\/www.kayiprihtim.org\/portal\/2015\/04\/01\/fear-the-walking-dead-ile-yuruyen-olulerin-kokenine-iniyoruz\/\"><strong>Fear The Walking Dead<\/strong><\/a><\/span> de g\u00fcndeme bomba gibi d\u00fc\u015fm\u00fc\u015fken iyi d\u00fc\u015f\u00fcn\u00fclm\u00fc\u015f bir \u015faka oldu\u011funu s\u00f6ylemek gerek.<\/p>\n","protected":false},"excerpt":{"rendered":"<p>Korku ustas\u0131 Stephen King, d\u00fcnk\u00fc 1 Nisan \u015fakas\u0131 furyas\u0131n\u0131 bo\u015f ge\u00e7meyenlerden. Hayranlar\u0131na The Walking Dead (Y\u00fcr\u00fcyen \u00d6l\u00fcler) i\u00e7in bir b\u00f6l\u00fcm haberini verece\u011fini resmi sitesinde duyurarak k\u0131sa s\u00fcreli bir heyecan yaratt\u0131. D\u00fcn King\u2019in sitesine girdi\u011finizde kar\u015f\u0131n\u0131za kocaman bir duyuru \u00e7\u0131k\u0131yordu. Bu duyuruya g\u00f6re Y\u00fcr\u00fcyen \u00d6l\u00fcler\u2019in o \u015fok edici 5. sezon finaline k\u0131saca de\u011finilip, King\u2019in hayran\u0131 oldu\u011fu [&hellip;]<\/p>\n","protected":false},"author":55,"featured_media":39092,"comment_status":"open","ping_status":"closed","sticky":false,"template":"","format":"standard","meta":{"_acf_changed":false,"footnotes":""},"categories":[81],"tags":[4319,4347,242,1260,1889],"class_list":{"0":"post-39084","1":"post","2":"type-post","3":"status-publish","4":"format-standard","5":"has-post-thumbnail","7":"category-yazar","8":"tag-fear-the-walking-dead","9":"tag-senaryo","10":"tag-stephen-king","11":"tag-the-walking-dead","12":"tag-yuruyen-oluler","13":"kose_yazari-hazal-camur-firtinakiran"},"acf":[],"_links":{"self":[{"href":"https:\/\/www.kayiprihtim.org\/portal\/wp-json\/wp\/v2\/posts\/39084","targetHints":{"allow":["GET"]}}],"collection":[{"href":"https:\/\/www.kayiprihtim.org\/portal\/wp-json\/wp\/v2\/posts"}],"about":[{"href":"https:\/\/www.kayiprihtim.org\/portal\/wp-json\/wp\/v2\/types\/post"}],"author":[{"embeddable":true,"href":"https:\/\/www.kayiprihtim.org\/portal\/wp-json\/wp\/v2\/users\/55"}],"replies":[{"embeddable":true,"href":"https:\/\/www.kayiprihtim.org\/portal\/wp-json\/wp\/v2\/comments?post=39084"}],"version-history":[{"count":0,"href":"https:\/\/www.kayiprihtim.org\/portal\/wp-json\/wp\/v2\/posts\/39084\/revisions"}],"wp:featuredmedia":[{"embeddable":true,"href":"https:\/\/www.kayiprihtim.org\/portal\/wp-json\/wp\/v2\/media\/39092"}],"wp:attachment":[{"href":"https:\/\/www.kayiprihtim.org\/portal\/wp-json\/wp\/v2\/media?parent=39084"}],"wp:term":[{"taxonomy":"category","embeddable":true,"href":"https:\/\/www.kayiprihtim.org\/portal\/wp-json\/wp\/v2\/categories?post=39084"},{"taxonomy":"post_tag","embeddable":true,"href":"https:\/\/www.kayiprihtim.org\/portal\/wp-json\/wp\/v2\/tags?post=39084"}],"curies":[{"name":"wp","href":"https:\/\/api.w.org\/{rel}","templated":true}]}}