{"id":39581,"date":"2015-04-13T12:22:58","date_gmt":"2015-04-13T09:22:58","guid":{"rendered":"http:\/\/www.kayiprihtim.org\/portal\/?p=39581"},"modified":"2015-04-13T12:28:20","modified_gmt":"2015-04-13T09:28:20","slug":"civil-war-filminde-hangi-orumcek-adamin-olacagi-aciklandi","status":"publish","type":"post","link":"https:\/\/www.kayiprihtim.org\/portal\/2015\/04\/13\/civil-war-filminde-hangi-orumcek-adamin-olacagi-aciklandi\/","title":{"rendered":"Civil War Filminde Hangi \u00d6r\u00fcmcek Adam&#8217;\u0131n Olaca\u011f\u0131 A\u00e7\u0131kland\u0131"},"content":{"rendered":"<p><img fetchpriority=\"high\" decoding=\"async\" class=\"aligncenter wp-image-39582 size-full\" src=\"https:\/\/www.kayiprihtim.org\/portal\/gorsel\/2015\/04\/peter-face-e1428849158617.jpg\" alt=\"peter-face\" width=\"467\" height=\"267\" \/><\/p>\n<p><span style=\"font-size: 12pt;\"><strong><span style=\"color: #993300;\">Avengers: Age Of Ultron<\/span> i\u00e7in d\u00fczenlenen bas\u0131n turunda Marvel\u2019den Kevin Feige,\u00a0<span style=\"color: #993300;\">Captain America: Civil War<\/span> filminde g\u00f6rece\u011fimiz <span style=\"color: #993300;\">\u00d6r\u00fcmcek Adam<\/span>\u2019\u0131n lise y\u0131llar\u0131ndaki Peter Parker olaca\u011f\u0131n\u0131 do\u011frulad\u0131!<\/strong><\/span><\/p>\n<p><strong>Kevin Feige<\/strong>, <em>Collider<\/em> adl\u0131 internet sitesine,\u00a0\u201cS<em>e\u00e7ece\u011fimiz akt\u00f6r\u00fcn ya\u015f\u0131n\u0131 konu\u015facak olursak, bilmiyorum. Ama\u00a0<\/em><span style=\"color: #993300; font-size: 12pt;\"><strong>Peter Parker<\/strong><\/span><em>\u2019\u0131n olmas\u0131 gerekti\u011fini d\u00fc\u015f\u00fcnd\u00fc\u011f\u00fcm\u00fcz ya\u015fa gelirsek, 15-16 olabilir diyebilirim,<\/em>\u201d\u00a0a\u00e7\u0131klamas\u0131nda bulundu.<\/p>\n<p><strong>Fiege<\/strong>\u00a0konu\u015fmas\u0131na \u015f\u00f6yle devam etti:<\/p>\n<blockquote><p>Spider-Man\u2019in lise y\u0131llar\u0131nda olmas\u0131n\u0131 istiyoruz \u00e7\u00fcnk\u00fc a\u00e7\u0131k\u00e7as\u0131 ortada be\u015f tane Spider-Man filmi var. \u0130\u015fin ilgin\u00e7 yan\u0131, bu kadar \u00e7ok Spider-man filmi olmas\u0131na\u00a0ra\u011fmen \u00e7izgi romanlarda olup da filmlerde yap\u0131lmayan daha bir s\u00fcr\u00fc\u00a0\u015fey var.<\/p>\n<p>Sadece di\u011fer karakterlerden, s\u00fcper k\u00f6t\u00fclerden ya da yan karakterlerden bahsetmiyorum;\u00a0Peter Parker\u2019\u0131n kendi ki\u015fili\u011finin di\u011fer\u00a0taraflar\u0131 da buna dahil. G\u00fc\u00e7lerini kazanmadan \u00f6nce \u2018ortama\u00a0tam olarak ayak sa\u011flayamayan\u00a0gen\u00e7\u2019 olu\u015fu, sonra da maskesini kafas\u0131na ge\u00e7irip\u00a0binalar\u0131n aras\u0131nda sallan\u0131\u015f\u0131, k\u00f6t\u00fc adamlarla sava\u015fmas\u0131 ve bir t\u00fcrl\u00fc \u00e7enesini kapatmay\u0131\u015f\u0131\u00a0bunlar\u0131n aras\u0131nda en belirgin olan\u0131. Bu da \u00fczerinde oynamak istedi\u011fimiz ve bize heyecan veren bir fikir.<\/p><\/blockquote>\n<p>Bu a\u00e7\u0131klama <strong><span style=\"color: #993300; font-size: 12pt;\">Spider-Man<\/span><\/strong>\u2019in \u00e7ok gen\u00e7 ve lise y\u0131llar\u0131nda olaca\u011f\u0131n\u0131 do\u011fruluyor. Anla\u015f\u0131lan <em>Miles Morales<\/em>\u2019i \u015fimdilik g\u00f6remeyece\u011fiz. Buna \u00fcz\u00fcld\u00fck dersek yalan olabilir zira mahallemizin dostu olan \u00d6r\u00fcmcek hep <span style=\"color: #993300; font-size: 12pt;\"><strong>Peter Parker<\/strong><\/span>\u2019d\u0131.<\/p>\n<p><img decoding=\"async\" class=\" size-medium wp-image-39584 alignright\" src=\"https:\/\/www.kayiprihtim.org\/portal\/gorsel\/2015\/04\/avengers-spider-man-1-193x300.jpg\" alt=\"avengers-spider-man-1\" width=\"193\" height=\"300\" srcset=\"https:\/\/www.kayiprihtim.org\/portal\/gorsel\/2015\/04\/avengers-spider-man-1-193x300.jpg 193w, https:\/\/www.kayiprihtim.org\/portal\/gorsel\/2015\/04\/avengers-spider-man-1.jpg 412w\" sizes=\"(max-width: 193px) 100vw, 193px\" \/><\/p>\n<p>Zeki olan okuyucular \u00f6nceki haberlerden bunun olaca\u011f\u0131n\u0131 kestirmi\u015flerdi elbette.<\/p>\n<p>\u201cSony Pictures ve Marvel St\u00fcdyolar\u0131 Spider-Man evrenindeki karakterlere olan hayranl\u0131klar\u0131n\u0131 payla\u015f\u0131yorlar ve birlikte \u00e7al\u0131\u015ft\u0131klar\u0131 uzun ve ba\u015far\u0131l\u0131 bir tarihleri var,\u201d diyor Sony Pictures Entertainment Motion Picture Group ba\u015fkan\u0131 <strong>Doug Belgrad<\/strong>, Marvel ile birlikteliklerini duyurdu\u011fu bas\u0131n toplant\u0131s\u0131nda. \u201c<em>Bu yeni birliktelik <\/em><span style=\"font-size: 12pt; color: #993300;\"><strong>Peter Parker<\/strong><\/span><em>\u2019\u0131n hikayesini gelece\u011fe ta\u015f\u0131mak i\u00e7in harika bir yol.\u201d<\/em><\/p>\n<p><strong>Civil War<\/strong> gibi efsane bir hikayeye sahip olan film yap\u0131m a\u015famas\u0131nda bekleyedursun, <span style=\"color: #993300; font-size: 12pt;\"><strong>Spider-Man<\/strong><\/span>\u2019in <strong>Feige<\/strong> taraf\u0131ndan \u00fcretilen kendi filmi de <span style=\"text-decoration: underline;\"><strong>28 Temmuz 2017<\/strong><\/span>\u2019de \u00e7\u0131kacak. Oyuncu se\u00e7imlerini yak\u0131n zamanda duyabiliriz.<\/p>\n<p>Peki bizi \u00f6n\u00fcm\u00fczdeki aylarda ve y\u0131llarda hangi filmler bekliyor? Buyurun efendim bu listeden bir g\u00f6z at\u0131n:<\/p>\n<ul style=\"list-style-type: disc;\">\n<li><strong>Avengers: Age of Ultron<\/strong> \u2013 \u00a01 May\u0131s 2015<\/li>\n<li><strong>Ant-Man<\/strong> \u2013 17 Temmuz\u00a02015<\/li>\n<li><strong>Captain America: Civil War<\/strong> \u2013 6 May\u0131s\u00a02016<\/li>\n<li><strong>Doctor Strange<\/strong> &#8211; 6 Kas\u0131m\u00a02016<\/li>\n<li><strong>Guardians of the Galaxy 2<\/strong> \u2013 5 May\u0131s\u00a02017<\/li>\n<li><strong>Spider-Man<\/strong>\u00a0(Reboot) \u2013 28 Temmuz\u00a02017<\/li>\n<li><strong>Thor: Ragnarok<\/strong> \u2013 3 Kas\u0131m\u00a02017<\/li>\n<li><strong>Avengers: Infinity War \u2013 Part 1<\/strong> \u2013 4 May\u0131s\u00a02018<\/li>\n<li><strong>Black Panther<\/strong> \u2013 6 Temmuz 2018<\/li>\n<li><strong>Captain Marvel<\/strong> \u2013 2 Kas\u0131m\u00a02018<\/li>\n<li><strong>Avengers: Infinity War<\/strong> \u2013 Part 2 \u2013 3 May\u0131s\u00a02019<\/li>\n<li><strong>Inhumans<\/strong> \u2013 12 Temmuz\u00a02019<\/li>\n<\/ul>\n","protected":false},"excerpt":{"rendered":"<p>Avengers: Age Of Ultron i\u00e7in d\u00fczenlenen bas\u0131n turunda Marvel\u2019den Kevin Feige,\u00a0Captain America: Civil War filminde g\u00f6rece\u011fimiz \u00d6r\u00fcmcek Adam\u2019\u0131n lise y\u0131llar\u0131ndaki Peter Parker olaca\u011f\u0131n\u0131 do\u011frulad\u0131! Kevin Feige, Collider adl\u0131 internet sitesine,\u00a0\u201cSe\u00e7ece\u011fimiz akt\u00f6r\u00fcn ya\u015f\u0131n\u0131 konu\u015facak olursak, bilmiyorum. Ama\u00a0Peter Parker\u2019\u0131n olmas\u0131 gerekti\u011fini d\u00fc\u015f\u00fcnd\u00fc\u011f\u00fcm\u00fcz ya\u015fa gelirsek, 15-16 olabilir diyebilirim,\u201d\u00a0a\u00e7\u0131klamas\u0131nda bulundu. Fiege\u00a0konu\u015fmas\u0131na \u015f\u00f6yle devam etti: Spider-Man\u2019in lise y\u0131llar\u0131nda olmas\u0131n\u0131 istiyoruz [&hellip;]<\/p>\n","protected":false},"author":68,"featured_media":39584,"comment_status":"open","ping_status":"closed","sticky":false,"template":"","format":"standard","meta":{"_acf_changed":false,"footnotes":""},"categories":[334,36],"tags":[4514,556,3017,2298],"class_list":{"0":"post-39581","1":"post","2":"type-post","3":"status-publish","4":"format-standard","5":"has-post-thumbnail","7":"category-cizgi-roman","8":"category-fantastik-perde","9":"tag-captain-america-civil-war","10":"tag-orumcek-adam","11":"tag-peter-parker","12":"tag-spiderman","13":"kose_yazari-burak-ipek"},"acf":[],"_links":{"self":[{"href":"https:\/\/www.kayiprihtim.org\/portal\/wp-json\/wp\/v2\/posts\/39581","targetHints":{"allow":["GET"]}}],"collection":[{"href":"https:\/\/www.kayiprihtim.org\/portal\/wp-json\/wp\/v2\/posts"}],"about":[{"href":"https:\/\/www.kayiprihtim.org\/portal\/wp-json\/wp\/v2\/types\/post"}],"author":[{"embeddable":true,"href":"https:\/\/www.kayiprihtim.org\/portal\/wp-json\/wp\/v2\/users\/68"}],"replies":[{"embeddable":true,"href":"https:\/\/www.kayiprihtim.org\/portal\/wp-json\/wp\/v2\/comments?post=39581"}],"version-history":[{"count":0,"href":"https:\/\/www.kayiprihtim.org\/portal\/wp-json\/wp\/v2\/posts\/39581\/revisions"}],"wp:featuredmedia":[{"embeddable":true,"href":"https:\/\/www.kayiprihtim.org\/portal\/wp-json\/wp\/v2\/media\/39584"}],"wp:attachment":[{"href":"https:\/\/www.kayiprihtim.org\/portal\/wp-json\/wp\/v2\/media?parent=39581"}],"wp:term":[{"taxonomy":"category","embeddable":true,"href":"https:\/\/www.kayiprihtim.org\/portal\/wp-json\/wp\/v2\/categories?post=39581"},{"taxonomy":"post_tag","embeddable":true,"href":"https:\/\/www.kayiprihtim.org\/portal\/wp-json\/wp\/v2\/tags?post=39581"}],"curies":[{"name":"wp","href":"https:\/\/api.w.org\/{rel}","templated":true}]}}