{"id":39766,"date":"2015-04-15T13:13:34","date_gmt":"2015-04-15T10:13:34","guid":{"rendered":"http:\/\/www.kayiprihtim.org\/portal\/?p=39766"},"modified":"2015-04-15T13:13:34","modified_gmt":"2015-04-15T10:13:34","slug":"wonder-womanin-yonetmeni-filmden-ayrildi","status":"publish","type":"post","link":"https:\/\/www.kayiprihtim.org\/portal\/2015\/04\/15\/wonder-womanin-yonetmeni-filmden-ayrildi\/","title":{"rendered":"Wonder Woman\u2019\u0131n Y\u00f6netmeni Filmden Ayr\u0131ld\u0131"},"content":{"rendered":"<p><img fetchpriority=\"high\" decoding=\"async\" class=\"aligncenter size-full wp-image-39767\" src=\"https:\/\/www.kayiprihtim.org\/portal\/gorsel\/2015\/04\/wonder-woman-header.jpg\" alt=\"wonder-woman-header\" width=\"467\" height=\"304\" srcset=\"https:\/\/www.kayiprihtim.org\/portal\/gorsel\/2015\/04\/wonder-woman-header.jpg 500w, https:\/\/www.kayiprihtim.org\/portal\/gorsel\/2015\/04\/wonder-woman-header-300x195.jpg 300w\" sizes=\"(max-width: 467px) 100vw, 467px\" \/><\/p>\n<p><span style=\"font-size: 12pt;\"><strong>Ba\u015far\u0131l\u0131 y\u00f6netmen <span style=\"color: #993300;\">Michelle MacLaren<\/span>, <span style=\"color: #993300;\">Wonder Woman<\/span> filminde ayr\u0131ld\u0131\u011f\u0131n\u0131 duyurdu. Gerek\u00e7e olarak <span style=\"color: #993300;\">Warner Bros<\/span>\u2019la aralar\u0131nda \u201ckreatif farkl\u0131l\u0131klar\u201d oldu\u011funu belirtse de, \u015fu an i\u00e7in iki taraftan da detayl\u0131 bir a\u00e7\u0131klama gelmedi. Peki \u015fimdi ne olacak? \u0130\u015fte o hepimiz i\u00e7in bir merak konusu.<\/strong><\/span><\/p>\n<p><strong><em>Breaking Bad, The Walking Dead<\/em><\/strong> ve <em><strong>Game of Thrones<\/strong><\/em> gibi dizilerde \u00e7al\u0131\u015farak ba\u015far\u0131s\u0131n\u0131 kan\u0131tlayan bir y\u00f6netmen <span style=\"color: #993300; font-size: 12pt;\"><strong>Michelle MacLaren<\/strong><\/span>. <strong>Wonder Woman<\/strong> filmi ilk duyuruldu\u011funda kad\u0131n bir y\u00f6netmen arad\u0131\u011f\u0131n\u0131 \u0131srarla belirten <strong>DC<\/strong> ve <strong>Warner Bros<\/strong> yetkilileri ge\u00e7ti\u011fimiz kas\u0131m ay\u0131nda <strong>Gal Gadot<\/strong>\u2019u ba\u015frole getirirken kendisini de y\u00f6netmen koltu\u011funa oturtmu\u015ftu.<\/p>\n<p>Ancak anla\u015f\u0131lan o ki i\u015fler pek de planland\u0131\u011f\u0131 gibi gitmedi ve <span style=\"color: #993300; font-size: 12pt;\"><strong>MacLaren<\/strong><\/span> \u201c<em><span style=\"text-decoration: underline;\">kreatif farkl\u0131l\u0131klar<\/span><\/em>\u201d nedeniyle projeden ayr\u0131ld\u0131\u011f\u0131n\u0131 duyurdu. Bu da hemen ak\u0131llara 2011\u2019de <strong>Marvel Comics<\/strong> ve bir di\u011fer ba\u015far\u0131l\u0131 kad\u0131n y\u00f6netmen olan <strong>Patty Jenkins<\/strong> aras\u0131nda ya\u015fananlar\u0131 getirdi. O zamanlar \u201c<strong><em>Thor 2<\/em><\/strong>\u201d olarak an\u0131lan projenin ba\u015f\u0131na getirilen <strong>Patty Jenkins<\/strong>, senaryoya ve karaktere yakla\u015f\u0131m\u0131 konusunda ya\u015fanan baz\u0131 anla\u015fmazl\u0131klar y\u00fcz\u00fcnden istifa etmi\u015fti. Dolay\u0131s\u0131yla pek \u00e7ok ki\u015fi \u00e7izgi roman adaptasyonlar\u0131n\u0131n y\u00f6netmen koltu\u011funda bir kad\u0131n g\u00f6r\u00fcp g\u00f6remeyece\u011fimizi merak etmeye ba\u015flad\u0131.<\/p>\n<p>Ancak <strong>Warner Bros.<\/strong> ve <strong>DC<\/strong> cephesi, <span style=\"color: #993300; font-size: 12pt;\"><strong>Wonder Woman<\/strong><\/span> filminin ba\u015f\u0131na ba\u015far\u0131l\u0131 bir kad\u0131n y\u00f6netmen getirmeye kararl\u0131 olduklar\u0131n\u0131 tekrar tekrar belirtti ve bu konudaki \u00e7al\u0131\u015fmalar\u0131n\u0131 s\u00fcrd\u00fcrd\u00fcklerini a\u00e7\u0131klad\u0131. Bakal\u0131m arad\u0131klar\u0131 ki\u015fiyi bulabilecekler mi? Yoksa ikinci bir <strong>Thor<\/strong> vakas\u0131 ya\u015fay\u0131p yine erkek bir y\u00f6netmenin ellerine mi b\u0131rak\u0131lacak?<\/p>\n<p>Y\u00f6netmen <span style=\"color: #993300; font-size: 12pt;\"><strong>MacLaren<\/strong><\/span>\u2019in ayr\u0131l\u0131\u015f\u0131n\u0131n filmin \u00e7\u0131k\u0131\u015f tarihi olan\u00a0<span style=\"text-decoration: underline;\">2017<\/span><span style=\"font-size: 12pt;\">&#8216;<\/span><span style=\"font-size: 12pt;\">ye<\/span>\u00a0etki edip etmeyece\u011fiyse hen\u00fcz bilinmiyor.<\/p>\n","protected":false},"excerpt":{"rendered":"<p>Ba\u015far\u0131l\u0131 y\u00f6netmen Michelle MacLaren, Wonder Woman filminde ayr\u0131ld\u0131\u011f\u0131n\u0131 duyurdu. Gerek\u00e7e olarak Warner Bros\u2019la aralar\u0131nda \u201ckreatif farkl\u0131l\u0131klar\u201d oldu\u011funu belirtse de, \u015fu an i\u00e7in iki taraftan da detayl\u0131 bir a\u00e7\u0131klama gelmedi. Peki \u015fimdi ne olacak? \u0130\u015fte o hepimiz i\u00e7in bir merak konusu. Breaking Bad, The Walking Dead ve Game of Thrones gibi dizilerde \u00e7al\u0131\u015farak ba\u015far\u0131s\u0131n\u0131 kan\u0131tlayan bir [&hellip;]<\/p>\n","protected":false},"author":57,"featured_media":39767,"comment_status":"open","ping_status":"closed","sticky":false,"template":"","format":"standard","meta":{"_acf_changed":false,"footnotes":""},"categories":[36],"tags":[2330,4573,2329],"class_list":{"0":"post-39766","1":"post","2":"type-post","3":"status-publish","4":"format-standard","5":"has-post-thumbnail","7":"category-fantastik-perde","8":"tag-gal-gadot","9":"tag-michelle-maclaren","10":"tag-wonder-woman","11":"kose_yazari-m-ihsan-tatari-arsivi"},"acf":[],"_links":{"self":[{"href":"https:\/\/www.kayiprihtim.org\/portal\/wp-json\/wp\/v2\/posts\/39766","targetHints":{"allow":["GET"]}}],"collection":[{"href":"https:\/\/www.kayiprihtim.org\/portal\/wp-json\/wp\/v2\/posts"}],"about":[{"href":"https:\/\/www.kayiprihtim.org\/portal\/wp-json\/wp\/v2\/types\/post"}],"author":[{"embeddable":true,"href":"https:\/\/www.kayiprihtim.org\/portal\/wp-json\/wp\/v2\/users\/57"}],"replies":[{"embeddable":true,"href":"https:\/\/www.kayiprihtim.org\/portal\/wp-json\/wp\/v2\/comments?post=39766"}],"version-history":[{"count":0,"href":"https:\/\/www.kayiprihtim.org\/portal\/wp-json\/wp\/v2\/posts\/39766\/revisions"}],"wp:featuredmedia":[{"embeddable":true,"href":"https:\/\/www.kayiprihtim.org\/portal\/wp-json\/wp\/v2\/media\/39767"}],"wp:attachment":[{"href":"https:\/\/www.kayiprihtim.org\/portal\/wp-json\/wp\/v2\/media?parent=39766"}],"wp:term":[{"taxonomy":"category","embeddable":true,"href":"https:\/\/www.kayiprihtim.org\/portal\/wp-json\/wp\/v2\/categories?post=39766"},{"taxonomy":"post_tag","embeddable":true,"href":"https:\/\/www.kayiprihtim.org\/portal\/wp-json\/wp\/v2\/tags?post=39766"}],"curies":[{"name":"wp","href":"https:\/\/api.w.org\/{rel}","templated":true}]}}