{"id":39914,"date":"2015-04-18T20:20:29","date_gmt":"2015-04-18T17:20:29","guid":{"rendered":"http:\/\/www.kayiprihtim.org\/portal\/?p=39914"},"modified":"2015-04-18T20:21:55","modified_gmt":"2015-04-18T17:21:55","slug":"angelina-jolie-captain-marveli-yonetebilir","status":"publish","type":"post","link":"https:\/\/www.kayiprihtim.org\/portal\/2015\/04\/18\/angelina-jolie-captain-marveli-yonetebilir\/","title":{"rendered":"Angelina Jolie, Captain Marvel&#8217;\u0131 Y\u00f6netebilir"},"content":{"rendered":"<p style=\"text-align: center;\"><img fetchpriority=\"high\" decoding=\"async\" class=\"aligncenter size-full wp-image-39920\" src=\"https:\/\/www.kayiprihtim.org\/portal\/gorsel\/2015\/04\/captain-marvel.jpg\" alt=\"captain marvel\" width=\"467\" height=\"233\" srcset=\"https:\/\/www.kayiprihtim.org\/portal\/gorsel\/2015\/04\/captain-marvel.jpg 500w, https:\/\/www.kayiprihtim.org\/portal\/gorsel\/2015\/04\/captain-marvel-300x149.jpg 300w\" sizes=\"(max-width: 467px) 100vw, 467px\" \/><\/p>\n<p><span style=\"font-size: 12pt;\"><strong><span style=\"color: #993300;\">Captain Marvel<\/span>\u2019in sinema uyarlamas\u0131n\u0131n kadrosu g\u00fcn ge\u00e7tik\u00e7e \u015fekilleniyor. <span style=\"color: #993300;\">Marvel<\/span> yetkililerinin filmin ba\u015f\u0131nda y\u00f6netmen olarak g\u00f6rmek istedi\u011fi isimse\u00a0<span style=\"color: #993300;\">Angelina Jolie<\/span>.<br \/>\n<\/strong><\/span><\/p>\n<p>Ge\u00e7ti\u011fimiz aylarda <em><strong>Marvel<\/strong> <\/em>evrenine ilk kez bir kad\u0131n kahraman\u0131n ba\u015frol olarak dahil olaca\u011f\u0131 duyurulan film i\u00e7in y\u00f6netmenin de kad\u0131n olaca\u011f\u0131 s\u00f6ylentileri vard\u0131. Bu isimler aras\u0131nda \u00f6zellikle <span style=\"font-size: 12pt; color: #993300;\"><strong>Angelina Jolie<\/strong><\/span> \u00f6n plana \u00e7\u0131k\u0131yordu. <em>Oscar<\/em>\u2019l\u0131 oyuncunun filmle yak\u0131ndan ilgilendi\u011fi biliniyordu ve nihayet <strong>Marvel<\/strong> cephesinden de bu iste\u011fe bir kar\u015f\u0131l\u0131k verildi. \u00c7\u00fcnk\u00fc kulislerdeki s\u00f6ylentilere bak\u0131l\u0131rsa <span style=\"color: #993300; font-size: 12pt;\"><strong>Jolie<\/strong> <\/span>y\u00f6netmenlik koltu\u011funa oturacaklar aras\u0131nda en g\u00fc\u00e7l\u00fc isim.<\/p>\n<p><strong>Jolie<\/strong> ilk y\u00f6netmenlik deneyimini 2011 y\u0131l\u0131nda &#8220;<em><strong>In the Land of Blood and Honey<\/strong><\/em>&#8221; (<em>Kan ve A\u015fk<\/em>) filminde ya\u015fad\u0131. Ard\u0131ndan ge\u00e7ti\u011fimiz y\u0131l yay\u0131mlanan ve yap\u0131mc\u0131l\u0131\u011f\u0131n\u0131 da \u00fcstlendi\u011fi &#8220;<em><strong>Unbroken<\/strong><\/em>&#8221; (<em>Boyun E\u011fmez<\/em>) filmi i\u00e7in y\u00f6netmenlik koltu\u011funa oturdu. Bu y\u0131l i\u00e7inde sinemalarda olmas\u0131 beklenen &#8220;<em><strong>By the Sea<\/strong><\/em>&#8221; filminde de y\u00f6netmen, yap\u0131mc\u0131 ve senarist olarak yer al\u0131yor.<\/p>\n<p style=\"text-align: center;\"><img decoding=\"async\" class=\"aligncenter size-full wp-image-39928\" src=\"https:\/\/www.kayiprihtim.org\/portal\/gorsel\/2015\/04\/angelina-jolie.jpg\" alt=\"angelina jolie\" width=\"467\" height=\"200\" srcset=\"https:\/\/www.kayiprihtim.org\/portal\/gorsel\/2015\/04\/angelina-jolie.jpg 467w, https:\/\/www.kayiprihtim.org\/portal\/gorsel\/2015\/04\/angelina-jolie-300x128.jpg 300w\" sizes=\"(max-width: 467px) 100vw, 467px\" \/><\/p>\n<p>Bakal\u0131m oyuncu olarak yabanc\u0131l\u0131k \u00e7ekmese de y\u00f6netmenli\u011fini \u00fcstlenece\u011fi bu ilk s\u00fcper kahraman filminde nas\u0131l bir performans sergileyecek? Ayr\u0131ca merak etti\u011fimiz di\u011fer bir soru ise, g\u00fczel oyuncuyunun filmde rol al\u0131p almayaca\u011f\u0131. Sizce de bir yan rol g\u00fczel olmaz m\u0131yd\u0131?<\/p>\n<p><strong>Marvel<\/strong> st\u00fcdyolar\u0131ndan yap\u0131lan a\u00e7\u0131klamayla birlikte, senaristlerin de kad\u0131n olaca\u011f\u0131 duyurulmu\u015ftu. 2014\u2019\u00fcn en \u00e7ok seyredilen Marvel uyarlamar\u0131ndan <span style=\"color: #993300;\"><strong>Guardians of the Galaxy\/Galaksinin Koruyucular\u0131<\/strong><\/span> filminin senarist koltu\u011funda oturan <em><strong>Meg LeFauve<\/strong><\/em> ve <em><strong>Nicole Perlman<\/strong><\/em> da filmin kadrosuna kat\u0131lan di\u011fer isimler.<\/p>\n<p><span style=\"font-size: 12pt; color: #993300;\"><strong>Captain Marvel<\/strong><\/span>\u2019\u0131n 2018\u2019de beyazperdede olmas\u0131 bekleniyor. Acaba kad\u0131n kahraman\u0131n hem ba\u015fta hem de kamera arkas\u0131nda oldu\u011fu bu film nas\u0131l kar\u015f\u0131lanacak? Detaylar belli olduk\u00e7a bilgilendirmeye devam edece\u011fiz.<\/p>\n","protected":false},"excerpt":{"rendered":"<p>Captain Marvel\u2019in sinema uyarlamas\u0131n\u0131n kadrosu g\u00fcn ge\u00e7tik\u00e7e \u015fekilleniyor. Marvel yetkililerinin filmin ba\u015f\u0131nda y\u00f6netmen olarak g\u00f6rmek istedi\u011fi isimse\u00a0Angelina Jolie. Ge\u00e7ti\u011fimiz aylarda Marvel evrenine ilk kez bir kad\u0131n kahraman\u0131n ba\u015frol olarak dahil olaca\u011f\u0131 duyurulan film i\u00e7in y\u00f6netmenin de kad\u0131n olaca\u011f\u0131 s\u00f6ylentileri vard\u0131. Bu isimler aras\u0131nda \u00f6zellikle Angelina Jolie \u00f6n plana \u00e7\u0131k\u0131yordu. Oscar\u2019l\u0131 oyuncunun filmle yak\u0131ndan ilgilendi\u011fi biliniyordu [&hellip;]<\/p>\n","protected":false},"author":65,"featured_media":39928,"comment_status":"open","ping_status":"closed","sticky":false,"template":"","format":"standard","meta":{"_acf_changed":false,"footnotes":""},"categories":[36],"tags":[4338,4617,4183,2693,3212,2718,4618,440,4615,4616,376,4077,532],"class_list":{"0":"post-39914","1":"post","2":"type-post","3":"status-publish","4":"format-standard","5":"has-post-thumbnail","7":"category-fantastik-perde","8":"tag-angelina-jolie","9":"tag-boyun-egmez","10":"tag-captain-marvel","11":"tag-film","12":"tag-galaksinin-koruyuculari","13":"tag-guardians-of-the-galaxy","14":"tag-kan-ve-ask","15":"tag-marvel","16":"tag-meg-lefauve","17":"tag-nicole-perlman","18":"tag-oscar","19":"tag-oscar-odulu","20":"tag-sinema","21":"kose_yazari-bahri-dogukan-sahin","22":"kose_yazari-hakan-tunc-magicalbronze"},"acf":[],"_links":{"self":[{"href":"https:\/\/www.kayiprihtim.org\/portal\/wp-json\/wp\/v2\/posts\/39914","targetHints":{"allow":["GET"]}}],"collection":[{"href":"https:\/\/www.kayiprihtim.org\/portal\/wp-json\/wp\/v2\/posts"}],"about":[{"href":"https:\/\/www.kayiprihtim.org\/portal\/wp-json\/wp\/v2\/types\/post"}],"author":[{"embeddable":true,"href":"https:\/\/www.kayiprihtim.org\/portal\/wp-json\/wp\/v2\/users\/65"}],"replies":[{"embeddable":true,"href":"https:\/\/www.kayiprihtim.org\/portal\/wp-json\/wp\/v2\/comments?post=39914"}],"version-history":[{"count":0,"href":"https:\/\/www.kayiprihtim.org\/portal\/wp-json\/wp\/v2\/posts\/39914\/revisions"}],"wp:featuredmedia":[{"embeddable":true,"href":"https:\/\/www.kayiprihtim.org\/portal\/wp-json\/wp\/v2\/media\/39928"}],"wp:attachment":[{"href":"https:\/\/www.kayiprihtim.org\/portal\/wp-json\/wp\/v2\/media?parent=39914"}],"wp:term":[{"taxonomy":"category","embeddable":true,"href":"https:\/\/www.kayiprihtim.org\/portal\/wp-json\/wp\/v2\/categories?post=39914"},{"taxonomy":"post_tag","embeddable":true,"href":"https:\/\/www.kayiprihtim.org\/portal\/wp-json\/wp\/v2\/tags?post=39914"}],"curies":[{"name":"wp","href":"https:\/\/api.w.org\/{rel}","templated":true}]}}