{"id":40459,"date":"2015-04-29T09:36:01","date_gmt":"2015-04-29T06:36:01","guid":{"rendered":"http:\/\/www.kayiprihtim.org\/portal\/?p=40459"},"modified":"2015-04-29T09:36:01","modified_gmt":"2015-04-29T06:36:01","slug":"orumcek-adam-icin-yepyeni-bir-animasyon-filmi-geliyor","status":"publish","type":"post","link":"https:\/\/www.kayiprihtim.org\/portal\/2015\/04\/29\/orumcek-adam-icin-yepyeni-bir-animasyon-filmi-geliyor\/","title":{"rendered":"\u00d6r\u00fcmcek Adam \u0130\u00e7in Yepyeni Bir Animasyon Filmi Geliyor"},"content":{"rendered":"<p><img fetchpriority=\"high\" decoding=\"async\" class=\"aligncenter size-full wp-image-40460\" src=\"https:\/\/www.kayiprihtim.org\/portal\/gorsel\/2015\/04\/Spiderman-header.jpg\" alt=\"Spiderman-header\" width=\"467\" height=\"235\" srcset=\"https:\/\/www.kayiprihtim.org\/portal\/gorsel\/2015\/04\/Spiderman-header.jpg 500w, https:\/\/www.kayiprihtim.org\/portal\/gorsel\/2015\/04\/Spiderman-header-300x151.jpg 300w\" sizes=\"(max-width: 467px) 100vw, 467px\" \/><\/p>\n<p><span style=\"font-size: 12pt;\"><strong>\u00d6n\u00fcm\u00fczdeki y\u0131llarda <span style=\"color: #993300;\">\u00d6r\u00fcmcek Adam<\/span>\u2019a iyice doyaca\u011f\u0131z gibi g\u00f6r\u00fcn\u00fcyor. \u00d6nce <span style=\"color: #993300;\">Civil War<\/span>\u2019da yer alaca\u011f\u0131, ard\u0131ndan da kendine ait yeni bir filmde oynayaca\u011f\u0131 kesinle\u015fen kahraman\u0131m\u0131z \u015fimdi de yepyeni bir <span style=\"color: #993300;\">animasyon filmiyle<\/span> kar\u015f\u0131m\u0131za \u00e7\u0131kmaya haz\u0131rlan\u0131yor.<\/strong><\/span><\/p>\n<p><span style=\"color: #993300;\"><strong>Sony Pictures<\/strong><\/span>\u2019\u0131n bug\u00fcn yapt\u0131\u011f\u0131 resmi bir a\u00e7\u0131klamaya g\u00f6re 2017 y\u0131l\u0131nda, <strong>Marvel<\/strong> filmlerinin yay\u0131nlanmas\u0131n\u0131n ard\u0131ndan <span style=\"color: #993300; font-size: 12pt;\"><strong>\u00d6r\u00fcmcek Adam<\/strong><\/span>\u2019\u0131 bir kez de uzun metrajl\u0131 bir animasyon filminde izleme \u015fans\u0131 elde edece\u011fiz.<\/p>\n<p>Projenin ba\u015f\u0131ndaki isimlerse olduk\u00e7a tan\u0131d\u0131k ve bir o kadar da g\u00fcven verici: <strong>Phil Lord<\/strong> ve\u00a0<strong>Chris Miller<\/strong>. Yani daha \u00f6nce <em>The Lego Movie<\/em> ve <em>K\u00f6fte Ya\u011fmuru<\/em> gibi ba\u015far\u0131l\u0131 yap\u0131mlarda bizleri hayli e\u011flendiren ki\u015filer\u2026<\/p>\n<p>Animasyonda k\u0131rm\u0131z\u0131-mavi kost\u00fcm\u00fc <strong>Peter Parker<\/strong>\u2019\u0131n m\u0131, yoksa <strong>Miles Morales<\/strong>\u2019in mi ku\u015fanaca\u011f\u0131na dair hen\u00fcz bir a\u00e7\u0131klama yap\u0131lmad\u0131. Ancak <strong>Civil War<\/strong>\u2019da <span style=\"color: #993300; font-size: 12pt;\"><strong>Peter Parker<\/strong><\/span>\u2019\u0131 izleyece\u011fimiz <strong><a href=\"https:\/\/www.kayiprihtim.org\/portal\/2015\/04\/13\/civil-war-filminde-hangi-orumcek-adamin-olacagi-aciklandi\/\">kesinle\u015fti\u011fi<\/a><\/strong> i\u00e7in biz oyumuzu Parker\u2019dan yana kullan\u0131yoruz.<\/p>\n<p>Filmin \u00e7\u0131k\u0131\u015f tarihi \u015fu an i\u00e7in <span style=\"font-size: 12pt;\"><strong>20 Temmuz 2018<\/strong><\/span> olarak g\u00f6r\u00fcn\u00fcyor. Yeni detaylar\u0131 \u00f6r\u00fcmcek hislerimize dikkat kesilmi\u015f bir vaziyette hep beraber bekliyoruz. Bu esnada 90\u2019l\u0131 y\u0131llar\u0131n unutulmaz <span style=\"color: #993300; font-size: 12pt;\"><strong>\u00d6r\u00fcmcek Adam<\/strong><\/span> \u00e7izgi-dizisinin jenerik m\u00fczi\u011fiyle kendimizi oyalamamam\u0131z i\u00e7in hi\u00e7bir neden yok elbette\u2026<\/p>\n<p><iframe src=\"https:\/\/www.youtube.com\/embed\/SnEtDERtH2M\" width=\"467\" height=\"315\" frameborder=\"0\" allowfullscreen=\"allowfullscreen\"><\/iframe><\/p>\n","protected":false},"excerpt":{"rendered":"<p>\u00d6n\u00fcm\u00fczdeki y\u0131llarda \u00d6r\u00fcmcek Adam\u2019a iyice doyaca\u011f\u0131z gibi g\u00f6r\u00fcn\u00fcyor. \u00d6nce Civil War\u2019da yer alaca\u011f\u0131, ard\u0131ndan da kendine ait yeni bir filmde oynayaca\u011f\u0131 kesinle\u015fen kahraman\u0131m\u0131z \u015fimdi de yepyeni bir animasyon filmiyle kar\u015f\u0131m\u0131za \u00e7\u0131kmaya haz\u0131rlan\u0131yor. Sony Pictures\u2019\u0131n bug\u00fcn yapt\u0131\u011f\u0131 resmi bir a\u00e7\u0131klamaya g\u00f6re 2017 y\u0131l\u0131nda, Marvel filmlerinin yay\u0131nlanmas\u0131n\u0131n ard\u0131ndan \u00d6r\u00fcmcek Adam\u2019\u0131 bir kez de uzun metrajl\u0131 bir animasyon [&hellip;]<\/p>\n","protected":false},"author":57,"featured_media":40460,"comment_status":"open","ping_status":"closed","sticky":false,"template":"","format":"standard","meta":{"_acf_changed":false,"footnotes":""},"categories":[334,646],"tags":[2759,4743,556,4742,4691,4678],"class_list":{"0":"post-40459","1":"post","2":"type-post","3":"status-publish","4":"format-standard","5":"has-post-thumbnail","7":"category-cizgi-roman","8":"category-fantastik-diziler","9":"tag-animasyon","10":"tag-chris-miller","11":"tag-orumcek-adam","12":"tag-phil-lord","13":"tag-sony-pictures","14":"tag-spider-man","15":"kose_yazari-m-ihsan-tatari-arsivi"},"acf":[],"_links":{"self":[{"href":"https:\/\/www.kayiprihtim.org\/portal\/wp-json\/wp\/v2\/posts\/40459","targetHints":{"allow":["GET"]}}],"collection":[{"href":"https:\/\/www.kayiprihtim.org\/portal\/wp-json\/wp\/v2\/posts"}],"about":[{"href":"https:\/\/www.kayiprihtim.org\/portal\/wp-json\/wp\/v2\/types\/post"}],"author":[{"embeddable":true,"href":"https:\/\/www.kayiprihtim.org\/portal\/wp-json\/wp\/v2\/users\/57"}],"replies":[{"embeddable":true,"href":"https:\/\/www.kayiprihtim.org\/portal\/wp-json\/wp\/v2\/comments?post=40459"}],"version-history":[{"count":0,"href":"https:\/\/www.kayiprihtim.org\/portal\/wp-json\/wp\/v2\/posts\/40459\/revisions"}],"wp:featuredmedia":[{"embeddable":true,"href":"https:\/\/www.kayiprihtim.org\/portal\/wp-json\/wp\/v2\/media\/40460"}],"wp:attachment":[{"href":"https:\/\/www.kayiprihtim.org\/portal\/wp-json\/wp\/v2\/media?parent=40459"}],"wp:term":[{"taxonomy":"category","embeddable":true,"href":"https:\/\/www.kayiprihtim.org\/portal\/wp-json\/wp\/v2\/categories?post=40459"},{"taxonomy":"post_tag","embeddable":true,"href":"https:\/\/www.kayiprihtim.org\/portal\/wp-json\/wp\/v2\/tags?post=40459"}],"curies":[{"name":"wp","href":"https:\/\/api.w.org\/{rel}","templated":true}]}}