{"id":41376,"date":"2015-05-13T08:29:57","date_gmt":"2015-05-13T05:29:57","guid":{"rendered":"http:\/\/www.kayiprihtim.org\/portal\/?p=41376"},"modified":"2015-05-13T10:31:41","modified_gmt":"2015-05-13T07:31:41","slug":"disi-thorun-kimligi-ortaya-cikti","status":"publish","type":"post","link":"https:\/\/www.kayiprihtim.org\/portal\/2015\/05\/13\/disi-thorun-kimligi-ortaya-cikti\/","title":{"rendered":"Di\u015fi Thor\u2019un Kimli\u011fi Ortaya \u00c7\u0131kt\u0131!"},"content":{"rendered":"<p><img fetchpriority=\"high\" decoding=\"async\" class=\"aligncenter size-full wp-image-41379\" src=\"https:\/\/www.kayiprihtim.org\/portal\/gorsel\/2015\/05\/female-thor-ust.jpg\" alt=\"female-thor-ust\" width=\"467\" height=\"264\" srcset=\"https:\/\/www.kayiprihtim.org\/portal\/gorsel\/2015\/05\/female-thor-ust.jpg 500w, https:\/\/www.kayiprihtim.org\/portal\/gorsel\/2015\/05\/female-thor-ust-300x170.jpg 300w\" sizes=\"(max-width: 467px) 100vw, 467px\" \/><\/p>\n<p><span style=\"font-size: 12pt;\"><strong><span style=\"color: #993300;\">Thor<\/span>\u2019un \u00e7ekicini ve g\u00fc\u00e7lerini devralan, ancak bu zamana kadar kimli\u011fi gizli tutulan <span style=\"color: #993300;\">esrarengiz kad\u0131n\u0131n<\/span> kim oldu\u011fu sonunda ortaya \u00e7\u0131kt\u0131.<\/strong><\/span><\/p>\n<p><em>Buradan sonras\u0131 <span style=\"color: #993300;\"><strong>spoiler<\/strong><\/span> olacakt\u0131r. S\u00f6ylemedi demeyin.<\/em><\/p>\n<p>Hat\u0131rlayaca\u011f\u0131n\u0131z \u00fczere <strong>Marvel<\/strong>\u2019in k\u00fclt \u00e7izgi-romanlar\u0131ndan <span style=\"color: #993300; font-size: 12pt;\"><strong>Thor<\/strong><\/span>\u2019un ge\u00e7irdi\u011fi de\u011fi\u015fimden, <strong>F\u0131rt\u0131na Tanr\u0131s\u0131<\/strong>\u2019n\u0131n \u00e7ekicini ve g\u00fc\u00e7lerini kimli\u011fi bilinmeyen bir kad\u0131n\u0131n devrald\u0131\u011f\u0131ndan sizlere daha \u00f6nce de <strong><a href=\"https:\/\/www.kayiprihtim.org\/portal\/2014\/07\/21\/marvel-comicsde-neler-oluyor\/\" target=\"_blank\">bahsetmi\u015ftik<\/a><\/strong>. O kad\u0131n\u0131n kimli\u011fi bug\u00fcne dek hep bir bilinmeyen olmaya devam etmi\u015fti. Fakat <span style=\"color: #993300; font-size: 12pt;\"><strong>Thor<\/strong><\/span>\u2019un bug\u00fcn yay\u0131nlanan yeni say\u0131s\u0131nda uzun zamand\u0131r yerini koruyan s\u0131r perdesi sonunda araland\u0131.<\/p>\n<p>Bu noktada yabanc\u0131 \u00e7izgi-romanlar\u0131 say\u0131s\u0131 say\u0131s\u0131na takip edenleri bir kez daha uyarmam\u0131z gerekiyor; \u00e7\u00fcnk\u00fc haberin ba\u015f\u0131nda da belirtti\u011fimiz gibi az sonra anlatacaklar\u0131m\u0131z <strong>Thor<\/strong>\u2019un son say\u0131s\u0131 i\u00e7in <span style=\"font-size: 12pt;\"><strong>spoiler<\/strong> <\/span>niteli\u011finde olacak.<\/p>\n<p>Yeni <span style=\"color: #993300; font-size: 12pt;\"><strong>Thor<\/strong><\/span>, \u00e7izgi-roman\u0131n en eski karakterlerinden biri olan ve bir zamanlar <strong>Donald Blake<\/strong>\u2019le (ilk Thor\u2019un \u00f6teki benli\u011fiyle) a\u015fk ya\u015fayan <span style=\"text-decoration: underline;\">Dr. Jane Foster<\/span>\u2019\u0131n ta kendisi! Serinin yazar\u0131 <strong>Jason Aaron<\/strong>, <em>Vulture<\/em> adl\u0131 internet sitesiyle yapt\u0131\u011f\u0131 bir r\u00f6portajda bu karakteri <strong>Thor<\/strong>\u2019a d\u00f6n\u00fc\u015ft\u00fcrme karar\u0131n\u0131 nas\u0131l ald\u0131klar\u0131n\u0131 ve ondan \u00f6nce ba\u015fka birini d\u00fc\u015f\u00fcn\u00fcp d\u00fc\u015f\u00fcnmediklerini \u015fu s\u00f6zlerle anlatt\u0131:<\/p>\n<blockquote><p>Hay\u0131r, daha en ba\u015f\u0131ndan itibaren akl\u0131m\u0131zdaki tek isim Jane\u2019di. Bu karar, \u00f6nceki Thor\u2019un giderek g\u00fc\u00e7lerini kullanmaya lay\u0131k olmamas\u0131 fikrinden ortaya \u00e7\u0131kt\u0131. Bildi\u011finiz gibi ben bu konuyu giderek bir ad\u0131m \u00f6teye ta\u015f\u0131yordum. Eski Thor\u2019un sayg\u0131nl\u0131\u011f\u0131yla oynamay\u0131 ve Marvel Evreni\u2019ndeki bir tanr\u0131 i\u00e7in bunun ne anlama geldi\u011fini g\u00f6sterme fikrini seviyordum. Biliyorsunuz ya, F\u0131rt\u0131na Tanr\u0131s\u0131 her sabah uyan\u0131p \u00e7ekicine bak\u0131yordu ve onu kald\u0131rmaya lay\u0131k olup olmad\u0131\u011f\u0131n\u0131 merak ediyordu. Sonra bir g\u00fcn uyanacak ve \u00e7ekicini kald\u0131ramayacakt\u0131 elbette. Bu da \u00e7ekici alacak ve onun yerine ta\u015f\u0131yacak ba\u015fka birine kap\u0131y\u0131 a\u00e7t\u0131. Sahiden de en ba\u015f\u0131ndan itibaren d\u00fc\u015f\u00fcnd\u00fc\u011f\u00fcm\u00fcz ki\u015fi Jane\u2019di.<\/p><\/blockquote>\n<p><em>New York Times<\/em> gazetesine verdi\u011fi bir ba\u015fka deme\u00e7te ise <strong>Aaron<\/strong> \u00e7ok daha ilgin\u00e7 s\u00f6zler sarf etti:<\/p>\n<blockquote><p>Jane Foster neredeyse en ba\u015f\u0131ndan beri Thor \u00e7izgi roman\u0131n\u0131n ve Thor mitolojisinin bir par\u00e7as\u0131. Sadece o \u00e7ekici devralmak, Thor olmak bile onu \u00f6ld\u00fcr\u00fcyor. As\u0131l hik\u00e2yeye bu noktadan sonra ba\u015fl\u0131yoruz.<\/p><\/blockquote>\n<p>\u0130\u015fin k\u00f6t\u00fc taraf\u0131 <strong>Jane Foster<\/strong>\u2019\u0131n bir s\u00fcredir kanserle m\u00fccadele etti\u011fi ve \u00f6lmekte oldu\u011fu biliniyordu. \u00c7ekici b\u0131rak\u0131p \u00f6teki benli\u011fine d\u00f6nmek onun i\u00e7in olduk\u00e7a zor, hatta imk\u00e2ns\u0131z olsa gerek. <span style=\"color: #993300; font-size: 12pt;\"><strong>Thor<\/strong><\/span>\u2019un maceralar\u0131n\u0131n ne y\u00f6ne do\u011fru ilerleyece\u011fini ve bizlere neler getirece\u011fini merak ediyoruz do\u011frusu.<\/p>\n<p><img decoding=\"async\" class=\"aligncenter size-full wp-image-41378\" src=\"https:\/\/www.kayiprihtim.org\/portal\/gorsel\/2015\/05\/female-thor.jpg\" alt=\"female-thor\" width=\"365\" height=\"555\" srcset=\"https:\/\/www.kayiprihtim.org\/portal\/gorsel\/2015\/05\/female-thor.jpg 365w, https:\/\/www.kayiprihtim.org\/portal\/gorsel\/2015\/05\/female-thor-197x300.jpg 197w\" sizes=\"(max-width: 365px) 100vw, 365px\" \/><\/p>\n","protected":false},"excerpt":{"rendered":"<p>Thor\u2019un \u00e7ekicini ve g\u00fc\u00e7lerini devralan, ancak bu zamana kadar kimli\u011fi gizli tutulan esrarengiz kad\u0131n\u0131n kim oldu\u011fu sonunda ortaya \u00e7\u0131kt\u0131. Buradan sonras\u0131 spoiler olacakt\u0131r. S\u00f6ylemedi demeyin. Hat\u0131rlayaca\u011f\u0131n\u0131z \u00fczere Marvel\u2019in k\u00fclt \u00e7izgi-romanlar\u0131ndan Thor\u2019un ge\u00e7irdi\u011fi de\u011fi\u015fimden, F\u0131rt\u0131na Tanr\u0131s\u0131\u2019n\u0131n \u00e7ekicini ve g\u00fc\u00e7lerini kimli\u011fi bilinmeyen bir kad\u0131n\u0131n devrald\u0131\u011f\u0131ndan sizlere daha \u00f6nce de bahsetmi\u015ftik. O kad\u0131n\u0131n kimli\u011fi bug\u00fcne dek hep bir [&hellip;]<\/p>\n","protected":false},"author":57,"featured_media":41379,"comment_status":"open","ping_status":"closed","sticky":false,"template":"","format":"standard","meta":{"_acf_changed":false,"footnotes":""},"categories":[334],"tags":[4955,4121,4123,4954,824,669,2303],"class_list":{"0":"post-41376","1":"post","2":"type-post","3":"status-publish","4":"format-standard","5":"has-post-thumbnail","7":"category-cizgi-roman","8":"tag-aciklandi","9":"tag-disi-thor","10":"tag-jason-aaron","11":"tag-kimligi","12":"tag-marvel-comics","13":"tag-new-york-times","14":"tag-thor","15":"kose_yazari-m-ihsan-tatari-arsivi"},"acf":[],"_links":{"self":[{"href":"https:\/\/www.kayiprihtim.org\/portal\/wp-json\/wp\/v2\/posts\/41376","targetHints":{"allow":["GET"]}}],"collection":[{"href":"https:\/\/www.kayiprihtim.org\/portal\/wp-json\/wp\/v2\/posts"}],"about":[{"href":"https:\/\/www.kayiprihtim.org\/portal\/wp-json\/wp\/v2\/types\/post"}],"author":[{"embeddable":true,"href":"https:\/\/www.kayiprihtim.org\/portal\/wp-json\/wp\/v2\/users\/57"}],"replies":[{"embeddable":true,"href":"https:\/\/www.kayiprihtim.org\/portal\/wp-json\/wp\/v2\/comments?post=41376"}],"version-history":[{"count":0,"href":"https:\/\/www.kayiprihtim.org\/portal\/wp-json\/wp\/v2\/posts\/41376\/revisions"}],"wp:featuredmedia":[{"embeddable":true,"href":"https:\/\/www.kayiprihtim.org\/portal\/wp-json\/wp\/v2\/media\/41379"}],"wp:attachment":[{"href":"https:\/\/www.kayiprihtim.org\/portal\/wp-json\/wp\/v2\/media?parent=41376"}],"wp:term":[{"taxonomy":"category","embeddable":true,"href":"https:\/\/www.kayiprihtim.org\/portal\/wp-json\/wp\/v2\/categories?post=41376"},{"taxonomy":"post_tag","embeddable":true,"href":"https:\/\/www.kayiprihtim.org\/portal\/wp-json\/wp\/v2\/tags?post=41376"}],"curies":[{"name":"wp","href":"https:\/\/api.w.org\/{rel}","templated":true}]}}