{"id":42182,"date":"2015-05-31T11:26:48","date_gmt":"2015-05-31T08:26:48","guid":{"rendered":"http:\/\/www.kayiprihtim.org\/portal\/?p=42182"},"modified":"2015-05-31T11:26:48","modified_gmt":"2015-05-31T08:26:48","slug":"2015-tbd-bilimkurgu-oyku-yarismasi","status":"publish","type":"post","link":"https:\/\/www.kayiprihtim.org\/portal\/2015\/05\/31\/2015-tbd-bilimkurgu-oyku-yarismasi\/","title":{"rendered":"2015 TBD Bilimkurgu \u00d6yk\u00fc Yar\u0131\u015fmas\u0131"},"content":{"rendered":"<p style=\"text-align: center;\"><img fetchpriority=\"high\" decoding=\"async\" class=\"aligncenter size-full wp-image-42183\" src=\"https:\/\/www.kayiprihtim.org\/portal\/gorsel\/2015\/05\/2015-tbd-oyku-yarisma.jpg\" alt=\"2015 tbd oyku yarisma\" width=\"467\" height=\"255\" srcset=\"https:\/\/www.kayiprihtim.org\/portal\/gorsel\/2015\/05\/2015-tbd-oyku-yarisma.jpg 500w, https:\/\/www.kayiprihtim.org\/portal\/gorsel\/2015\/05\/2015-tbd-oyku-yarisma-300x164.jpg 300w\" sizes=\"(max-width: 467px) 100vw, 467px\" \/><\/p>\n<p><span style=\"font-size: 12pt;\"><strong><span style=\"color: #993300;\"><em>T\u00fcrkiye Bili\u015fim Derne\u011fi<\/em><\/span>\u2019nin her y\u0131l d\u00fczenledi\u011fi Bilimkurgu \u00d6yk\u00fc Yar\u0131\u015fmas\u0131 17.&#8217;si d\u00fczenleniyor. Bu y\u0131lki yar\u0131\u015fmada, <span style=\"color: #993300;\"><em>bilim ve teknolojiden g\u00fc\u00e7 alan d\u00fcnya d\u00fc\u015fleri<\/em><\/span> temal\u0131 \u00f6yk\u00fcler bekleniyor.<br \/>\n<\/strong><\/span><\/p>\n<p>Ba\u015fka bir d\u00fcnyan\u0131n d\u00fc\u015f\u00fcn\u00fc kurmak, belki de d\u00fc\u015f kurmak kadar eskidir insanl\u0131k tarihinde. Edebiyatta v\u00fccut bulan d\u00fcnya d\u00fc\u015fleri ise say\u0131s\u0131z okuyucunun d\u00fc\u015f\u00fcnce d\u00fcnyas\u0131n\u0131n par\u00e7as\u0131 olur. Bilimkurgu edebiyat\u0131, hayal g\u00fcc\u00fcn\u00fc bilim ve teknolojinin sunabildi\u011fi imkanlarla besler. Bilim ve teknolojiyle kurdu\u011fu ili\u015fkinin g\u00fcc\u00fc nispetinde inand\u0131r\u0131c\u0131l\u0131\u011f\u0131 y\u00fckselir. \u0130nand\u0131rd\u0131\u011f\u0131 noktada d\u00fc\u015f\u00fcnd\u00fcr\u00fcr, e\u011flendirir, \u015fa\u015f\u0131rt\u0131r, korkutur ve yad\u0131rgat\u0131r bilimkurgu.<\/p>\n<p><span style=\"font-size: 14pt; font-family: georgia,palatino,serif; color: #993300;\"><strong>YARI\u015eMA KO\u015eULLARI<\/strong><\/span><\/p>\n<p>[stextbox id=&#8221;black&#8221;]<strong>1. SONU\u00c7 VE \u00d6D\u00dcLLER<\/strong><\/p>\n<p><span style=\"color: #993300;\"><strong>TBD Bilimkurgu \u00d6yk\u00fc Yar\u0131\u015fmas\u0131<\/strong><\/span>\u2019n\u0131 kazanan \u00f6yk\u00fcler <span style=\"text-decoration: underline;\">27 Ekim 2015<\/span> tarihinde a\u00e7\u0131klanacakt\u0131r. \u00d6d\u00fcl olarak birinci gelen yar\u0131\u015fmac\u0131ya 3000 TL, ikinci gelen yar\u0131\u015fmac\u0131ya 2000 TL ve \u00fc\u00e7\u00fcnc\u00fc gelen yar\u0131\u015fmac\u0131ya da 1000 TL verilecektir.<\/p>\n<p>[stextbox id=&#8221;black&#8221;]<strong>2. KATILIM KO\u015eULLARI<\/strong><\/p>\n<p style=\"padding-left: 30px;\">\u2022 Yar\u0131\u015fmaya TBD Y\u00f6netim Kurulu \u00fcyeleri ile TBD Bili\u015fim Dergisi Yay\u0131n Kurulu \u00dcyeleri d\u0131\u015f\u0131nda herkes kat\u0131labilir.<br \/>\n\u2022 \u00d6yk\u00fc T\u00fcrk\u00e7e yaz\u0131lmal\u0131d\u0131r.<br \/>\n\u2022 Her yazar \u00f6yk\u00fcs\u00fcn\u00fc istedi\u011fi konuda yazabilir.<br \/>\n\u2022 \u00d6yk\u00fclerde bilimkurgusal \u00f6geler aranacakt\u0131r.<br \/>\n\u2022 \u00d6yk\u00fc daha \u00f6nce herhangi bir yar\u0131\u015fmada \u00f6d\u00fcl almam\u0131\u015f olmal\u0131d\u0131r.<br \/>\n\u2022 2015 y\u0131l\u0131ndan \u00f6nce yay\u0131mlanm\u0131\u015f \u00f6yk\u00fcler yar\u0131\u015fmaya kabul edilmeyecektir.<br \/>\n\u2022 Her yazar yaln\u0131zca bir \u00f6yk\u00fcyle yar\u0131\u015fmaya kat\u0131labilir.<br \/>\n\u2022 \u00d6nceki y\u0131llarda birincilik \u00f6d\u00fcl\u00fc alan yazarlar yar\u0131\u015fmaya kat\u0131lamaz.<br \/>\n\u2022 Dereceye girecek \u00f6yk\u00fcler TBD\u2019nin internet sitesinde ya da Bili\u015fim Dergisi\u2019nde yay\u0131mlanacak, se\u00e7ici kurulun yay\u0131mlanmaya de\u011fer buldu\u011fu \u00f6yk\u00fcler kitap olarak yay\u0131mlanacakt\u0131r.<br \/>\n\u2022 \u00d6yk\u00fclerin internet sitesinde, Bili\u015fim Dergisi\u2019nde ya da kitapla\u015ft\u0131r\u0131larak yay\u0131mlanmas\u0131 i\u00e7in http:\/\/www.tbd.org.tr\/onayliyorum adresinde bulunan \u201cOnayl\u0131yorum\u201d adl\u0131 belgenin yazar taraf\u0131ndan doldurulmas\u0131 ve bu belgenin taranarak e-posta yoluyla TBD\u2019ye g\u00f6nderilmesi gerekmektedir. Onayl\u0131yorum adl\u0131 belgeyi TBD\u2019ye g\u00f6ndermeyen yar\u0131\u015fmac\u0131lar yar\u0131\u015fmaya kabul edilmeyecektir.<\/p>\n<p>[stextbox id=&#8221;black&#8221;]<strong>3. SE\u00c7\u0130C\u0130 KURUL<\/strong><\/p>\n<p>Ana j\u00fcri isim listesi:<br \/>\n<a href=\"https:\/\/www.kayiprihtim.org\/portal\/yazar\/murat-basekim\/\">Murat Ba\u015fekim<\/a>, <a href=\"https:\/\/www.kayiprihtim.org\/portal\/cevirmen\/bulent-akkoc\/\">B\u00fclent Akko\u00e7<\/a>, <a href=\"https:\/\/www.kayiprihtim.org\/portal\/cevirmen\/baris-emre-alkim\/\">Bar\u0131\u015f Emre Alk\u0131m<\/a>, <a href=\"https:\/\/www.kayiprihtim.org\/portal\/cevirmen\/kadir-yigit-us\/\">Kadir Yi\u011fit Us<\/a>, \u00dcmit Dagci, Cenk Tezcan, Erdal Naneci, Ersin Ta\u015f\u00e7\u0131<\/p>\n<p>[stextbox id=&#8221;black&#8221;]<strong>4. B\u0130\u00c7\u0130M<\/strong><\/p>\n<p style=\"padding-left: 30px;\">\u2022 \u00d6yk\u00fc, yayg\u0131n olarak kullan\u0131lan bir kelimei\u015flemciyle, \u201c12\u201d b\u00fcy\u00fckl\u00fckte, \u201cArial\u201d karakter\u201d se\u00e7ilerek, yaz\u0131lmal\u0131 ve e-postaya ekli bir dosya olarak g\u00f6nderilmelidir.<br \/>\n\u2022 G\u00f6nderilen dosyan\u0131n ad\u0131na \u00f6yk\u00fcn\u00fcn ad\u0131 verilmelidir.<br \/>\n\u2022 \u00d6yk\u00fc dosyas\u0131n\u0131n i\u00e7inde yazarla ilgili hi\u00e7bir bilgi olmamal\u0131d\u0131r.<br \/>\n\u2022 e-postaya ekli di\u011fer bir dosyan\u0131n i\u00e7inde yazar\u0131n a\u00e7\u0131k ad\u0131, k\u0131sa \u00f6zge\u00e7mi\u015fi, a\u00e7\u0131k adresi ve telefon numaras\u0131 ayr\u0131ca varsa web sitesi veya sosyal medya adresleri bulunmal\u0131d\u0131r. Yar\u0131\u015fmada rumuz kullan\u0131lmamaktad\u0131r.<br \/>\n\u2022 Yazar\u0131n kimlik bilgilerinin bulundu\u011fu dosyan\u0131n ad\u0131na yazar\u0131n ad\u0131 verilmelidir.<br \/>\n\u2022 \u00d6yk\u00fc en fazla iki bin s\u00f6zc\u00fckten olu\u015fmal\u0131d\u0131r.<br \/>\n\u2022 Bu bi\u00e7imsel \u00f6zellikleri ta\u015f\u0131mayan \u00f6yk\u00fcler diskalifiye edilecektir.<\/p>\n<p>[stextbox id=&#8221;black&#8221;]<strong>5. \u00d6YK\u00dcN\u00dcN TESL\u0130M\u0130<\/strong><\/p>\n<p>Yap\u0131t, <span style=\"font-size: 12pt;\"><strong>30 A\u011fustos 2015<\/strong><\/span> tarihine dek <strong>bilimkurgu@tbd.org.tr<\/strong> adresine g\u00f6nderilmelidir. Postayla g\u00f6nderilen \u00f6yk\u00fcler yar\u0131\u015fmaya kabul edilmeyecektir.<\/p>\n<p>Bilgi ve ileti\u015fim i\u00e7in:<em> Ceyhun Atuf Kansu Caddesi 1246. Sokak No: 4\/17 Balgat \/ ANKARA<\/em> <strong>tel<\/strong>: +90 (312) 473 8215 <strong>web<\/strong>: www.tbd.org.tr, <strong>e-posta<\/strong>: tbd-merkez@tbd.org.tr<\/p>\n<p>Kat\u0131lacak t\u00fcm okurlar\u0131m\u0131za \u015fimdiden ba\u015far\u0131lar dileriz!<\/p>\n","protected":false},"excerpt":{"rendered":"<p>T\u00fcrkiye Bili\u015fim Derne\u011fi\u2019nin her y\u0131l d\u00fczenledi\u011fi Bilimkurgu \u00d6yk\u00fc Yar\u0131\u015fmas\u0131 17.&#8217;si d\u00fczenleniyor. Bu y\u0131lki yar\u0131\u015fmada, bilim ve teknolojiden g\u00fc\u00e7 alan d\u00fcnya d\u00fc\u015fleri temal\u0131 \u00f6yk\u00fcler bekleniyor. Ba\u015fka bir d\u00fcnyan\u0131n d\u00fc\u015f\u00fcn\u00fc kurmak, belki de d\u00fc\u015f kurmak kadar eskidir insanl\u0131k tarihinde. Edebiyatta v\u00fccut bulan d\u00fcnya d\u00fc\u015fleri ise say\u0131s\u0131z okuyucunun d\u00fc\u015f\u00fcnce d\u00fcnyas\u0131n\u0131n par\u00e7as\u0131 olur. Bilimkurgu edebiyat\u0131, hayal g\u00fcc\u00fcn\u00fc bilim ve [&hellip;]<\/p>\n","protected":false},"author":1,"featured_media":42183,"comment_status":"open","ping_status":"closed","sticky":false,"template":"","format":"standard","meta":{"_acf_changed":false,"footnotes":""},"categories":[1801],"tags":[1009,2013,5227,3421,3420,5225,1050,2010,719,5226,127],"class_list":{"0":"post-42182","1":"post","2":"type-post","3":"status-publish","4":"format-standard","5":"has-post-thumbnail","7":"category-edebiyat-odulleri","8":"tag-baris-emre-alkim","9":"tag-bulent-akkoc","10":"tag-cenk-tezcan","11":"tag-erdal-naneci","12":"tag-ersin-tasci","13":"tag-kadir-yigit-us","14":"tag-murat-basekim","15":"tag-tbd","16":"tag-turkiye-bilisim-dernegi","17":"tag-umit-dagci","18":"tag-yarisma","19":"kose_yazari-hakan-tunc-magicalbronze"},"acf":[],"_links":{"self":[{"href":"https:\/\/www.kayiprihtim.org\/portal\/wp-json\/wp\/v2\/posts\/42182","targetHints":{"allow":["GET"]}}],"collection":[{"href":"https:\/\/www.kayiprihtim.org\/portal\/wp-json\/wp\/v2\/posts"}],"about":[{"href":"https:\/\/www.kayiprihtim.org\/portal\/wp-json\/wp\/v2\/types\/post"}],"author":[{"embeddable":true,"href":"https:\/\/www.kayiprihtim.org\/portal\/wp-json\/wp\/v2\/users\/1"}],"replies":[{"embeddable":true,"href":"https:\/\/www.kayiprihtim.org\/portal\/wp-json\/wp\/v2\/comments?post=42182"}],"version-history":[{"count":0,"href":"https:\/\/www.kayiprihtim.org\/portal\/wp-json\/wp\/v2\/posts\/42182\/revisions"}],"wp:featuredmedia":[{"embeddable":true,"href":"https:\/\/www.kayiprihtim.org\/portal\/wp-json\/wp\/v2\/media\/42183"}],"wp:attachment":[{"href":"https:\/\/www.kayiprihtim.org\/portal\/wp-json\/wp\/v2\/media?parent=42182"}],"wp:term":[{"taxonomy":"category","embeddable":true,"href":"https:\/\/www.kayiprihtim.org\/portal\/wp-json\/wp\/v2\/categories?post=42182"},{"taxonomy":"post_tag","embeddable":true,"href":"https:\/\/www.kayiprihtim.org\/portal\/wp-json\/wp\/v2\/tags?post=42182"}],"curies":[{"name":"wp","href":"https:\/\/api.w.org\/{rel}","templated":true}]}}