{"id":42753,"date":"2015-06-11T11:23:44","date_gmt":"2015-06-11T08:23:44","guid":{"rendered":"http:\/\/www.kayiprihtim.org\/portal\/?p=42753"},"modified":"2015-06-11T11:23:44","modified_gmt":"2015-06-11T08:23:44","slug":"flash-2-sezonda-yeni-bir-ask-iliskisine-kavusuyor","status":"publish","type":"post","link":"https:\/\/www.kayiprihtim.org\/portal\/2015\/06\/11\/flash-2-sezonda-yeni-bir-ask-iliskisine-kavusuyor\/","title":{"rendered":"Flash, 2. Sezonda Yeni Bir A\u015fk \u0130li\u015fkisine Kavu\u015fuyor"},"content":{"rendered":"<p><img fetchpriority=\"high\" decoding=\"async\" class=\"aligncenter size-full wp-image-42756\" src=\"https:\/\/www.kayiprihtim.org\/portal\/gorsel\/2015\/06\/flash-love-interest.jpg\" alt=\"flash-love-interest\" width=\"467\" height=\"281\" srcset=\"https:\/\/www.kayiprihtim.org\/portal\/gorsel\/2015\/06\/flash-love-interest.jpg 500w, https:\/\/www.kayiprihtim.org\/portal\/gorsel\/2015\/06\/flash-love-interest-300x181.jpg 300w\" sizes=\"(max-width: 467px) 100vw, 467px\" \/><\/p>\n<p><span style=\"font-size: 12pt;\"><strong><span style=\"color: #993300;\">Barry Allen<\/span>\u2019\u0131n a\u015fk hayat\u0131na\u00a0<span style=\"color: #993300;\">Arrow<\/span>\u2019dan tan\u0131d\u0131\u011f\u0131m\u0131z <span style=\"color: #993300;\">Felicity<\/span>\u00a0benzeri bir karakter dahil olacak\u00a0gibi g\u00f6r\u00fcn\u00fcyor.<\/strong><\/span><\/p>\n<p><strong>Flash<\/strong>\u2019\u0131n ya\u015fam\u0131ndaki onca \u00e7alkant\u0131ya ra\u011fmen, a\u015fk hayat\u0131n\u0131 aktif tutmay\u0131 ba\u015fard\u0131\u011f\u0131n\u0131 inkar edemeyece\u011fiz. Ama g\u00f6r\u00fcn\u00fc\u015fe g\u00f6re <strong>Barry<\/strong> ve <strong>Iris<\/strong> aras\u0131ndaki a\u015fk ili\u015fkisi hen\u00fcz ger\u00e7ekle\u015fmeyecek.<\/p>\n<p>TV Line\u2019\u0131n haberine g\u00f6re yap\u0131mc\u0131lar\u00a0<span style=\"color: #993300;\"><strong>Wendy<\/strong> <\/span>karakterini canland\u0131racak bir akt\u00f6r aray\u0131\u015f\u0131ndalar. <strong><em>\u201cCesur ve e\u011flenceli\u201d<\/em><\/strong>\u00a0olarak tan\u0131mlanan karakter,\u00a0<strong>Central City\u2019<\/strong>de bir polis memuru ayn\u0131 zamanda. Zeki ve bilim y\u00f6n\u00fc g\u00fc\u00e7l\u00fc biri olan Wendy i\u00e7in yap\u0131mc\u0131lar, <strong><em>\u201cArrow\u2019daki Felicity\u00a0Smoak\u2019u\u00a0d\u00fc\u015f\u00fcn\u00fcn\u201d<\/em><\/strong>\u00a0diye bir benzetme de yap\u0131yor.<\/p>\n<p>Baz\u0131 hayranlara g\u00f6re, zaten d\u00fcnyada bir tane <strong>Felicity<\/strong> olmas\u0131 yeterince k\u00f6t\u00fcyken \u015fimdi bir de ikincisi geliyor. Bakal\u0131m g\u00f6r\u00fcnce biz neler d\u00fc\u015f\u00fcnece\u011fiz.<\/p>\n","protected":false},"excerpt":{"rendered":"<p>Barry Allen\u2019\u0131n a\u015fk hayat\u0131na\u00a0Arrow\u2019dan tan\u0131d\u0131\u011f\u0131m\u0131z Felicity\u00a0benzeri bir karakter dahil olacak\u00a0gibi g\u00f6r\u00fcn\u00fcyor. Flash\u2019\u0131n ya\u015fam\u0131ndaki onca \u00e7alkant\u0131ya ra\u011fmen, a\u015fk hayat\u0131n\u0131 aktif tutmay\u0131 ba\u015fard\u0131\u011f\u0131n\u0131 inkar edemeyece\u011fiz. Ama g\u00f6r\u00fcn\u00fc\u015fe g\u00f6re Barry ve Iris aras\u0131ndaki a\u015fk ili\u015fkisi hen\u00fcz ger\u00e7ekle\u015fmeyecek. TV Line\u2019\u0131n haberine g\u00f6re yap\u0131mc\u0131lar\u00a0Wendy karakterini canland\u0131racak bir akt\u00f6r aray\u0131\u015f\u0131ndalar. \u201cCesur ve e\u011flenceli\u201d\u00a0olarak tan\u0131mlanan karakter,\u00a0Central City\u2019de bir polis memuru ayn\u0131 zamanda. [&hellip;]<\/p>\n","protected":false},"author":55,"featured_media":42756,"comment_status":"open","ping_status":"closed","sticky":false,"template":"","format":"standard","meta":{"_acf_changed":false,"footnotes":""},"categories":[646],"tags":[2754,2756,5543,5540,5544,2752,5541,5542],"class_list":{"0":"post-42753","1":"post","2":"type-post","3":"status-publish","4":"format-standard","5":"has-post-thumbnail","7":"category-fantastik-diziler","8":"tag-arrow","9":"tag-barry-allen","10":"tag-central-city","11":"tag-felicity","12":"tag-felicity-smoak","13":"tag-flash","14":"tag-iris","15":"tag-tv-line","16":"kose_yazari-hazal-camur-firtinakiran"},"acf":[],"_links":{"self":[{"href":"https:\/\/www.kayiprihtim.org\/portal\/wp-json\/wp\/v2\/posts\/42753","targetHints":{"allow":["GET"]}}],"collection":[{"href":"https:\/\/www.kayiprihtim.org\/portal\/wp-json\/wp\/v2\/posts"}],"about":[{"href":"https:\/\/www.kayiprihtim.org\/portal\/wp-json\/wp\/v2\/types\/post"}],"author":[{"embeddable":true,"href":"https:\/\/www.kayiprihtim.org\/portal\/wp-json\/wp\/v2\/users\/55"}],"replies":[{"embeddable":true,"href":"https:\/\/www.kayiprihtim.org\/portal\/wp-json\/wp\/v2\/comments?post=42753"}],"version-history":[{"count":0,"href":"https:\/\/www.kayiprihtim.org\/portal\/wp-json\/wp\/v2\/posts\/42753\/revisions"}],"wp:featuredmedia":[{"embeddable":true,"href":"https:\/\/www.kayiprihtim.org\/portal\/wp-json\/wp\/v2\/media\/42756"}],"wp:attachment":[{"href":"https:\/\/www.kayiprihtim.org\/portal\/wp-json\/wp\/v2\/media?parent=42753"}],"wp:term":[{"taxonomy":"category","embeddable":true,"href":"https:\/\/www.kayiprihtim.org\/portal\/wp-json\/wp\/v2\/categories?post=42753"},{"taxonomy":"post_tag","embeddable":true,"href":"https:\/\/www.kayiprihtim.org\/portal\/wp-json\/wp\/v2\/tags?post=42753"}],"curies":[{"name":"wp","href":"https:\/\/api.w.org\/{rel}","templated":true}]}}