{"id":43106,"date":"2015-06-19T18:25:21","date_gmt":"2015-06-19T15:25:21","guid":{"rendered":"http:\/\/www.kayiprihtim.org\/portal\/?p=43106"},"modified":"2015-06-19T18:25:21","modified_gmt":"2015-06-19T15:25:21","slug":"cizgi-roman-yolculugunda-6-bolum","status":"publish","type":"post","link":"https:\/\/www.kayiprihtim.org\/portal\/2015\/06\/19\/cizgi-roman-yolculugunda-6-bolum\/","title":{"rendered":"\u00c7izgi Roman Yolculu\u011fu&#8217;nda 6. B\u00f6l\u00fcm"},"content":{"rendered":"<p><img fetchpriority=\"high\" decoding=\"async\" class=\"aligncenter wp-image-42531 size-full\" style=\"border-width: 2px;\" src=\"https:\/\/www.kayiprihtim.org\/portal\/gorsel\/2015\/06\/cizgi_roman_yolculugu-e1434625515138.jpg\" alt=\"cizgi_roman_yolculugu\" width=\"467\" height=\"260\" \/><\/p>\n<p><span style=\"font-size: 12pt;\"><strong><span style=\"color: #993300;\">\u00c7izgi Roman Yolculu\u011fu<\/span> yeni bir b\u00f6l\u00fcm i\u00e7in bizi bekletmiyor!\u00a0<\/strong><\/span><\/p>\n<p><strong>\u00d6ner S. Biberk\u00f6k\u00fc<\/strong> hakk\u0131ndaki olumlu d\u00fc\u015f\u00fcncelerimizi \u00f6nceki <span style=\"color: #993300;\"><a style=\"color: #993300;\" href=\"https:\/\/www.kayiprihtim.org\/portal\/2015\/03\/09\/cizgi-roman-yolculugu-tam-gaz\/\" target=\"_blank\"><strong>haberlerimizden<\/strong><\/a><\/span> biliyorsunuzdur. Kendisi y\u0131llar boyunca hat\u0131rlanacak b\u00f6ylesine bir belgeseli bize sunan ki\u015fi. \u00d6zlemle and\u0131\u011f\u0131m\u0131z, uzun denebilecek bir aradan sonra \u00a0belgeselin 5. b\u00f6l\u00fcm\u00fc ge\u00e7ti\u011fimiz g\u00fcnlerde <span style=\"font-size: 12pt; color: #993300;\"><strong><a style=\"color: #993300;\" href=\"https:\/\/www.kayiprihtim.org\/portal\/2015\/06\/08\/cizgi-roman-yolculugunda-yeni-bolum-bizlerle\/\" target=\"_blank\">yay\u0131nlanm\u0131\u015ft\u0131<\/a><\/strong><\/span>. 6. b\u00f6l\u00fcm i\u00e7in bekleyece\u011fimizi d\u00fc\u015f\u00fcnsek de yan\u0131ld\u0131\u011f\u0131m\u0131za \u00e7ok memnunuz!<\/p>\n<blockquote><p>Bu b\u00f6l\u00fcmde Ankara\u2019da Cermodern\u2019de d\u00fczenlenen <a href=\"https:\/\/www.kayiprihtim.org\/portal\/2015\/03\/11\/puslu-kitalar-atlasini-cizerinin-imza-gununde-bir-de-cizgi-romanindan-okuyun\/\" target=\"_blank\"><strong>Puslu K\u0131talar Atlas\u0131<\/strong><\/a> Sergisine gidiyoruz. A\u00e7\u0131l\u0131\u015f\u0131nda \u0130lban Ertem\u2019e Sayg\u0131 ba\u015fl\u0131\u011f\u0131 alt\u0131nda Kenan Yarar, Memo Tembel\u00e7izer, Korkut \u00d6ztekin, Berat Pekmezci, Zeynep \u00d6zatalay ve M. G\u00fcrdal Akko\u00e7 kitaptan se\u00e7tikleri kareleri kendi \u00fcsluplar\u0131yla yeniden yorumlayarak \u00e7izdiler. Bu s\u0131rada Levent Cantek, Levent G\u00f6nen\u00e7 ve \u0130lban Ertem kitab\u0131n \u00e7izim s\u00fcreci hakk\u0131nda konu\u015ftular. Ayr\u0131ca \u00c7izgi Roman Yolculu\u011fu\u2019nun 4. B\u00f6l\u00fcm\u00fc de sergi kapsam\u0131nda Nisan ay\u0131 boyunca g\u00f6sterildi.<\/p><\/blockquote>\n<p>6. b\u00f6l\u00fcm\u00fc hemen a\u015fa\u011f\u0131dan izleyebilirsiniz:<\/p>\n<p><iframe src=\"https:\/\/www.youtube.com\/embed\/imdFi7afmS0\" width=\"467\" height=\"315\" frameborder=\"0\" allowfullscreen=\"allowfullscreen\"><\/iframe><\/p>\n<p><strong>Y\u00f6netmen:<\/strong> <a href=\"https:\/\/www.facebook.com\/oner.biberkoku\" target=\"_blank\" rel=\"nofollow noopener\">\u00d6ner S. Biberk\u00f6k\u00fc<\/a><br \/>\n<strong>Anlat\u0131c\u0131:<\/strong>\u00a0\u00d6zlem Turhal<br \/>\n<strong>Jenerik M\u00fczi\u011fi:<\/strong> Berkay Yi\u011fitaslan<br \/>\n<strong><a href=\"https:\/\/www.facebook.com\/cizgiromanyolculugu?fref=ts\" target=\"_blank\" rel=\"nofollow noopener\">Facebook<\/a><\/strong><br \/>\n<strong> <a href=\"https:\/\/twitter.com\/CizgiYolculugu\" target=\"_blank\" rel=\"nofollow noopener\">Twitter<\/a><\/strong><\/p>\n","protected":false},"excerpt":{"rendered":"<p>\u00c7izgi Roman Yolculu\u011fu yeni bir b\u00f6l\u00fcm i\u00e7in bizi bekletmiyor!\u00a0 \u00d6ner S. Biberk\u00f6k\u00fc hakk\u0131ndaki olumlu d\u00fc\u015f\u00fcncelerimizi \u00f6nceki haberlerimizden biliyorsunuzdur. Kendisi y\u0131llar boyunca hat\u0131rlanacak b\u00f6ylesine bir belgeseli bize sunan ki\u015fi. \u00d6zlemle and\u0131\u011f\u0131m\u0131z, uzun denebilecek bir aradan sonra \u00a0belgeselin 5. b\u00f6l\u00fcm\u00fc ge\u00e7ti\u011fimiz g\u00fcnlerde yay\u0131nlanm\u0131\u015ft\u0131. 6. b\u00f6l\u00fcm i\u00e7in bekleyece\u011fimizi d\u00fc\u015f\u00fcnsek de yan\u0131ld\u0131\u011f\u0131m\u0131za \u00e7ok memnunuz! Bu b\u00f6l\u00fcmde Ankara\u2019da Cermodern\u2019de d\u00fczenlenen [&hellip;]<\/p>\n","protected":false},"author":68,"featured_media":0,"comment_status":"open","ping_status":"closed","sticky":false,"template":"","format":"standard","meta":{"_acf_changed":false,"footnotes":""},"categories":[334],"tags":[1628,3952,5667,3955,1216,5670,5668,5672,5669,3951,5666,3956,5671],"class_list":{"0":"post-43106","1":"post","2":"type-post","3":"status-publish","4":"format-standard","6":"category-cizgi-roman","7":"tag-berat-pekmezci","8":"tag-cizgi-roman-yolculugu","9":"tag-event-cantek","10":"tag-ilban-ertem","11":"tag-kenan-yarar","12":"tag-korkut-oztekin","13":"tag-levent-gonenc","14":"tag-m-gurdal-akkoc","15":"tag-memo-tembelcizer","16":"tag-oner-s-biberkoku","17":"tag-ozlem-turhal","18":"tag-puslu-kitalar-atlasi","19":"tag-zeynep-ozatalay","20":"kose_yazari-burak-ipek"},"acf":[],"_links":{"self":[{"href":"https:\/\/www.kayiprihtim.org\/portal\/wp-json\/wp\/v2\/posts\/43106","targetHints":{"allow":["GET"]}}],"collection":[{"href":"https:\/\/www.kayiprihtim.org\/portal\/wp-json\/wp\/v2\/posts"}],"about":[{"href":"https:\/\/www.kayiprihtim.org\/portal\/wp-json\/wp\/v2\/types\/post"}],"author":[{"embeddable":true,"href":"https:\/\/www.kayiprihtim.org\/portal\/wp-json\/wp\/v2\/users\/68"}],"replies":[{"embeddable":true,"href":"https:\/\/www.kayiprihtim.org\/portal\/wp-json\/wp\/v2\/comments?post=43106"}],"version-history":[{"count":0,"href":"https:\/\/www.kayiprihtim.org\/portal\/wp-json\/wp\/v2\/posts\/43106\/revisions"}],"wp:attachment":[{"href":"https:\/\/www.kayiprihtim.org\/portal\/wp-json\/wp\/v2\/media?parent=43106"}],"wp:term":[{"taxonomy":"category","embeddable":true,"href":"https:\/\/www.kayiprihtim.org\/portal\/wp-json\/wp\/v2\/categories?post=43106"},{"taxonomy":"post_tag","embeddable":true,"href":"https:\/\/www.kayiprihtim.org\/portal\/wp-json\/wp\/v2\/tags?post=43106"}],"curies":[{"name":"wp","href":"https:\/\/api.w.org\/{rel}","templated":true}]}}