{"id":432,"date":"2008-11-26T21:31:58","date_gmt":"2008-11-26T18:31:58","guid":{"rendered":"http:\/\/www.kayiprihtim.org\/portal\/?p=432"},"modified":"2009-06-29T23:45:29","modified_gmt":"2009-06-29T20:45:29","slug":"amber-ve-kan-cikti","status":"publish","type":"post","link":"https:\/\/www.kayiprihtim.org\/portal\/2008\/11\/26\/amber-ve-kan-cikti\/","title":{"rendered":"&#8216;Amber ve Kan&#8217; \u00e7\u0131kt\u0131!"},"content":{"rendered":"<p><img fetchpriority=\"high\" decoding=\"async\" src=\"http:\/\/img227.imageshack.us\/img227\/1866\/ambervekanqbta9.jpg\" border=\"0\" alt=\"Amber ve Kan\" width=\"220\" height=\"275\" align=\"left\" \/><br \/>\nRuhlar Sava\u015f\u0131 sonras\u0131 yat\u0131\u015fm\u0131\u015f g\u00f6r\u00fcnen Krynn Tanr\u0131lar\u0131 aras\u0131ndaki \u00e7eli\u015fkiler; Mina&#8217;n\u0131n gizeminin t\u00fcm g\u00fc\u00e7 dengelerini de\u011fi\u015ftirebilece\u011fi ger\u00e7e\u011fiyle yeniden ortaya \u00e7\u0131kar. Ama Mina&#8217;daki s\u00fcrprizler durmaz&#8230;<\/p>\n<p>Kendilerini istemsizce de olsa bu kavgalar\u0131n tam ortas\u0131nda bulan inat\u00e7\u0131 Ke\u015fi\u015f Rhys, sad\u0131k k\u00f6pe\u011fi Atta ve Gecegezgini kendere t\u00fcm dertleriye garip bir arkada\u015f daha kat\u0131l\u0131r: &#8216;Yeni kimli\u011fiyle&#8217; Mina&#8230;<\/p>\n<p>Yolculuk tam bir bilinmeze do\u011frudur: Godshome!<\/p>\n<p><strong>Yazar:<\/strong> Margaret Weis<br \/>\n<strong>\u00c7eviren:<\/strong> Egemen G\u00f6r\u00e7ek<br \/>\n<strong>Edit\u00f6r:<\/strong> Kayra &#8220;Keri&#8221; K\u00fcp\u00e7\u00fc<br \/>\n<strong>Sayfa Say\u0131s\u0131:<\/strong> 244<br \/>\n<strong>Yay\u0131nevi:<\/strong> Laika Yay\u0131nc\u0131l\u0131k<\/p>\n","protected":false},"excerpt":{"rendered":"<p>Ruhlar Sava\u015f\u0131 sonras\u0131 yat\u0131\u015fm\u0131\u015f g\u00f6r\u00fcnen Krynn Tanr\u0131lar\u0131 aras\u0131ndaki \u00e7eli\u015fkiler; Mina&#8217;n\u0131n gizeminin t\u00fcm g\u00fc\u00e7 dengelerini de\u011fi\u015ftirebilece\u011fi ger\u00e7e\u011fiyle yeniden ortaya \u00e7\u0131kar. Ama Mina&#8217;daki s\u00fcrprizler durmaz&#8230; Kendilerini istemsizce de olsa bu kavgalar\u0131n tam ortas\u0131nda bulan inat\u00e7\u0131 Ke\u015fi\u015f Rhys, sad\u0131k k\u00f6pe\u011fi Atta ve Gecegezgini kendere t\u00fcm dertleriye garip bir arkada\u015f daha kat\u0131l\u0131r: &#8216;Yeni kimli\u011fiyle&#8217; Mina&#8230; Yolculuk tam bir bilinmeze [&hellip;]<\/p>\n","protected":false},"author":1,"featured_media":0,"comment_status":"open","ping_status":"closed","sticky":false,"template":"","format":"standard","meta":{"_acf_changed":false,"footnotes":""},"categories":[4],"tags":[26],"class_list":{"0":"post-432","1":"post","2":"type-post","3":"status-publish","4":"format-standard","6":"category-ejderha-mizragi","7":"tag-margaret-weis"},"acf":[],"_links":{"self":[{"href":"https:\/\/www.kayiprihtim.org\/portal\/wp-json\/wp\/v2\/posts\/432","targetHints":{"allow":["GET"]}}],"collection":[{"href":"https:\/\/www.kayiprihtim.org\/portal\/wp-json\/wp\/v2\/posts"}],"about":[{"href":"https:\/\/www.kayiprihtim.org\/portal\/wp-json\/wp\/v2\/types\/post"}],"author":[{"embeddable":true,"href":"https:\/\/www.kayiprihtim.org\/portal\/wp-json\/wp\/v2\/users\/1"}],"replies":[{"embeddable":true,"href":"https:\/\/www.kayiprihtim.org\/portal\/wp-json\/wp\/v2\/comments?post=432"}],"version-history":[{"count":0,"href":"https:\/\/www.kayiprihtim.org\/portal\/wp-json\/wp\/v2\/posts\/432\/revisions"}],"wp:attachment":[{"href":"https:\/\/www.kayiprihtim.org\/portal\/wp-json\/wp\/v2\/media?parent=432"}],"wp:term":[{"taxonomy":"category","embeddable":true,"href":"https:\/\/www.kayiprihtim.org\/portal\/wp-json\/wp\/v2\/categories?post=432"},{"taxonomy":"post_tag","embeddable":true,"href":"https:\/\/www.kayiprihtim.org\/portal\/wp-json\/wp\/v2\/tags?post=432"}],"curies":[{"name":"wp","href":"https:\/\/api.w.org\/{rel}","templated":true}]}}