{"id":43928,"date":"2015-07-09T19:37:19","date_gmt":"2015-07-09T16:37:19","guid":{"rendered":"http:\/\/www.kayiprihtim.org\/portal\/?p=43928"},"modified":"2015-07-09T20:13:28","modified_gmt":"2015-07-09T17:13:28","slug":"sherlockun-noel-ozel-bolumunden-ilk-gorsel-yayinlandi","status":"publish","type":"post","link":"https:\/\/www.kayiprihtim.org\/portal\/2015\/07\/09\/sherlockun-noel-ozel-bolumunden-ilk-gorsel-yayinlandi\/","title":{"rendered":"Sherlock&#8217;un Noel \u00d6zel B\u00f6l\u00fcm\u00fcnden \u0130lk G\u00f6rsel Yay\u0131nland\u0131"},"content":{"rendered":"<p style=\"text-align: center;\"><img fetchpriority=\"high\" decoding=\"async\" class=\"aligncenter size-full wp-image-43943\" src=\"https:\/\/www.kayiprihtim.org\/portal\/gorsel\/2015\/07\/sherlock-noel.jpg\" alt=\"sherlock noel\" width=\"467\" height=\"270\" srcset=\"https:\/\/www.kayiprihtim.org\/portal\/gorsel\/2015\/07\/sherlock-noel.jpg 500w, https:\/\/www.kayiprihtim.org\/portal\/gorsel\/2015\/07\/sherlock-noel-300x173.jpg 300w\" sizes=\"(max-width: 467px) 100vw, 467px\" \/><\/p>\n<p><strong><span style=\"font-size: 12pt;\"><span style=\"color: #993300;\">BBC<\/span>\u2019nin d\u00fcnyadaki en sab\u0131rl\u0131 hayran kitlesine sahip dizisi <span style=\"color: #993300;\">Sherlock<\/span>\u2019un y\u0131l sonunda yay\u0131nlanacak<span style=\"color: #993300;\"> Noel<\/span> \u00f6zel b\u00f6l\u00fcm\u00fcnden ilk resmi foto\u011fraf yay\u0131nland\u0131!<\/span><\/strong><\/p>\n<p>Sherlock\u2019u \u00f6zlediniz mi?<\/p>\n<p>&#8220;Eveeet&#8221; diye \u00e7\u0131\u011fl\u0131k att\u0131\u011f\u0131n\u0131z\u0131 duyar gibiyiz. Ama fazla heyecanlanmay\u0131n, sizlere dizinin yeni sezonundan bir haber getirmedik. O konu hala belirsizli\u011fini koruyor malesef. \u015eimdilik sadece en erken <strong>2017<\/strong>\u2019de gelece\u011fini biliyoruz.<\/p>\n<p>Ama d\u00f6rd\u00fcnc\u00fc sezonu beklerken bizleri bir hayli oyalayacak bir \u015fey var \u00f6n\u00fcm\u00fczde:<strong><span style=\"font-size: 12pt; color: #993300;\"> Noel<\/span> \u00f6zel b\u00f6l\u00fcm\u00fc.<\/strong><\/p>\n<p>\u00c7ekimlerinin ge\u00e7ti\u011fimiz \u015fubat ay\u0131nda yap\u0131lan <b>Noel<\/b> \u00f6zel b\u00f6l\u00fcm\u00fc hakk\u0131nda \u015fimdiye kadar yay\u0131nlanan set foto\u011fraflar\u0131 d\u0131\u015f\u0131nda elimizde herhangi bir bilgi yoktu. Sadece foto\u011fraflardan anla\u015f\u0131ld\u0131\u011f\u0131 \u00fczere b\u00f6l\u00fcm <span style=\"font-size: 12pt; color: #000000;\"><strong>viktorya d\u00f6neminde<\/strong><\/span> ge\u00e7ece\u011fe benziyordu. Ama bu durum resmi olarak hen\u00fcz onaylanmam\u0131\u015ft\u0131.<\/p>\n<blockquote class=\"twitter-tweet\" data-width=\"550\" data-dnt=\"true\">\n<p lang=\"en\" dir=\"ltr\">Shut up everybody, shut up! Don&#39;t move, don&#39;t speak, don&#39;t breathe. A new <a href=\"https:\/\/twitter.com\/hashtag\/Sherlock?src=hash&amp;ref_src=twsrc%5Etfw\" rel=\"nofollow noopener\" target=\"_blank\">#Sherlock<\/a> Special image has landed&#8230; <a href=\"http:\/\/t.co\/ZoCX8P4S9S\" rel=\"nofollow\">pic.twitter.com\/ZoCX8P4S9S<\/a><\/p>\n<p>&mdash; BBC One (@BBCOne) <a href=\"https:\/\/twitter.com\/BBCOne\/status\/618917799109468160?ref_src=twsrc%5Etfw\" rel=\"nofollow noopener\" target=\"_blank\">July 8, 2015<\/a><\/p><\/blockquote>\n<p><script async src=\"https:\/\/platform.twitter.com\/widgets.js\" charset=\"utf-8\"><\/script><\/p>\n<p>D\u00fcn<span style=\"color: #993300; font-size: 12pt;\"><strong> BBC One<\/strong> <\/span>kanal\u0131n\u0131n <em>Twitter<\/em> \u00fczerinden payla\u015ft\u0131\u011f\u0131 ilk<strong> resmi<\/strong> promo g\u00f6rseli ise bu durumu onaylar nitelikte. Yay\u0131nlanan foto\u011frafta<strong> Benedict Cumberbatch <\/strong>ve<strong> Martin Freeman<\/strong>\u2019\u0131 <em>1800\u2019<\/em>ler k\u0131yafetleri i\u00e7inde g\u00f6r\u00fcyoruz. Bu da demek oluyor ki <strong>Noel<\/strong> \u00f6zel b\u00f6l\u00fcm\u00fc kesin olarak <strong>viktorya d\u00f6neminde<\/strong> ge\u00e7ecek.<\/p>\n<p>Fakat <strong>Steven Moffa<\/strong>t\u2019\u0131n daha \u00f6nce belirtti\u011fi gibi bu b\u00f6l\u00fcm\u00fcn \u00f6nceki sezonlarla bir ba\u011flant\u0131s\u0131 olmayacak. Dizinin devaml\u0131l\u0131\u011f\u0131n\u0131 etkilemeyecek bir bi\u00e7imde apayr\u0131 bir hikaye anlatacak.<\/p>\n<p><span style=\"color: #993300;\"><strong><span style=\"font-size: 12pt;\">Noel \u00f6zel b\u00f6l\u00fcm\u00fc<\/span><\/strong><\/span> i\u00e7in hen\u00fcz net bir tarih yok, fakat <strong>Aral\u0131k<\/strong> ay\u0131 i\u00e7erisinde yay\u0131nlanmas\u0131 planlan\u0131yor. Art\u0131k foto\u011fraflarda gelmeye ba\u015flad\u0131\u011f\u0131na g\u00f6re bir fragman bekliyoruz, de\u011fil mi sevgili &#8220;Sherlocked&#8221;lar?<\/p>\n","protected":false},"excerpt":{"rendered":"<p>BBC\u2019nin d\u00fcnyadaki en sab\u0131rl\u0131 hayran kitlesine sahip dizisi Sherlock\u2019un y\u0131l sonunda yay\u0131nlanacak Noel \u00f6zel b\u00f6l\u00fcm\u00fcnden ilk resmi foto\u011fraf yay\u0131nland\u0131! Sherlock\u2019u \u00f6zlediniz mi? &#8220;Eveeet&#8221; diye \u00e7\u0131\u011fl\u0131k att\u0131\u011f\u0131n\u0131z\u0131 duyar gibiyiz. Ama fazla heyecanlanmay\u0131n, sizlere dizinin yeni sezonundan bir haber getirmedik. O konu hala belirsizli\u011fini koruyor malesef. \u015eimdilik sadece en erken 2017\u2019de gelece\u011fini biliyoruz. Ama d\u00f6rd\u00fcnc\u00fc sezonu beklerken [&hellip;]<\/p>\n","protected":false},"author":73,"featured_media":43943,"comment_status":"open","ping_status":"closed","sticky":false,"template":"","format":"standard","meta":{"_acf_changed":false,"footnotes":""},"categories":[646],"tags":[5628,3722,3691,2686,4668,827,3761,2998,1319],"class_list":{"0":"post-43928","1":"post","2":"type-post","3":"status-publish","4":"format-standard","5":"has-post-thumbnail","7":"category-fantastik-diziler","8":"tag-bbc-one","9":"tag-benedict-cumberbatch","10":"tag-christmas","11":"tag-dizi","12":"tag-dr-watson","13":"tag-martin-freeman","14":"tag-noel","15":"tag-sherlock","16":"tag-steven-moffat","17":"kose_yazari-gurkan-akkaya-elendil_xx"},"acf":[],"_links":{"self":[{"href":"https:\/\/www.kayiprihtim.org\/portal\/wp-json\/wp\/v2\/posts\/43928","targetHints":{"allow":["GET"]}}],"collection":[{"href":"https:\/\/www.kayiprihtim.org\/portal\/wp-json\/wp\/v2\/posts"}],"about":[{"href":"https:\/\/www.kayiprihtim.org\/portal\/wp-json\/wp\/v2\/types\/post"}],"author":[{"embeddable":true,"href":"https:\/\/www.kayiprihtim.org\/portal\/wp-json\/wp\/v2\/users\/73"}],"replies":[{"embeddable":true,"href":"https:\/\/www.kayiprihtim.org\/portal\/wp-json\/wp\/v2\/comments?post=43928"}],"version-history":[{"count":0,"href":"https:\/\/www.kayiprihtim.org\/portal\/wp-json\/wp\/v2\/posts\/43928\/revisions"}],"wp:featuredmedia":[{"embeddable":true,"href":"https:\/\/www.kayiprihtim.org\/portal\/wp-json\/wp\/v2\/media\/43943"}],"wp:attachment":[{"href":"https:\/\/www.kayiprihtim.org\/portal\/wp-json\/wp\/v2\/media?parent=43928"}],"wp:term":[{"taxonomy":"category","embeddable":true,"href":"https:\/\/www.kayiprihtim.org\/portal\/wp-json\/wp\/v2\/categories?post=43928"},{"taxonomy":"post_tag","embeddable":true,"href":"https:\/\/www.kayiprihtim.org\/portal\/wp-json\/wp\/v2\/tags?post=43928"}],"curies":[{"name":"wp","href":"https:\/\/api.w.org\/{rel}","templated":true}]}}