{"id":44374,"date":"2015-07-21T11:26:17","date_gmt":"2015-07-21T08:26:17","guid":{"rendered":"http:\/\/www.kayiprihtim.org\/portal\/?p=44374"},"modified":"2015-07-21T11:26:17","modified_gmt":"2015-07-21T08:26:17","slug":"olduren-sakanin-animasyonunda-joker-icin-mark-hamill-sahalara-donebilir","status":"publish","type":"post","link":"https:\/\/www.kayiprihtim.org\/portal\/2015\/07\/21\/olduren-sakanin-animasyonunda-joker-icin-mark-hamill-sahalara-donebilir\/","title":{"rendered":"\u00d6ld\u00fcren \u015eaka&#8217;n\u0131n Animasyonunda Joker \u0130\u00e7in Mark Hamill Sahalara D\u00f6nebilir"},"content":{"rendered":"<p style=\"text-align: center;\"><img fetchpriority=\"high\" decoding=\"async\" class=\"aligncenter size-full wp-image-44391\" src=\"https:\/\/www.kayiprihtim.org\/portal\/gorsel\/2015\/07\/mark-hamill-joker.jpg\" alt=\"mark hamill joker\" width=\"467\" height=\"248\" srcset=\"https:\/\/www.kayiprihtim.org\/portal\/gorsel\/2015\/07\/mark-hamill-joker.jpg 500w, https:\/\/www.kayiprihtim.org\/portal\/gorsel\/2015\/07\/mark-hamill-joker-300x160.jpg 300w\" sizes=\"(max-width: 467px) 100vw, 467px\" \/><\/p>\n<p><span style=\"font-size: 12pt;\"><strong><span style=\"color: #993300;\">Comic-Con 2015<\/span> cephesinde \u00f6\u011frendiklerimizden biri de, <span style=\"color: #993300;\"><a style=\"color: #993300;\" href=\"https:\/\/www.kayiprihtim.org\/portal\/2015\/05\/06\/olduren-saka-bir-kez-daha-geliyor\/\">Batman: \u00d6ld\u00fcren \u015eaka<\/a><\/span>\u2019n\u0131n animasyon olarak kar\u015f\u0131m\u0131za gelme ihtimaliydi. \u015eimdi sesiyle y\u0131llard\u0131r <span style=\"color: #993300;\"><em>Joker<\/em><\/span>\u2019e hayat veren <span style=\"color: #993300;\">Mark Hamill<\/span> de projede yer almak istiyor.<\/strong><\/span><\/p>\n<p>Karakter tasar\u0131mc\u0131s\u0131 ve animasyon yap\u0131mc\u0131s\u0131 <strong>Bruce Timm<\/strong>, <span style=\"color: #993300;\"><strong>Comic-Con 2015<\/strong><\/span>\u2019te bize t\u00fcylerimizi diken diken eden bir haber vermi\u015fti. Batman\u2019in efsanevi cildi <span style=\"font-size: 12pt; color: #993300;\"><strong><a style=\"color: #993300;\" href=\"https:\/\/www.kayiprihtim.org\/portal\/2015\/05\/06\/olduren-saka-bir-kez-daha-geliyor\/\">\u00d6ld\u00fcren \u015eaka<\/a><\/strong><\/span>, asnimasyon olarak kar\u015f\u0131m\u0131za gelecekti.<\/p>\n<p>Peki kim bu <strong>Bruce Timm<\/strong>? Daha da heyecanlanmaya haz\u0131r olun, \u00e7\u00fcnk\u00fc o <em>Batman<\/em> deyince akla gelen yegane \u015feylerden olan <span style=\"color: #993300; font-size: 12pt;\"><strong>Batman: The Animated Series<\/strong> <\/span>adl\u0131 \u00e7izgi dizinin yap\u0131mc\u0131s\u0131yd\u0131. Eh, <strong>Mark Hamill<\/strong>\u2019in bu seriyle birlikte nas\u0131l da i\u00e7indeki <span style=\"color: #993300;\"><strong>Joker<\/strong><\/span>\u2019i ortaya koydu\u011fu ve y\u0131llard\u0131r (oyunlara kadar) <em>Joker<\/em> deyince onun sesini kulaklar\u0131m\u0131zda duydu\u011fumuzu da biliyorsunuzdur.<\/p>\n<p>\u015eimdi <strong>Mark Hamill<\/strong> diyor ki, <strong>Timm<\/strong> varsa ben de var\u0131m!<\/p>\n<blockquote class=\"twitter-tweet\" data-width=\"550\" data-dnt=\"true\">\n<p lang=\"en\" dir=\"ltr\">You&#39;re not the only one w\/ fingers crossed! <a href=\"https:\/\/t.co\/PcKlgRQFaU\" rel=\"nofollow\">https:\/\/t.co\/PcKlgRQFaU<\/a><\/p>\n<p>&mdash; Mark Hamill (Mar\ud83d\udc2b) (@HamillHimself) <a href=\"https:\/\/twitter.com\/HamillHimself\/status\/622109136201736192?ref_src=twsrc%5Etfw\" rel=\"nofollow noopener\" target=\"_blank\">July 17, 2015<\/a><\/p><\/blockquote>\n<p><script async src=\"https:\/\/platform.twitter.com\/widgets.js\" charset=\"utf-8\"><\/script><\/p>\n<p style=\"text-align: center;\"><span style=\"font-family: georgia,palatino,serif;\"><em>Parmaklar\u0131n\u0131 \u00e7aprazlam\u0131\u015f olan tek ki\u015fi sen de\u011filsin.<\/em><\/span><\/p>\n<p style=\"text-align: left;\">Bir hayran\u0131n, <em>&#8220;Umar\u0131m DC Comics seninle bu uyarlama i\u00e7in irtibata ge\u00e7er. -Parmaklar\u0131m\u0131 \u00e7aprazlad\u0131m-&#8220;<\/em> demesi \u00fczerine <strong>Hamill<\/strong>\u2019in verdi\u011fi cevap yukar\u0131daki gibi oldu.<\/p>\n<p style=\"text-align: left;\">Bundan daha iyisi ne olabilir? Durun, durun! Biz s\u00f6yleyelim! <span style=\"color: #993300;\"><strong>Mark Hamill<\/strong><\/span> <em>Joke<\/em>r\u2019e <strong>\u00d6ld\u00fcren \u015eaka<\/strong>\u2019da ses verecekse, o zaman Batman mutlaka <span style=\"color: #993300; font-size: 12pt;\"><strong>Kevin Conroy<\/strong><\/span> olmal\u0131! Bu r\u00fcya tak\u0131m\u0131 bozulmamal\u0131!<\/p>\n","protected":false},"excerpt":{"rendered":"<p>Comic-Con 2015 cephesinde \u00f6\u011frendiklerimizden biri de, Batman: \u00d6ld\u00fcren \u015eaka\u2019n\u0131n animasyon olarak kar\u015f\u0131m\u0131za gelme ihtimaliydi. \u015eimdi sesiyle y\u0131llard\u0131r Joker\u2019e hayat veren Mark Hamill de projede yer almak istiyor. Karakter tasar\u0131mc\u0131s\u0131 ve animasyon yap\u0131mc\u0131s\u0131 Bruce Timm, Comic-Con 2015\u2019te bize t\u00fcylerimizi diken diken eden bir haber vermi\u015fti. Batman\u2019in efsanevi cildi \u00d6ld\u00fcren \u015eaka, asnimasyon olarak kar\u015f\u0131m\u0131za gelecekti. Peki kim [&hellip;]<\/p>\n","protected":false},"author":55,"featured_media":44391,"comment_status":"open","ping_status":"closed","sticky":false,"template":"","format":"standard","meta":{"_acf_changed":false,"footnotes":""},"categories":[208],"tags":[780,6195,6176,4872,1470,6010,1190,2687,2874,2397,4087],"class_list":{"0":"post-44374","1":"post","2":"type-post","3":"status-publish","4":"format-standard","5":"has-post-thumbnail","7":"category-cizgianime","8":"tag-batman","9":"tag-batman-olduren-saka","10":"tag-batman-the-animated-series","11":"tag-bruce-timm","12":"tag-comic-con","13":"tag-comic-con-2015","14":"tag-dc-comics","15":"tag-joker","16":"tag-kevin-conroy","17":"tag-mark-hamill","18":"tag-olduren-saka","19":"kose_yazari-hazal-camur-firtinakiran"},"acf":[],"_links":{"self":[{"href":"https:\/\/www.kayiprihtim.org\/portal\/wp-json\/wp\/v2\/posts\/44374","targetHints":{"allow":["GET"]}}],"collection":[{"href":"https:\/\/www.kayiprihtim.org\/portal\/wp-json\/wp\/v2\/posts"}],"about":[{"href":"https:\/\/www.kayiprihtim.org\/portal\/wp-json\/wp\/v2\/types\/post"}],"author":[{"embeddable":true,"href":"https:\/\/www.kayiprihtim.org\/portal\/wp-json\/wp\/v2\/users\/55"}],"replies":[{"embeddable":true,"href":"https:\/\/www.kayiprihtim.org\/portal\/wp-json\/wp\/v2\/comments?post=44374"}],"version-history":[{"count":0,"href":"https:\/\/www.kayiprihtim.org\/portal\/wp-json\/wp\/v2\/posts\/44374\/revisions"}],"wp:featuredmedia":[{"embeddable":true,"href":"https:\/\/www.kayiprihtim.org\/portal\/wp-json\/wp\/v2\/media\/44391"}],"wp:attachment":[{"href":"https:\/\/www.kayiprihtim.org\/portal\/wp-json\/wp\/v2\/media?parent=44374"}],"wp:term":[{"taxonomy":"category","embeddable":true,"href":"https:\/\/www.kayiprihtim.org\/portal\/wp-json\/wp\/v2\/categories?post=44374"},{"taxonomy":"post_tag","embeddable":true,"href":"https:\/\/www.kayiprihtim.org\/portal\/wp-json\/wp\/v2\/tags?post=44374"}],"curies":[{"name":"wp","href":"https:\/\/api.w.org\/{rel}","templated":true}]}}