{"id":44513,"date":"2015-07-25T17:03:40","date_gmt":"2015-07-25T14:03:40","guid":{"rendered":"http:\/\/www.kayiprihtim.org\/portal\/?p=44513"},"modified":"2015-07-25T17:03:40","modified_gmt":"2015-07-25T14:03:40","slug":"star-wars-viiye-eklenen-yeni-karakterin-goruntuleri-geldi-bullhead","status":"publish","type":"post","link":"https:\/\/www.kayiprihtim.org\/portal\/2015\/07\/25\/star-wars-viiye-eklenen-yeni-karakterin-goruntuleri-geldi-bullhead\/","title":{"rendered":"Star Wars VII&#8217;ye Eklenen Yeni Karakterin G\u00f6r\u00fcnt\u00fcleri Geldi: Bullhead"},"content":{"rendered":"<p style=\"text-align: center;\"><img fetchpriority=\"high\" decoding=\"async\" class=\"aligncenter size-full wp-image-39837\" src=\"https:\/\/www.kayiprihtim.org\/portal\/gorsel\/2015\/04\/star-wars-vii-header.jpg\" alt=\"star-wars-vii-header\" width=\"467\" height=\"223\" srcset=\"https:\/\/www.kayiprihtim.org\/portal\/gorsel\/2015\/04\/star-wars-vii-header.jpg 500w, https:\/\/www.kayiprihtim.org\/portal\/gorsel\/2015\/04\/star-wars-vii-header-300x143.jpg 300w\" sizes=\"(max-width: 467px) 100vw, 467px\" \/><\/p>\n<p><span style=\"font-size: 12pt;\"><strong>Geldi, gelecek, nas\u0131l olacak derken sonunda bu yak\u0131\u015f\u0131kl\u0131yla tan\u0131\u015fabildik!<\/strong><\/span><\/p>\n<p>Bir <em>X-Wing<\/em> pilotu olan <span style=\"color: #993300; font-size: 12pt;\"><strong>Bullhead<\/strong><\/span>, <strong>Star Wars VII: The Force Awakens<\/strong>&#8216;da boy g\u00f6stermeye haz\u0131r oldu\u011fu kadar, bizimle bulu\u015fmaya da haz\u0131r. Asiler aras\u0131nda yer alan <span style=\"color: #993300;\"><strong>Bullhead<\/strong><\/span>&#8216;in daha \u00f6nce pek de net olmayan bir g\u00f6r\u00fcnt\u00fcs\u00fcn\u00fc g\u00f6rm\u00fc\u015ft\u00fck. \u015eimdiyse konsept \u00e7izimleri dahil olmak \u00fczere, pek \u00e7ok g\u00f6rseline kavu\u015ftuk.<\/p>\n<p>Hakk\u0131ndaki bilgiler \u015fimdilik bunlarla s\u0131n\u0131rl\u0131. Taze taze yay\u0131nlanm\u0131\u015f t\u00fcm g\u00f6rsellerini a\u015fa\u011f\u0131da bulabilirsiniz!<\/p>\n<p><a href=\"http:\/\/i.imgur.com\/3Rig0GN.jpg\" rel=\"nofollow noopener\" target=\"_blank\"><img decoding=\"async\" class=\"alignnone\" src=\"http:\/\/i.imgur.com\/3Rig0GN.jpg\" alt=\"\" width=\"467\" height=\"342\"><\/a><\/p>\n<p><a href=\"http:\/\/i.imgur.com\/jDHSppc.jpg\" rel=\"nofollow noopener\" target=\"_blank\"><img decoding=\"async\" class=\"alignnone\" src=\"http:\/\/i.imgur.com\/jDHSppc.jpg\" alt=\"\" width=\"467\" height=\"367\"><\/a><\/p>\n<p><a href=\"http:\/\/i.imgur.com\/I7yxl1Y.jpg\" rel=\"nofollow noopener\" target=\"_blank\"><img loading=\"lazy\" decoding=\"async\" class=\"alignnone\" src=\"http:\/\/i.imgur.com\/I7yxl1Y.jpg\" alt=\"\" width=\"467\" height=\"360\"><\/a><\/p>\n<p><a href=\"http:\/\/i.imgur.com\/uaRO21V.jpg\" rel=\"nofollow noopener\" target=\"_blank\"><img loading=\"lazy\" decoding=\"async\" class=\"alignnone\" src=\"http:\/\/i.imgur.com\/uaRO21V.jpg\" alt=\"\" width=\"467\" height=\"232\"><\/a><\/p>\n","protected":false},"excerpt":{"rendered":"<p>Geldi, gelecek, nas\u0131l olacak derken sonunda bu yak\u0131\u015f\u0131kl\u0131yla tan\u0131\u015fabildik! Bir X-Wing pilotu olan Bullhead, Star Wars VII: The Force Awakens&#8216;da boy g\u00f6stermeye haz\u0131r oldu\u011fu kadar, bizimle bulu\u015fmaya da haz\u0131r. Asiler aras\u0131nda yer alan Bullhead&#8216;in daha \u00f6nce pek de net olmayan bir g\u00f6r\u00fcnt\u00fcs\u00fcn\u00fc g\u00f6rm\u00fc\u015ft\u00fck. \u015eimdiyse konsept \u00e7izimleri dahil olmak \u00fczere, pek \u00e7ok g\u00f6rseline kavu\u015ftuk. Hakk\u0131ndaki bilgiler [&hellip;]<\/p>\n","protected":false},"author":55,"featured_media":0,"comment_status":"open","ping_status":"closed","sticky":false,"template":"","format":"standard","meta":{"_acf_changed":false,"footnotes":""},"categories":[118],"tags":[6274,4633,6273],"class_list":{"0":"post-44513","1":"post","2":"type-post","3":"status-publish","4":"format-standard","6":"category-star-wars","7":"tag-bullhead","8":"tag-star-wars-vii-the-force-awakens","9":"tag-x-wing","10":"kose_yazari-hazal-camur-firtinakiran"},"acf":[],"_links":{"self":[{"href":"https:\/\/www.kayiprihtim.org\/portal\/wp-json\/wp\/v2\/posts\/44513","targetHints":{"allow":["GET"]}}],"collection":[{"href":"https:\/\/www.kayiprihtim.org\/portal\/wp-json\/wp\/v2\/posts"}],"about":[{"href":"https:\/\/www.kayiprihtim.org\/portal\/wp-json\/wp\/v2\/types\/post"}],"author":[{"embeddable":true,"href":"https:\/\/www.kayiprihtim.org\/portal\/wp-json\/wp\/v2\/users\/55"}],"replies":[{"embeddable":true,"href":"https:\/\/www.kayiprihtim.org\/portal\/wp-json\/wp\/v2\/comments?post=44513"}],"version-history":[{"count":0,"href":"https:\/\/www.kayiprihtim.org\/portal\/wp-json\/wp\/v2\/posts\/44513\/revisions"}],"wp:attachment":[{"href":"https:\/\/www.kayiprihtim.org\/portal\/wp-json\/wp\/v2\/media?parent=44513"}],"wp:term":[{"taxonomy":"category","embeddable":true,"href":"https:\/\/www.kayiprihtim.org\/portal\/wp-json\/wp\/v2\/categories?post=44513"},{"taxonomy":"post_tag","embeddable":true,"href":"https:\/\/www.kayiprihtim.org\/portal\/wp-json\/wp\/v2\/tags?post=44513"}],"curies":[{"name":"wp","href":"https:\/\/api.w.org\/{rel}","templated":true}]}}