{"id":44848,"date":"2015-08-01T11:48:28","date_gmt":"2015-08-01T08:48:28","guid":{"rendered":"http:\/\/www.kayiprihtim.org\/portal\/?p=44848"},"modified":"2015-08-01T11:48:28","modified_gmt":"2015-08-01T08:48:28","slug":"ingiliz-e-kitap-okurlari-korsan-indirmeye-pek-yanasmiyor","status":"publish","type":"post","link":"https:\/\/www.kayiprihtim.org\/portal\/2015\/08\/01\/ingiliz-e-kitap-okurlari-korsan-indirmeye-pek-yanasmiyor\/","title":{"rendered":"\u0130ngiliz E-Kitap Okurlar\u0131, Korsan \u0130ndirmeye Pek Yana\u015fm\u0131yor"},"content":{"rendered":"<p style=\"text-align: center;\"><img fetchpriority=\"high\" decoding=\"async\" class=\"aligncenter size-full wp-image-44864\" src=\"https:\/\/www.kayiprihtim.org\/portal\/gorsel\/2015\/07\/e-book-legal.jpg\" alt=\"e book legal\" width=\"467\" height=\"261\" srcset=\"https:\/\/www.kayiprihtim.org\/portal\/gorsel\/2015\/07\/e-book-legal.jpg 500w, https:\/\/www.kayiprihtim.org\/portal\/gorsel\/2015\/07\/e-book-legal-300x167.jpg 300w\" sizes=\"(max-width: 467px) 100vw, 467px\" \/><\/p>\n<p><span style=\"font-size: 12pt;\"><strong>Yap\u0131lan ara\u015ft\u0131rmalar, kullan\u0131c\u0131lar\u0131n \u00e7ok k\u00fc\u00e7\u00fck bir diliminin korsan olarak e-Kitap indirdi\u011fini g\u00f6steriyor.<\/strong><\/span><\/p>\n<p><em><strong><a href=\"http:\/\/kitap.radikal.com.tr\/makale\/haber\/e-kitap-korsani-cezbetmiyor-423864\" target=\"_blank\" rel=\"nofollow noopener\">Radikal<\/a><\/strong><\/em> gazetesinin yer verdi\u011fi haber, \u0130ngiltere\u2019de yap\u0131lan bir ara\u015ft\u0131rma \u00fczerinden korsan\u0131n e-kitap okurlar\u0131na pek u\u011framad\u0131\u011f\u0131n\u0131 g\u00f6steriyor.<\/p>\n<p><em>Kantar Media<\/em> adl\u0131 \u015firketin ara\u015ft\u0131rmas\u0131na g\u00f6re \u0130ngiltere\u2019de internet kullan\u0131c\u0131lar\u0131n\u0131n %18\u2019inin (7.8 milyon ki\u015fiye tekab\u00fcl ediyor) en az bir kez korsan bir i\u00e7erik indirdi\u011fini ortaya koyuyor.<\/p>\n<p>Bunlardan %6\u2019s\u0131n\u0131n devaml\u0131 olarak bu korsan i\u00e7erikleri indirdi\u011fi g\u00f6r\u00fcn\u00fc\u015f\u00fcn\u00fc \u00f6ne s\u00fcren \u015firket, yapt\u0131\u011f\u0131 s\u0131ralamada e-kitaplar\u0131n korsan olarak indirilmesini en sona koymu\u015f. Yani, ara\u015ft\u0131rmalar\u0131 sonucu bu devaml\u0131 indirmede bulunan kullan\u0131c\u0131lar\u0131n sadece %11\u2019i e-kitaplar\u0131 korsan olarak ediniyor.<\/p>\n<p>\u00d6te yandan ara\u015ft\u0131rma, e-kitap okuyucular\u0131n\u0131n %69 gibi y\u00fcksek bir oran\u0131n\u0131n kitaplar\u0131n\u0131 \u00fccretini \u00f6deyerek ald\u0131klar\u0131n\u0131 da ortaya koyuyor.<\/p>\n<p>Elbette bunlar\u0131 hep \u0130ngiltere i\u00e7in s\u00f6yledik. Bir de d\u00f6n\u00fcp kendi \u00fclkemize bakt\u0131\u011f\u0131m\u0131zda, e- kitab\u0131n <em><strong>l\u00fcks t\u00fcketim dahilinde de\u011ferlendirilmesi<\/strong><\/em> (!) gibi sa\u00e7ma bir ger\u00e7ekle y\u00fcz y\u00fcze geliyoruz. Haliyle e-kitaplar\u0131n fiyatlar\u0131 bas\u0131l\u0131 kitaplardan pek de farkl\u0131 de\u011fil.<\/p>\n<p>Dileriz \u00fclkemiz ileri gelenleri kitab\u0131n bir &#8220;<em>l\u00fcks<\/em>&#8221; <span style=\"text-decoration: underline;\">olmad\u0131\u011f\u0131n\u0131n<\/span> fark\u0131na var\u0131r ve bu y\u00fcksek vergi politikas\u0131n\u0131 sonland\u0131r\u0131rlar.<\/p>\n","protected":false},"excerpt":{"rendered":"<p>Yap\u0131lan ara\u015ft\u0131rmalar, kullan\u0131c\u0131lar\u0131n \u00e7ok k\u00fc\u00e7\u00fck bir diliminin korsan olarak e-Kitap indirdi\u011fini g\u00f6steriyor. Radikal gazetesinin yer verdi\u011fi haber, \u0130ngiltere\u2019de yap\u0131lan bir ara\u015ft\u0131rma \u00fczerinden korsan\u0131n e-kitap okurlar\u0131na pek u\u011framad\u0131\u011f\u0131n\u0131 g\u00f6steriyor. Kantar Media adl\u0131 \u015firketin ara\u015ft\u0131rmas\u0131na g\u00f6re \u0130ngiltere\u2019de internet kullan\u0131c\u0131lar\u0131n\u0131n %18\u2019inin (7.8 milyon ki\u015fiye tekab\u00fcl ediyor) en az bir kez korsan bir i\u00e7erik indirdi\u011fini ortaya koyuyor. Bunlardan %6\u2019s\u0131n\u0131n [&hellip;]<\/p>\n","protected":false},"author":55,"featured_media":44864,"comment_status":"open","ping_status":"closed","sticky":false,"template":"","format":"standard","meta":{"_acf_changed":false,"footnotes":""},"categories":[1922],"tags":[6415,2040,6402,6401],"class_list":{"0":"post-44848","1":"post","2":"type-post","3":"status-publish","4":"format-standard","5":"has-post-thumbnail","7":"category-arastirma-inceleme","8":"tag-arastirma","9":"tag-e-kitap","10":"tag-kantar-media","11":"tag-radikal","12":"kose_yazari-hazal-camur-firtinakiran"},"acf":[],"_links":{"self":[{"href":"https:\/\/www.kayiprihtim.org\/portal\/wp-json\/wp\/v2\/posts\/44848","targetHints":{"allow":["GET"]}}],"collection":[{"href":"https:\/\/www.kayiprihtim.org\/portal\/wp-json\/wp\/v2\/posts"}],"about":[{"href":"https:\/\/www.kayiprihtim.org\/portal\/wp-json\/wp\/v2\/types\/post"}],"author":[{"embeddable":true,"href":"https:\/\/www.kayiprihtim.org\/portal\/wp-json\/wp\/v2\/users\/55"}],"replies":[{"embeddable":true,"href":"https:\/\/www.kayiprihtim.org\/portal\/wp-json\/wp\/v2\/comments?post=44848"}],"version-history":[{"count":0,"href":"https:\/\/www.kayiprihtim.org\/portal\/wp-json\/wp\/v2\/posts\/44848\/revisions"}],"wp:featuredmedia":[{"embeddable":true,"href":"https:\/\/www.kayiprihtim.org\/portal\/wp-json\/wp\/v2\/media\/44864"}],"wp:attachment":[{"href":"https:\/\/www.kayiprihtim.org\/portal\/wp-json\/wp\/v2\/media?parent=44848"}],"wp:term":[{"taxonomy":"category","embeddable":true,"href":"https:\/\/www.kayiprihtim.org\/portal\/wp-json\/wp\/v2\/categories?post=44848"},{"taxonomy":"post_tag","embeddable":true,"href":"https:\/\/www.kayiprihtim.org\/portal\/wp-json\/wp\/v2\/tags?post=44848"}],"curies":[{"name":"wp","href":"https:\/\/api.w.org\/{rel}","templated":true}]}}