{"id":4560,"date":"2010-07-14T10:01:01","date_gmt":"2010-07-14T07:01:01","guid":{"rendered":"http:\/\/www.kayiprihtim.org\/portal\/?p=4560"},"modified":"2010-07-14T10:01:33","modified_gmt":"2010-07-14T07:01:33","slug":"buffy-yeni-sezonuyla-cizgi-romanda","status":"publish","type":"post","link":"https:\/\/www.kayiprihtim.org\/portal\/2010\/07\/14\/buffy-yeni-sezonuyla-cizgi-romanda\/","title":{"rendered":"Buffy yeni sezonuyla &#8216;\u00c7izgi Roman&#8217;da!"},"content":{"rendered":"<p><img fetchpriority=\"high\" decoding=\"async\" class=\"alignnone\" src=\"https:\/\/www.kayiprihtim.org\/portal\/gorsel\/buffy-vampir-avcisi-evden-uzakta-to.jpg\" alt=\"\" width=\"490\" height=\"174\"><\/p>\n<p><em>NTV Yay\u0131nlar\u0131<\/em>\u2019n\u0131n \u00c7izgi Roman D\u00fcnya Klasikleri Serisi, televizyon yap\u0131mlar\u0131yla devam ediyor. <strong>Buffy Vampir Avc\u0131s\u0131<\/strong>, iki hik\u00e2ye bir arada olarak \u00e7\u0131kt\u0131!<\/p>\n<blockquote><p>\u201cHer nesilde bir se\u00e7ilmi\u015f vard\u0131r. O, tek ba\u015f\u0131na vampirlere, iblislere ve karanl\u0131k g\u00fc\u00e7lere kar\u015f\u0131 sava\u015f verir. O, Avc\u0131\u2019d\u0131r.\u201d<\/p><\/blockquote>\n<p>NTV Yay\u0131nlar\u0131\u2019n\u0131n \u00c7izgi Roman D\u00fcnya Klasikleri Serisi, polisiyenin ard\u0131ndan \u015fimdi de televizyon yap\u0131mlar\u0131yla devam ediyor. <strong>Joss Whedon<\/strong>\u2019\u0131n ayn\u0131 adl\u0131 televizyon dizisinden uyarlanan <strong>BUFFY VAMP\u0130R AVCISI<\/strong>\u2019n\u0131n yeni maceralar\u0131 art\u0131k sadece \u00e7izgi romanda&#8230;<\/p>\n<p>D\u00fcnyan\u0131n d\u00f6rt bir yan\u0131nda fenomene d\u00f6n\u00fc\u015fen dizi yedinci senenin sonunda ekranlara veda etse de bu Buffy\u2019nin maceralar\u0131n\u0131n sona erdi\u011fi anlam\u0131na gelmiyor. Sekizinci sezon dizinin yarat\u0131c\u0131s\u0131 Joss Whedon\u2019\u0131n yazd\u0131\u011f\u0131 \u00e7izgi romanlarla merakl\u0131lar\u0131na ula\u015f\u0131yor.<\/p>\n<p>NTV Yay\u0131nlar\u0131\u2019n\u0131n \u00c7izgi Roman TV Serisi\u2019nin ilk kitab\u0131 olan <strong>BUFFY VAMP\u0130R AVCISI: EVDEN UZAKTA ve Z\u0130NC\u0130R<\/strong>, ge\u00e7ti\u011fimiz Cuma g\u00fcn\u00fc piyasaya s\u00fcr\u00fcld\u00fc.<\/p>\n<p>Diziyi tekrar tekrar seyreden Buffy hayranlar\u0131 art\u0131k \u00f6zlemini \u00e7ektikleri karakterlerin yepyeni maceralar\u0131n\u0131 BUFFY VAMP\u0130R AVCISI \u00e7izgi romanlar\u0131yla takip edecek&#8230;<\/p>\n<p>\u00c7izgi roman\u0131n detayl\u0131 bilgisi ve <span style=\"text-decoration: underline;\"><strong>tan\u0131t\u0131m videosu<\/strong><\/span> i\u00e7in <a href=\"https:\/\/www.kayiprihtim.org\/portal\/buffy-vampir-avcisi-cizgi-roman\/\"><strong>buraya<\/strong><\/a> t\u0131klayabilirsiniz!<\/p>\n","protected":false},"excerpt":{"rendered":"<p>NTV Yay\u0131nlar\u0131\u2019n\u0131n \u00c7izgi Roman D\u00fcnya Klasikleri Serisi, televizyon yap\u0131mlar\u0131yla devam ediyor. Buffy Vampir Avc\u0131s\u0131, iki hik\u00e2ye bir arada olarak \u00e7\u0131kt\u0131! \u201cHer nesilde bir se\u00e7ilmi\u015f vard\u0131r. O, tek ba\u015f\u0131na vampirlere, iblislere ve karanl\u0131k g\u00fc\u00e7lere kar\u015f\u0131 sava\u015f verir. O, Avc\u0131\u2019d\u0131r.\u201d NTV Yay\u0131nlar\u0131\u2019n\u0131n \u00c7izgi Roman D\u00fcnya Klasikleri Serisi, polisiyenin ard\u0131ndan \u015fimdi de televizyon yap\u0131mlar\u0131yla devam ediyor. Joss Whedon\u2019\u0131n [&hellip;]<\/p>\n","protected":false},"author":1,"featured_media":0,"comment_status":"open","ping_status":"closed","sticky":false,"template":"","format":"standard","meta":{"_acf_changed":false,"footnotes":""},"categories":[334],"tags":[477,9218,479],"class_list":{"0":"post-4560","1":"post","2":"type-post","3":"status-publish","4":"format-standard","6":"category-cizgi-roman","7":"tag-buffy","8":"tag-cizgi-roman","9":"tag-ntv"},"acf":[],"_links":{"self":[{"href":"https:\/\/www.kayiprihtim.org\/portal\/wp-json\/wp\/v2\/posts\/4560","targetHints":{"allow":["GET"]}}],"collection":[{"href":"https:\/\/www.kayiprihtim.org\/portal\/wp-json\/wp\/v2\/posts"}],"about":[{"href":"https:\/\/www.kayiprihtim.org\/portal\/wp-json\/wp\/v2\/types\/post"}],"author":[{"embeddable":true,"href":"https:\/\/www.kayiprihtim.org\/portal\/wp-json\/wp\/v2\/users\/1"}],"replies":[{"embeddable":true,"href":"https:\/\/www.kayiprihtim.org\/portal\/wp-json\/wp\/v2\/comments?post=4560"}],"version-history":[{"count":0,"href":"https:\/\/www.kayiprihtim.org\/portal\/wp-json\/wp\/v2\/posts\/4560\/revisions"}],"wp:attachment":[{"href":"https:\/\/www.kayiprihtim.org\/portal\/wp-json\/wp\/v2\/media?parent=4560"}],"wp:term":[{"taxonomy":"category","embeddable":true,"href":"https:\/\/www.kayiprihtim.org\/portal\/wp-json\/wp\/v2\/categories?post=4560"},{"taxonomy":"post_tag","embeddable":true,"href":"https:\/\/www.kayiprihtim.org\/portal\/wp-json\/wp\/v2\/tags?post=4560"}],"curies":[{"name":"wp","href":"https:\/\/api.w.org\/{rel}","templated":true}]}}