{"id":46057,"date":"2015-08-27T16:26:02","date_gmt":"2015-08-27T13:26:02","guid":{"rendered":"http:\/\/www.kayiprihtim.org\/portal\/?p=46057"},"modified":"2015-08-27T16:26:02","modified_gmt":"2015-08-27T13:26:02","slug":"yeni-blade-filmi-anti-kahramanimizin-kizini-konu-alabilir","status":"publish","type":"post","link":"https:\/\/www.kayiprihtim.org\/portal\/2015\/08\/27\/yeni-blade-filmi-anti-kahramanimizin-kizini-konu-alabilir\/","title":{"rendered":"Yeni Blade Filmi Anti-Kahraman\u0131m\u0131z\u0131n K\u0131z\u0131n\u0131 Konu Alabilir"},"content":{"rendered":"<p style=\"text-align: center;\"><img fetchpriority=\"high\" decoding=\"async\" class=\"aligncenter size-full wp-image-46093\" src=\"https:\/\/www.kayiprihtim.org\/portal\/gorsel\/2015\/08\/blade-ust.jpg\" alt=\"blade ust\" width=\"467\" height=\"269\" srcset=\"https:\/\/www.kayiprihtim.org\/portal\/gorsel\/2015\/08\/blade-ust.jpg 500w, https:\/\/www.kayiprihtim.org\/portal\/gorsel\/2015\/08\/blade-ust-300x173.jpg 300w\" sizes=\"(max-width: 467px) 100vw, 467px\" \/><\/p>\n<p><strong><span style=\"font-size: 12pt;\">Ge\u00e7ti\u011fimiz y\u0131llarda\u00a0haklar\u0131n\u0131 <span style=\"color: #993300;\">Marvel<\/span>\u2019\u0131n sat\u0131n ald\u0131\u011f\u0131 ve en\u00a0sevilen <em>anti<\/em>\u00a0<em>kahramanlardan<\/em> biri olan <span style=\"color: #993300;\">Blade<\/span>,\u00a0yeni bir filmle <em>beyazperdeye<\/em> geri d\u00f6necek. \u00dcstelik, ba\u015frol\u00fcn bir kad\u0131n olaca\u011f\u0131 s\u00f6ylentileri de var.<\/span><\/strong><\/p>\n<p>Bu \u00e7\u0131lg\u0131n iddia k\u0131sa bir s\u00fcre \u00f6nce ortaya at\u0131ld\u0131. <span style=\"text-decoration: underline;\">2011<\/span>\u00a0y\u0131l\u0131nda <strong><span style=\"color: #993300;\">Blade<\/span><\/strong>\u2019in t\u00fcm haklar\u0131n\u0131 sat\u0131n alan <strong><span style=\"color: #993300;\">Marvel<\/span><\/strong>\u2019\u0131n, <span style=\"text-decoration: underline;\">2013<\/span>\u2019te <strong>Blade<\/strong> i\u00e7in tamamlanm\u0131\u015f bir senaryosu oldu\u011fu s\u00f6ylenegelmi\u015fti. G\u00f6r\u00fcnen o ki, <em><strong>Marvel <\/strong><\/em>art\u0131k\u00a0i\u015fi ciddiye bindirmi\u015f. 2 y\u0131l \u00f6nce tamamland\u0131\u011f\u0131 s\u00f6ylenen\u00a0senaryoda bir de\u011fi\u015fiklik yap\u0131l\u0131p yap\u0131lmad\u0131\u011f\u0131 hakk\u0131ndaysa \u015fu an i\u00e7in kesin bir bilgi yok ne yaz\u0131k ki.<\/p>\n<p><strong><span style=\"color: #993300;\">Blade<\/span><\/strong> karakterini canland\u0131ran <strong>Wesley Snipes<\/strong>, <strong><em>Comic-Con<\/em><\/strong>\u2019da yapt\u0131\u011f\u0131 a\u00e7\u0131klamayla filmin hayranlar\u0131n\u0131 umutland\u0131rm\u0131\u015f,\u00a0sonras\u0131nda yeni bir \u00a0geli\u015fme olmad\u0131\u011f\u0131ndan film hakk\u0131ndaki dedikodular biraz geri\u00a0planda kalm\u0131\u015ft\u0131. Fakat projeye dair yeni detaylar iyiden iyiye g\u00fcn y\u00fcz\u00fcne \u00e7\u0131kmaya ba\u015flad\u0131.<\/p>\n<p><span style=\"text-decoration: underline;\"><em>1990<\/em><\/span>\u2019l\u0131 y\u0131llar\u0131n sonuyla\u00a0<em><span style=\"text-decoration: underline;\">2000<\/span><\/em>\u2019lerin ba\u015f\u0131na damga vurmu\u015f <em><strong>3 filmlik<\/strong><\/em> bir seri <strong><span style=\"color: #993300;\">Blade<\/span><\/strong>. Filmin ba\u015frol\u00fcnde yer alan ve \u00fc\u00e7lemede\u00a0<strong><span style=\"color: #993300;\">Blade<\/span><\/strong>\u2019e hayat veren akt\u00f6r <strong>Wesley Snipes<\/strong>, <strong><span style=\"color: #993300;\">Blade 4<\/span><\/strong> i\u00e7in her an haz\u0131r oldu\u011funu, teklif geldi\u011fi takdirde seve seve k\u0131l\u0131\u00e7lar\u0131n\u0131 tekrar ku\u015fanabilece\u011fini\u00a0ve edindi\u011fi tecr\u00fcbelerini payla\u015fabilece\u011fini\u00a0belirtmi\u015fti.<\/p>\n<p>Yeni <span style=\"color: #000000;\">Blade<\/span> filminde <strong>Wesley Snipes<\/strong>\u2019\u0131 da \u00e7ok b\u00fcy\u00fck bir ihtimalle g\u00f6rece\u011fiz, lakin bundan da \u00f6nemlisi\u00a0<span style=\"color: #993300;\"><strong>Blade<\/strong><\/span>\u2019in <em><strong>k\u0131z\u0131n\u0131<\/strong><\/em> ba\u015frolde izleyecek olmam\u0131z. <span style=\"color: #000000;\">Blade<\/span>\u2019in\u00a0<span style=\"color: #993300;\"><strong>Fallon Grey<\/strong><\/span> adl\u0131 k\u0131z\u0131 babas\u0131n\u0131n izinden gidecek ve b\u00f6ylelikle bizler de yeni filmde baba k\u0131z\u0131 ayn\u0131 sahnede izleyebilece\u011fiz.\u00a0\u0130\u015fte ilk konsept \u00e7izimler:<\/p>\n<p><a href=\"https:\/\/www.kayiprihtim.org\/portal\/gorsel\/2015\/08\/blade-art-1.jpg\"><img decoding=\"async\" class=\"aligncenter wp-image-46108 size-full\" src=\"https:\/\/www.kayiprihtim.org\/portal\/gorsel\/2015\/08\/blade-art-1.jpg\" alt=\"blade-art-1\" width=\"467\" height=\"283\" srcset=\"https:\/\/www.kayiprihtim.org\/portal\/gorsel\/2015\/08\/blade-art-1.jpg 600w, https:\/\/www.kayiprihtim.org\/portal\/gorsel\/2015\/08\/blade-art-1-300x182.jpg 300w\" sizes=\"(max-width: 467px) 100vw, 467px\" \/><\/a><\/p>\n<p>&nbsp;<\/p>\n<p><a href=\"https:\/\/www.kayiprihtim.org\/portal\/gorsel\/2015\/08\/blade-art-2.jpg\"><img decoding=\"async\" class=\"aligncenter wp-image-46109 size-full\" src=\"https:\/\/www.kayiprihtim.org\/portal\/gorsel\/2015\/08\/blade-art-2.jpg\" alt=\"blade-art-2\" width=\"467\" height=\"258\" srcset=\"https:\/\/www.kayiprihtim.org\/portal\/gorsel\/2015\/08\/blade-art-2.jpg 525w, https:\/\/www.kayiprihtim.org\/portal\/gorsel\/2015\/08\/blade-art-2-300x166.jpg 300w\" sizes=\"(max-width: 467px) 100vw, 467px\" \/><\/a><\/p>\n<p>&nbsp;<\/p>\n<p>\u015eimdiye dek <strong><span style=\"color: #993300;\">Fallon Grey<\/span><\/strong> hakk\u0131nda herhangi bir \u00e7izgi roman olmamas\u0131 ak\u0131llara soru i\u015faretleri getirse de, bunu <em><strong>Marvel<\/strong><\/em>\u2019\u0131n bilin\u00e7li olarak yapm\u0131\u015f olabilece\u011fi ve \u00e7izgi romanlar\u0131n \u00e7\u0131k\u0131\u015f tarihlerinin erteletildi\u011fi \u00fczerinde duruluyor.<\/p>\n<p><em><strong>Marvel<\/strong><\/em>\u2019in bu ata\u011f\u0131, b\u00fcy\u00fck bir kitleyi mutlu edecek gibi g\u00f6r\u00fcn\u00fcyor zira bir s\u00fcper kahraman filminde siyahi bir kad\u0131n karakter g\u00f6rmeye \u00e7ok fazla\u00a0al\u0131\u015f\u0131k de\u011fil. Bu harika tutumlar\u0131ndan \u00f6t\u00fcr\u00fc <em><strong>Marvel<\/strong><\/em> hanesine art\u0131 puanlar yazd\u0131racakt\u0131r \u015f\u00fcphesiz.<\/p>\n<p><em><strong>Marvel<\/strong><\/em>\u2019\u0131n g\u00f6z\u00fc gibi korudu\u011fu senaryosundan s\u0131zan bilgiler \u015fimdilik bu kadar. Fakat hi\u00e7birinin resmi olmad\u0131\u011f\u0131n\u0131 hat\u0131rlatmakta yarar var. Umuyoruz ki, sinema\u00a0tarihinde\u00a0\u00e7ok \u00f6zel bir yer edinen ve bilhassa sevilen bu <em>vampir avc\u0131s\u0131<\/em> bir an \u00f6nce beyazperdeye d\u00f6ns\u00fcn ve biz de kendisiyle k\u0131z\u0131n\u0131 keyifle izlemeye devam edelim.<\/p>\n","protected":false},"excerpt":{"rendered":"<p>Ge\u00e7ti\u011fimiz y\u0131llarda\u00a0haklar\u0131n\u0131 Marvel\u2019\u0131n sat\u0131n ald\u0131\u011f\u0131 ve en\u00a0sevilen anti\u00a0kahramanlardan biri olan Blade,\u00a0yeni bir filmle beyazperdeye geri d\u00f6necek. \u00dcstelik, ba\u015frol\u00fcn bir kad\u0131n olaca\u011f\u0131 s\u00f6ylentileri de var. Bu \u00e7\u0131lg\u0131n iddia k\u0131sa bir s\u00fcre \u00f6nce ortaya at\u0131ld\u0131. 2011\u00a0y\u0131l\u0131nda Blade\u2019in t\u00fcm haklar\u0131n\u0131 sat\u0131n alan Marvel\u2019\u0131n, 2013\u2019te Blade i\u00e7in tamamlanm\u0131\u015f bir senaryosu oldu\u011fu s\u00f6ylenegelmi\u015fti. G\u00f6r\u00fcnen o ki, Marvel art\u0131k\u00a0i\u015fi ciddiye bindirmi\u015f. [&hellip;]<\/p>\n","protected":false},"author":65,"featured_media":46109,"comment_status":"open","ping_status":"closed","sticky":false,"template":"","format":"standard","meta":{"_acf_changed":false,"footnotes":""},"categories":[36],"tags":[6893,5353,6894,6010,6891,440,6892],"class_list":{"0":"post-46057","1":"post","2":"type-post","3":"status-publish","4":"format-standard","5":"has-post-thumbnail","7":"category-fantastik-perde","8":"tag-bicagin-iki-yuzu","9":"tag-blade","10":"tag-blade-4","11":"tag-comic-con-2015","12":"tag-fallon-grey","13":"tag-marvel","14":"tag-wesley-snipes","15":"kose_yazari-bahri-dogukan-sahin"},"acf":[],"_links":{"self":[{"href":"https:\/\/www.kayiprihtim.org\/portal\/wp-json\/wp\/v2\/posts\/46057","targetHints":{"allow":["GET"]}}],"collection":[{"href":"https:\/\/www.kayiprihtim.org\/portal\/wp-json\/wp\/v2\/posts"}],"about":[{"href":"https:\/\/www.kayiprihtim.org\/portal\/wp-json\/wp\/v2\/types\/post"}],"author":[{"embeddable":true,"href":"https:\/\/www.kayiprihtim.org\/portal\/wp-json\/wp\/v2\/users\/65"}],"replies":[{"embeddable":true,"href":"https:\/\/www.kayiprihtim.org\/portal\/wp-json\/wp\/v2\/comments?post=46057"}],"version-history":[{"count":0,"href":"https:\/\/www.kayiprihtim.org\/portal\/wp-json\/wp\/v2\/posts\/46057\/revisions"}],"wp:featuredmedia":[{"embeddable":true,"href":"https:\/\/www.kayiprihtim.org\/portal\/wp-json\/wp\/v2\/media\/46109"}],"wp:attachment":[{"href":"https:\/\/www.kayiprihtim.org\/portal\/wp-json\/wp\/v2\/media?parent=46057"}],"wp:term":[{"taxonomy":"category","embeddable":true,"href":"https:\/\/www.kayiprihtim.org\/portal\/wp-json\/wp\/v2\/categories?post=46057"},{"taxonomy":"post_tag","embeddable":true,"href":"https:\/\/www.kayiprihtim.org\/portal\/wp-json\/wp\/v2\/tags?post=46057"}],"curies":[{"name":"wp","href":"https:\/\/api.w.org\/{rel}","templated":true}]}}