{"id":46889,"date":"2015-09-11T10:29:19","date_gmt":"2015-09-11T07:29:19","guid":{"rendered":"http:\/\/www.kayiprihtim.org\/portal\/?p=46889"},"modified":"2015-09-11T10:29:19","modified_gmt":"2015-09-11T07:29:19","slug":"tess-gerritsenin-yorunge-adli-romani-marti-etiketiyle-yeniden-basildi","status":"publish","type":"post","link":"https:\/\/www.kayiprihtim.org\/portal\/2015\/09\/11\/tess-gerritsenin-yorunge-adli-romani-marti-etiketiyle-yeniden-basildi\/","title":{"rendered":"Tess Gerritsen&#8217;in &#8220;Y\u00f6r\u00fcnge&#8221; Adl\u0131 Roman\u0131, Mart\u0131 Etiketiyle Yeniden Bas\u0131ld\u0131"},"content":{"rendered":"<p><img fetchpriority=\"high\" decoding=\"async\" class=\"aligncenter size-full wp-image-46945\" src=\"https:\/\/www.kayiprihtim.org\/portal\/gorsel\/2015\/09\/gerritsen-yorunge-ust.jpg\" alt=\"gerritsen-yorunge-ust\" width=\"467\" height=\"281\" srcset=\"https:\/\/www.kayiprihtim.org\/portal\/gorsel\/2015\/09\/gerritsen-yorunge-ust.jpg 500w, https:\/\/www.kayiprihtim.org\/portal\/gorsel\/2015\/09\/gerritsen-yorunge-ust-300x181.jpg 300w\" sizes=\"(max-width: 467px) 100vw, 467px\" \/><\/p>\n<p><span style=\"font-size: 12pt;\"><strong>Polisiye ve gerilimin \u00f6nde gelen ve \u00e7ok satan isimlerinden <span style=\"color: #993300;\">Tess Gerritsen <\/span>imzal\u0131 <span style=\"color: #993300;\">Y\u00f6r\u00fcnge<\/span>,<span style=\"color: #993300;\">\u00a0<\/span>bu defa <span style=\"color: #993300;\">Mart\u0131 Yay\u0131nlar\u0131<\/span> etiketiyle yeniden raflardaki yerini almaya haz\u0131rlan\u0131yor.<\/strong><\/span><\/p>\n<p><b>Hasat <\/b>ve\u00a0<strong>Cerrah <\/strong>gibi polisiye &#8211; gerilim t\u00fcr\u00fcnden eserleriyle tan\u0131d\u0131\u011f\u0131m\u0131z <span style=\"color: #993300; font-size: 12pt;\"><b>Tess Gerritsen<\/b><\/span>\u2019in bilimkurgu t\u00fcr\u00fcndeki <span style=\"font-size: 12pt; color: #993300;\"><b>Y\u00f6r\u00fcnge<\/b><\/span>\u00a0adl\u0131 roman\u0131, daha \u00f6nce \u00fclkemizde <em><b>Bilge K\u00fclt\u00fcr Sanat Yay\u0131nlar\u0131<\/b> <\/em>etiketiyle yay\u0131nlanm\u0131\u015ft\u0131; fakat kitaba ula\u015fmak kolay de\u011fildi.<\/p>\n<p><strong>Y\u00f6r\u00fcnge<\/strong>\u2019yi\u00a0yazmak i\u00e7in be\u015f ay ara\u015ft\u0131rma yapt\u0131\u011f\u0131n\u0131, bir hafta da <strong>NASA<\/strong>\u2019da kal\u0131p astronotlarla ve uzay m\u00fchendisleriyle vakit ge\u00e7irdi\u011fini belirten yazar, kitab\u0131nda <strong>Uluslararas\u0131 Uzay \u0130stasyonu<\/strong>\u2019nda kontrolden \u00e7\u0131km\u0131\u015f bir vir\u00fcsle m\u00fccadeleyi anlat\u0131yor.<\/p>\n<p>Roman, ge\u00e7ti\u011fimiz y\u0131l mahkemelik olmas\u0131yla da g\u00fcndeme gelmi\u015fti. <span style=\"font-size: 12pt; color: #993300;\"><strong>Gerritsen<\/strong><\/span>, 2014 y\u0131l\u0131nda yedi dalda Oscar<b>\u00a0<\/b>alan <em><b>Gravity<\/b><\/em> filminin kendi kitab\u0131ndan \u00e7al\u0131nd\u0131\u011f\u0131n\u0131 iddia ederek <b>Warner Bros.<\/b> \u015firketine dava a\u00e7m\u0131\u015ft\u0131.<\/p>\n<p>Kitab\u0131n tan\u0131t\u0131m yaz\u0131s\u0131na g\u00f6z atacak olursak:<\/p>\n<blockquote>\n<p><a href=\"https:\/\/www.kayiprihtim.org\/portal\/kitap\/yorunge\/\" target=\"_blank\"><img decoding=\"async\" class=\"alignright size-medium wp-image-46901\" src=\"https:\/\/www.kayiprihtim.org\/portal\/gorsel\/2015\/09\/yorunge-193x300.jpg\" alt=\"yorunge\" width=\"193\" height=\"300\" srcset=\"https:\/\/www.kayiprihtim.org\/portal\/gorsel\/2015\/09\/yorunge-193x300.jpg 193w, https:\/\/www.kayiprihtim.org\/portal\/gorsel\/2015\/09\/yorunge.jpg 350w\" sizes=\"(max-width: 193px) 100vw, 193px\" \/><\/a>Bu \u00f6yk\u00fcde k\u00f6t\u00fc adamlar yok, sadece kahramanlar var.<\/p>\n<p>Kozmik tozlar, uzay\u0131n so\u011fuk, karanl\u0131k yerlerinden gelen ele avuca s\u0131\u011fmayan gezginler, yakla\u015fan biyolojik tehlikenin heyecan\u0131na kar\u0131\u015fan duygusal ili\u015fkiler ve k\u00fc\u00e7\u00fck, g\u00fczel mavi k\u00fcreden \u00e7ok uzakta ba\u015flayan bir gerilim\u2026 Tess Geritsen bu kez bamba\u015fka bir y\u00f6r\u00fcngede yaz\u0131yor.<\/p>\n<p>Dr. Emma Watson, mesle\u011finde h\u0131zla y\u00fckselmi\u015f bir ara\u015ft\u0131rmac\u0131d\u0131r ve nihayet uzun zamand\u0131r d\u00fc\u015fledi\u011fi bir deney \u00fczerinde \u00e7al\u0131\u015fma f\u0131rsat\u0131n\u0131 yakalam\u0131\u015ft\u0131r. Bu deney i\u00e7in yapaca\u011f\u0131 uzay yolculu\u011fu art\u0131k bitmek \u00fczere olan evlili\u011finden daha \u00f6nemlidir. Yer\u00e7ekimsiz ortam\u0131n farkl\u0131 canl\u0131 t\u00fcrleri \u00fczerindeki etkilerini incelemek i\u00e7in Uluslararas\u0131 Uzay \u0130stasyonu\u2019na g\u00f6nderilir. Ne var ki birtak\u0131m aksakl\u0131klar olur ve i\u015flerin kontrolden \u00e7\u0131kmas\u0131yla deney son derece tehlikeli bir biyolojik sava\u015fa d\u00f6n\u00fc\u015f\u00fcr.<br \/>\nEmma\u2019y\u0131 hem b\u00fcy\u00fcl\u00fc uzay yolculu\u011funda hem de d\u00fcnyada zorlu bir m\u00fccadele beklemektedir.<\/p>\n<\/blockquote>\n<p style=\"text-align: justify;\"><em><b>Cumhur M\u0131s\u0131rl\u0131o\u011flu<\/b><\/em>\u2019nun \u00e7evirdi\u011fi, <em><b>\u00c7i\u011fdem Aldatmaz<\/b><\/em>\u2019\u0131n edit\u00f6rl\u00fc\u011f\u00fcn\u00fc yapt\u0131\u011f\u0131 kitab\u0131n k\u00fcnye bilgilerine\u00a0<span style=\"font-size: 12pt; color: #993300;\"><b><a style=\"color: #993300;\" href=\"https:\/\/www.kayiprihtim.org\/portal\/kitap\/yorunge\/\" target=\"_blank\">buradan<\/a> <\/b><\/span>ula\u015fabilirsiniz.<\/p>\n","protected":false},"excerpt":{"rendered":"<p>Polisiye ve gerilimin \u00f6nde gelen ve \u00e7ok satan isimlerinden Tess Gerritsen imzal\u0131 Y\u00f6r\u00fcnge,\u00a0bu defa Mart\u0131 Yay\u0131nlar\u0131 etiketiyle yeniden raflardaki yerini almaya haz\u0131rlan\u0131yor. Hasat ve\u00a0Cerrah gibi polisiye &#8211; gerilim t\u00fcr\u00fcnden eserleriyle tan\u0131d\u0131\u011f\u0131m\u0131z Tess Gerritsen\u2019in bilimkurgu t\u00fcr\u00fcndeki Y\u00f6r\u00fcnge\u00a0adl\u0131 roman\u0131, daha \u00f6nce \u00fclkemizde Bilge K\u00fclt\u00fcr Sanat Yay\u0131nlar\u0131 etiketiyle yay\u0131nlanm\u0131\u015ft\u0131; fakat kitaba ula\u015fmak kolay de\u011fildi. Y\u00f6r\u00fcnge\u2019yi\u00a0yazmak i\u00e7in be\u015f ay [&hellip;]<\/p>\n","protected":false},"author":73,"featured_media":46945,"comment_status":"open","ping_status":"closed","sticky":false,"template":"","format":"standard","meta":{"_acf_changed":false,"footnotes":""},"categories":[80],"tags":[1388,3451,595,7189],"class_list":{"0":"post-46889","1":"post","2":"type-post","3":"status-publish","4":"format-standard","5":"has-post-thumbnail","7":"category-bilim-kurgu","8":"tag-marti-kitabevi","9":"tag-tess-gerritsen","10":"tag-warner-bros","11":"tag-yorunge","12":"kose_yazari-turker-sirin-tr23"},"acf":[],"_links":{"self":[{"href":"https:\/\/www.kayiprihtim.org\/portal\/wp-json\/wp\/v2\/posts\/46889","targetHints":{"allow":["GET"]}}],"collection":[{"href":"https:\/\/www.kayiprihtim.org\/portal\/wp-json\/wp\/v2\/posts"}],"about":[{"href":"https:\/\/www.kayiprihtim.org\/portal\/wp-json\/wp\/v2\/types\/post"}],"author":[{"embeddable":true,"href":"https:\/\/www.kayiprihtim.org\/portal\/wp-json\/wp\/v2\/users\/73"}],"replies":[{"embeddable":true,"href":"https:\/\/www.kayiprihtim.org\/portal\/wp-json\/wp\/v2\/comments?post=46889"}],"version-history":[{"count":0,"href":"https:\/\/www.kayiprihtim.org\/portal\/wp-json\/wp\/v2\/posts\/46889\/revisions"}],"wp:featuredmedia":[{"embeddable":true,"href":"https:\/\/www.kayiprihtim.org\/portal\/wp-json\/wp\/v2\/media\/46945"}],"wp:attachment":[{"href":"https:\/\/www.kayiprihtim.org\/portal\/wp-json\/wp\/v2\/media?parent=46889"}],"wp:term":[{"taxonomy":"category","embeddable":true,"href":"https:\/\/www.kayiprihtim.org\/portal\/wp-json\/wp\/v2\/categories?post=46889"},{"taxonomy":"post_tag","embeddable":true,"href":"https:\/\/www.kayiprihtim.org\/portal\/wp-json\/wp\/v2\/tags?post=46889"}],"curies":[{"name":"wp","href":"https:\/\/api.w.org\/{rel}","templated":true}]}}