{"id":47007,"date":"2015-09-13T09:53:12","date_gmt":"2015-09-13T06:53:12","guid":{"rendered":"http:\/\/www.kayiprihtim.org\/portal\/?p=47007"},"modified":"2015-09-15T02:22:31","modified_gmt":"2015-09-14T23:22:31","slug":"murakaminin-1q84u-3-cilt-halinde-yeniden-yayimlaniyor","status":"publish","type":"post","link":"https:\/\/www.kayiprihtim.org\/portal\/2015\/09\/13\/murakaminin-1q84u-3-cilt-halinde-yeniden-yayimlaniyor\/","title":{"rendered":"Murakami&#8217;nin &#8220;1Q84&#8243;\u00fc 3 Cilt Halinde Yeniden Yay\u0131mlan\u0131yor"},"content":{"rendered":"<p><img fetchpriority=\"high\" decoding=\"async\" class=\"aligncenter size-full wp-image-47047\" src=\"https:\/\/www.kayiprihtim.org\/portal\/gorsel\/2015\/09\/murakami-1q84.jpg\" alt=\"murakami-1q84\" width=\"467\" height=\"297\" srcset=\"https:\/\/www.kayiprihtim.org\/portal\/gorsel\/2015\/09\/murakami-1q84.jpg 500w, https:\/\/www.kayiprihtim.org\/portal\/gorsel\/2015\/09\/murakami-1q84-300x191.jpg 300w\" sizes=\"(max-width: 467px) 100vw, 467px\" \/><\/p>\n<p><strong><span style=\"font-size: 12pt;\">\u00dcnl\u00fc Japon yazar <span style=\"color: #993300;\">Haruki Murakami<\/span>\u2019nin en \u00f6nemli eserlerinden biri olarak kabul g\u00f6ren\u00a0&#8220;<span style=\"color: #993300;\">1Q84<\/span>,&#8221; \u00fc\u00e7e\u00a0b\u00f6l\u00fcnerek yeniden bas\u0131l\u0131yor.<\/span><\/strong><\/p>\n<p><strong><a href=\"https:\/\/www.kayiprihtim.org\/portal\/yayinevi\/dogan-kitap\/\" target=\"_blank\">Do\u011fan Kitap<\/a><\/strong>, b\u00fcy\u00fck bir h\u0131zla <span style=\"font-size: 12pt;\"><a href=\"https:\/\/www.kayiprihtim.org\/portal\/yazar\/haruki-murakami\/\" target=\"_blank\"><span style=\"color: #993300;\"><strong>Murakami<\/strong><\/span> <\/a><\/span>kitaplar\u0131n\u0131 dilimize \u00e7evirmeye devam ediyor bildi\u011finiz \u00fczere. En son ge\u00e7ti\u011fimiz ay yazar\u0131n k\u0131sa \u00f6yk\u00fcs\u00fc &#8220;<strong><a href=\"https:\/\/www.kayiprihtim.org\/portal\/kitap\/uyku\/\" target=\"_blank\">Uyku<\/a><\/strong>&#8220;, <em><strong>Kat Menschik<\/strong><\/em>\u2019in ill\u00fcstrasyonlar\u0131 ile <strong><a href=\"https:\/\/www.kayiprihtim.org\/portal\/2015\/08\/19\/murakaminin-uykusu-artik-turkce\/\" target=\"_blank\">yay\u0131mlanm\u0131\u015ft\u0131<\/a><\/strong><em><strong>\u00a0<\/strong><\/em>ve fiyat\u0131 y\u00fcz\u00fcnden de bir hayli ele\u015ftirilmi\u015fti.<\/p>\n<div class=\"text_exposed_show\">\n<p><em><strong>1Q84<\/strong><\/em>, <em><strong>Sahilde Kafka<\/strong><\/em>, <em><strong>Yaban Koyununun \u0130zinde<\/strong><\/em>, <em><strong>Ha\u015flanm\u0131\u015f Harikalar Diyar\u0131 ve D\u00fcnyan\u0131n Sonu<\/strong><\/em> gibi kitaplar\u0131 ba\u015fta olmak \u00fczere, bir\u00e7ok \u00f6nemli yap\u0131ta imza atm\u0131\u015f olan <strong><span style=\"color: #993300;\">Murakami<\/span><\/strong>\u2019nin \u00fcn\u00fc <em>Japonya<\/em>\u2019dan d\u00fcnyaya dalga dalga yay\u0131lm\u0131\u015f ve kitaplar\u0131 yay\u0131mland\u0131\u011f\u0131 her dilde b\u00fcy\u00fck bir yank\u0131 uyand\u0131rm\u0131\u015ft\u0131. <em>T\u00fcrkiye<\/em> de onlardan biri, zira \u00fclkemizdeki <strong><span style=\"color: #993300;\">Murakami<\/span><\/strong> okurlar\u0131n\u0131n say\u0131s\u0131 hi\u00e7 de az\u0131msanacak\u00a0t\u00fcrden de\u011fil.<\/p>\n<p>Yazar\u0131n kimi \u00e7evrelerce en \u00f6nemli yap\u0131t\u0131 olarak adland\u0131r\u0131lan ve kal\u0131nl\u0131\u011f\u0131yla me\u015fhur \u2018<span style=\"font-size: 12pt;\"><strong><span style=\"color: #993300;\">1Q84<\/span><\/strong><\/span>\u2019\u00fcn bir s\u00fcredir bask\u0131s\u0131 bulunmuyordu. Yay\u0131nevi, kolay okunmas\u0131 a\u00e7\u0131s\u0131ndan yeni bask\u0131s\u0131nda kitab\u0131 <span style=\"text-decoration: underline;\"><strong>3 cilde<\/strong><\/span> b\u00f6lmeyi uygun g\u00f6rm\u00fc\u015f. Biz de bu habere sevinenler aras\u0131nday\u0131z.<\/p>\n<blockquote class=\"twitter-tweet\" data-width=\"550\" data-dnt=\"true\">\n<p lang=\"tr\" dir=\"ltr\">1Q84 \u015fimdi de \u00fc\u00e7 cilt halinde&#8230; <a href=\"http:\/\/t.co\/hDqt4d4ymI\" rel=\"nofollow\">pic.twitter.com\/hDqt4d4ymI<\/a><\/p>\n<p>&mdash; Do\u011fan Kitap (@dogan_kitap) <a href=\"https:\/\/twitter.com\/dogan_kitap\/status\/642269311537647616?ref_src=twsrc%5Etfw\" rel=\"nofollow noopener\" target=\"_blank\">September 11, 2015<\/a><\/p><\/blockquote>\n<p><script async src=\"https:\/\/platform.twitter.com\/widgets.js\" charset=\"utf-8\"><\/script><\/p>\n<p><em><strong>Do\u011fan Kitap<\/strong><\/em> taraf\u0131ndan haz\u0131rlanan yeni tan\u0131t\u0131m metni ise \u015f\u00f6yle:<\/p>\n<blockquote><p>Y\u00fcrekten sevdi\u011fin bir insan varsa, bir ki\u015fi olsun yeter, hayat\u0131n kurtulmu\u015f demektir\u2026<\/p>\n<p>Sars\u0131c\u0131 bir yolculu\u011fa haz\u0131r m\u0131s\u0131n\u0131z?<br \/>\n\u00d6yleyse kemerlerinizi ba\u011flay\u0131n. Erkekleri, titizlikle geli\u015ftirdi\u011fi bir y\u00f6ntemle \u00f6teki d\u00fcnyaya g\u00f6nderen gen\u00e7 bir kad\u0131nla tan\u0131\u015facaks\u0131n\u0131z. Ve amans\u0131z bir takiple onun pe\u015fine d\u00fc\u015fen fanatik bir cemaatin m\u00fcritleriyle\u2026<\/p>\n<p>Romantik misiniz?<br \/>\nEvet, bu kitapta a\u015fk da var\u2026 \u0130ki d\u00fcnya bir araya gelmeden m\u00fcmk\u00fcn olmayan bir a\u015fk.<\/p>\n<p>Ya\u015fad\u0131\u011f\u0131n\u0131z d\u00fcnya ger\u00e7ek mi, hi\u00e7 d\u00fc\u015f\u00fcnd\u00fcn\u00fcz m\u00fc?<br \/>\nD\u00fc\u015f\u00fcnd\u00fcyseniz, paralel bir evrene ge\u00e7mek sizi heyecanland\u0131racakt\u0131r o zaman. Hayat\u0131 alg\u0131lay\u0131\u015f\u0131n\u0131z\u0131 de\u011fi\u015ftirecek bir kitab\u0131n kapa\u011f\u0131n\u0131 a\u00e7mak \u00fczeresiniz \u015fu an.<\/p>\n<p>Ya\u015fayan en b\u00fcy\u00fck yazarlardan biri olarak kabul edilen Haruki Murakami ba\u015fyap\u0131t\u0131, t\u00fcm d\u00fcnyada milyonlarca satan kitab\u0131 1Q84\u2019le bir imk\u00e2ns\u0131z\u0131 ba\u015far\u0131yor. Nefesinizi kesecek bir macera roman\u0131n\u0131, ger\u00e7ek nedir, insan neye inanmal\u0131, a\u015fk d\u00fcnyay\u0131 kurtarabilir mi sorular\u0131 ekseninde bir y\u00fcrek atlas\u0131na d\u00f6n\u00fc\u015ft\u00fcr\u00fcyor.<\/p><\/blockquote>\n<p><em><strong>3 ciltlik<\/strong><\/em> versiyonunu be\u011fenmeyip, tercihini tek ciltten yana kullanacak olanlar da vard\u0131r mutlaka. O ki\u015filer i\u00e7in ikinci\u00a0g\u00fczel haberi verelim \u00f6yleyse: Yay\u0131nevi tek ciltlik versiyonun da bask\u0131s\u0131n\u0131\u00a0yeniledi.<\/p>\n<p>Hen\u00fcz <span style=\"font-size: 12pt;\"><strong><span style=\"color: #993300;\">Murakami<\/span><\/strong> <\/span>okumam\u0131\u015f olanlar i\u00e7in g\u00fczel bir f\u0131rsat olan <span style=\"font-size: 12pt;\"><strong><span style=\"color: #993300;\">1Q84<\/span><\/strong><\/span>\u2019\u00fcn \u00e7evirisini \u00fcstlenen ki\u015fi <em><strong><a href=\"https:\/\/www.kayiprihtim.org\/portal\/cevirmen\/huseyin-can-erkin\/\" target=\"_blank\">H\u00fcseyin Can Erkin<\/a><\/strong><\/em>. 3 cilt de\u00a0<em><strong><a href=\"https:\/\/www.kayiprihtim.org\/portal\/yayinevi\/dogan-kitap\/\" target=\"_blank\">Do\u011fan Kitap<\/a><\/strong><\/em> etiketiyle raflarda.<\/p>\n<\/div>\n","protected":false},"excerpt":{"rendered":"<p>\u00dcnl\u00fc Japon yazar Haruki Murakami\u2019nin en \u00f6nemli eserlerinden biri olarak kabul g\u00f6ren\u00a0&#8220;1Q84,&#8221; \u00fc\u00e7e\u00a0b\u00f6l\u00fcnerek yeniden bas\u0131l\u0131yor. Do\u011fan Kitap, b\u00fcy\u00fck bir h\u0131zla Murakami kitaplar\u0131n\u0131 dilimize \u00e7evirmeye devam ediyor bildi\u011finiz \u00fczere. En son ge\u00e7ti\u011fimiz ay yazar\u0131n k\u0131sa \u00f6yk\u00fcs\u00fc &#8220;Uyku&#8220;, Kat Menschik\u2019in ill\u00fcstrasyonlar\u0131 ile yay\u0131mlanm\u0131\u015ft\u0131\u00a0ve fiyat\u0131 y\u00fcz\u00fcnden de bir hayli ele\u015ftirilmi\u015fti. 1Q84, Sahilde Kafka, Yaban Koyununun \u0130zinde, Ha\u015flanm\u0131\u015f Harikalar [&hellip;]<\/p>\n","protected":false},"author":65,"featured_media":47047,"comment_status":"open","ping_status":"closed","sticky":false,"template":"","format":"standard","meta":{"_acf_changed":false,"footnotes":""},"categories":[6653],"tags":[6728,587,1501,6731,3654,6729,6730],"class_list":{"0":"post-47007","1":"post","2":"type-post","3":"status-publish","4":"format-standard","5":"has-post-thumbnail","7":"category-baska-kurgular","8":"tag-1q84","9":"tag-dogan-kitap","10":"tag-haruki-murakami","11":"tag-haslanmis-harikalar-diyari-ve-dunyanin-sonu","12":"tag-huseyin-can-erkin","13":"tag-sahilde-kafka","14":"tag-yaban-koyununun-izinde","15":"kose_yazari-bahri-dogukan-sahin"},"acf":[],"_links":{"self":[{"href":"https:\/\/www.kayiprihtim.org\/portal\/wp-json\/wp\/v2\/posts\/47007","targetHints":{"allow":["GET"]}}],"collection":[{"href":"https:\/\/www.kayiprihtim.org\/portal\/wp-json\/wp\/v2\/posts"}],"about":[{"href":"https:\/\/www.kayiprihtim.org\/portal\/wp-json\/wp\/v2\/types\/post"}],"author":[{"embeddable":true,"href":"https:\/\/www.kayiprihtim.org\/portal\/wp-json\/wp\/v2\/users\/65"}],"replies":[{"embeddable":true,"href":"https:\/\/www.kayiprihtim.org\/portal\/wp-json\/wp\/v2\/comments?post=47007"}],"version-history":[{"count":0,"href":"https:\/\/www.kayiprihtim.org\/portal\/wp-json\/wp\/v2\/posts\/47007\/revisions"}],"wp:featuredmedia":[{"embeddable":true,"href":"https:\/\/www.kayiprihtim.org\/portal\/wp-json\/wp\/v2\/media\/47047"}],"wp:attachment":[{"href":"https:\/\/www.kayiprihtim.org\/portal\/wp-json\/wp\/v2\/media?parent=47007"}],"wp:term":[{"taxonomy":"category","embeddable":true,"href":"https:\/\/www.kayiprihtim.org\/portal\/wp-json\/wp\/v2\/categories?post=47007"},{"taxonomy":"post_tag","embeddable":true,"href":"https:\/\/www.kayiprihtim.org\/portal\/wp-json\/wp\/v2\/tags?post=47007"}],"curies":[{"name":"wp","href":"https:\/\/api.w.org\/{rel}","templated":true}]}}