{"id":47138,"date":"2016-01-27T10:50:16","date_gmt":"2016-01-27T08:50:16","guid":{"rendered":"http:\/\/www.kayiprihtim.org\/portal\/?p=47138"},"modified":"2016-01-27T11:06:22","modified_gmt":"2016-01-27T09:06:22","slug":"blade-runner-2-ilk-filmle-baglantili-olacak","status":"publish","type":"post","link":"https:\/\/www.kayiprihtim.org\/portal\/2016\/01\/27\/blade-runner-2-ilk-filmle-baglantili-olacak\/","title":{"rendered":"G\u00fcncelleme: Blade Runner 2&#8217;nin \u00c7ekim Tarihi Belli Oldu"},"content":{"rendered":"<p><img fetchpriority=\"high\" decoding=\"async\" class=\"aligncenter size-full wp-image-47142\" src=\"https:\/\/www.kayiprihtim.org\/portal\/gorsel\/2015\/09\/blade-runner.jpg\" alt=\"blade-runner\" width=\"467\" height=\"264\" srcset=\"https:\/\/www.kayiprihtim.org\/portal\/gorsel\/2015\/09\/blade-runner.jpg 500w, https:\/\/www.kayiprihtim.org\/portal\/gorsel\/2015\/09\/blade-runner-300x170.jpg 300w\" sizes=\"(max-width: 467px) 100vw, 467px\" \/><\/p>\n<p><span style=\"font-size: 12pt;\"><strong><span style=\"text-decoration: underline;\"><em><span style=\"color: #993300; text-decoration: underline;\">G\u00fcncelleme (27.01.2016):<\/span><\/em><\/span> <span style=\"color: #993300;\">Blade Runner<\/span>\u2019\u0131n merakla beklenen devam filminin \u00e7ekimlerine ne zaman ba\u015flanaca\u011f\u0131 nihayet a\u00e7\u0131kland\u0131.<\/strong><\/span><\/p>\n<p>Denis\u00a0Villeneuve ve Ridley Scott\u2019\u0131n birlikte y\u00f6netece\u011fi <span style=\"color: #993300; font-size: 12pt;\"><strong>Blade Runner 2<\/strong><\/span> filminin \u00e7ekimlerine bu temmuzda ba\u015flanaca\u011f\u0131 a\u00e7\u0131kland\u0131. Dahas\u0131, Sony Pictures da filmin da\u011f\u0131t\u0131mc\u0131s\u0131 rol\u00fcn\u00fc \u00fcstlendi.<\/p>\n<p><strong>Harrison Ford<\/strong> ile <strong>Ryan Gosling<\/strong>\u2019in ba\u015frollerini payla\u015faca\u011f\u0131 yap\u0131m, ilkinden 30 y\u0131l sonras\u0131n\u0131 konu alacak ve olaylar ilk filmin devam\u0131 niteli\u011fini ta\u015f\u0131yacak.<\/p>\n<p>\u0130lk filmin malum sonu d\u00fc\u015f\u00fcn\u00fcld\u00fc\u011f\u00fcnde Harrison Ford\u2019un canland\u0131rd\u0131\u011f\u0131 <strong>Rick Deckard<\/strong>\u2019\u0131n Ryan Gosling\u2019le birlikte mi \u00e7al\u0131\u015faca\u011f\u0131n\u0131 yoksa bu kez av konumunda m\u0131 olaca\u011f\u0131n\u0131 \u00e7ok merak ediyoruz do\u011frusu!<\/p>\n<p>Geli\u015fmeleri aktarmaya devam edece\u011fiz,\u00a0al\u0131c\u0131lar\u0131n\u0131z\u0131n ayar\u0131yla oynamay\u0131n.<\/p>\n<p><span style=\"font-size: 12pt;\"><strong><span style=\"text-decoration: underline;\"><span style=\"color: #993300; text-decoration: underline;\"><em>Orijinal Haber (15.09.2015):<\/em><\/span><\/span> Blade Runner 2, \u0130lk Filmle Ba\u011flant\u0131l\u0131 Olacak<\/strong><\/span><\/p>\n<p><span style=\"font-size: 12pt;\"><strong>Y\u00f6netmen <span style=\"color: #993300;\">Denis Villeneuve<\/span> herkesin merakla bekledi\u011fi <span style=\"color: #993300;\">Blade Runner 2<\/span> hakk\u0131nda ilgin\u00e7 a\u00e7\u0131klamalarda bulundu.<\/strong><\/span><\/p>\n<p>Bilimkurguyla ha\u015f\u0131r ne\u015fir olup da <span style=\"color: #993300; font-size: 12pt;\"><strong>Blade Runner<\/strong><\/span>\u2019\u0131 <em>(B\u0131\u00e7ak S\u0131rt\u0131)<\/em> duymayan yoktur herhalde\u2026 <strong><a href=\"https:\/\/www.kayiprihtim.org\/portal\/yazar\/philip-k-dick\/\" target=\"_blank\">Philip K. Dick<\/a><\/strong>\u2019in <strong>Androidler Elektrikli Koyun D\u00fc\u015fler Mi?<\/strong> adl\u0131 eserinden uyarlanan film, kitapla aras\u0131nda \u00e7ok bariz farkl\u0131l\u0131klar olmas\u0131na ra\u011fmen sinema tarihinin k\u00fclt yap\u0131mlar\u0131ndan biri olarak kabul edilir.<\/p>\n<p>Sizlerinde bildi\u011fi gibi y\u00f6netmen <strong>Ridley Scott<\/strong> uzun zamand\u0131r bir devam filmi \u00fczerinde <strong><a href=\"https:\/\/www.kayiprihtim.org\/portal\/2011\/08\/22\/blade-runner-geri-donuyor\/\" target=\"_blank\">\u00e7al\u0131\u015f\u0131yordu<\/a><\/strong>. \u00d6nce ilk filmin senaristi <strong>Hampton Fancher<\/strong>\u2019la birlikte senaryo yaz\u0131ld\u0131, ard\u0131ndan <span style=\"color: #993300; font-size: 12pt;\"><strong>Harrison Ford<\/strong><\/span>\u2019un bir kez daha <strong><em>Rick Deckard<\/em><\/strong> rol\u00fcn\u00fc oynayaca\u011f\u0131 a\u00e7\u0131kland\u0131. Derken <strong>Ridley Scott<\/strong> beklenmedik bir \u015fekilde filmin y\u00f6netmenlik koltu\u011fundan ayr\u0131ld\u0131\u011f\u0131n\u0131 ama yerine \u00e7ok yetenekli birini buldu\u011funu duyurdu: <span style=\"color: #993300; font-size: 12pt;\"><strong>Denis Villeneuve<\/strong><\/span>.<\/p>\n<p>Bu a\u00e7\u0131klama bizler i\u00e7in biraz kafa kar\u0131\u015ft\u0131r\u0131c\u0131 oldu elbette. Her ne kadar <strong>Villeneuve<\/strong>\u2019\u00fcn kariyerinde \u00e7ok ba\u015far\u0131l\u0131 yap\u0131mlar <em>(\u0130\u00e7imdeki Yang\u0131n, Tutsak, D\u00fc\u015fman)<\/em> ve <em><strong>Oscar \u00d6d\u00fcl\u00fc<\/strong><\/em> adayl\u0131\u011f\u0131 olsa da kendisi hi\u00e7 bilimkurgu \u00e7ekmemi\u015fti. Bu i\u015f do\u011fru ki\u015fi miydi? Bir efsanenin devam\u0131n\u0131 \u00e7ekme y\u00fck\u00fcn\u00fc omuzlayabilecek miydi?<\/p>\n<p>\u0130\u015fte bu sorular\u0131n ve \u00e7ok daha fazlas\u0131n\u0131n yan\u0131t\u0131n\u0131 ba\u015far\u0131l\u0131 y\u00f6netmenin ge\u00e7ti\u011fimiz g\u00fcnlerde <a href=\"http:\/\/collider.com\/blade-runner-2-director-denis-villeneuve-talks-sci-fi-sequel-harrison-ford\/?utm_campaign=collidersocial&amp;utm_source=twitter&amp;utm_medium=social\" target=\"_blank\" rel=\"nofollow noopener\"><em><strong>Collider<\/strong> <\/em><\/a>ile ger\u00e7ekle\u015ftirdi\u011fi bir r\u00f6portaj sayesinde alm\u0131\u015f olduk. \u0130\u015fte o r\u00f6portajdan sizler i\u00e7in se\u00e7ti\u011fimiz baz\u0131 ba\u015fl\u0131klar:<\/p>\n<blockquote><p>Bu kendi kendine ayakta durabilen bir film olacak, ama ayn\u0131 zamanda \u00f6nceki filmle aras\u0131nda baz\u0131 ba\u011flant\u0131lar da bulunacak. Bu konu hakk\u0131nda \u00e7ok fazla konu\u015famam. Fakat s\u00f6yleyebilece\u011fim tek \u015fey benim orijinal filmle, Ridley Scott\u2019\u0131n sevmedi\u011fi versiyonla b\u00fcy\u00fcd\u00fc\u011f\u00fcm. [\u2026] Ayr\u0131ca daha \u00f6nce yap\u0131lanlara da sayg\u0131 duymal\u0131s\u0131n\u0131z. O y\u00fczden ilk filme sad\u0131k kalmak ile Blade Runner evreninde mant\u0131kl\u0131 olacak yeni \u015feyler getirmek aras\u0131ndaki dengeyi bulmak zorundas\u0131n\u0131z.<\/p><\/blockquote>\n<p><span style=\"color: #993300; font-size: 12pt;\"><strong>Denis Villeneuve<\/strong><\/span> \u00fczerinde bask\u0131 olup olmad\u0131\u011f\u0131, kendini tedirgin hissedip hissetmedi\u011fiyle ilgili bir soruya ise samimi bir yan\u0131t veriyor:<\/p>\n<blockquote><p>Hissetti\u011fim \u015fey sadece tedirginlik de\u011fil, derin bir korku. Demek istedi\u011fim, Ridley Scott\u2019\u0131n Blade Runner evreninde ge\u00e7en ba\u015fka bir film \u00e7ekmek istedi\u011fini duydu\u011fumda verdi\u011fim ilk tepki bunun hem harika bir fikir oldu\u011funu, ama ayn\u0131 zamanda da \u00e7ok k\u00f6t\u00fc bir fikir olabilece\u011fini d\u00fc\u015f\u00fcnmekti. Ben Blade Runner\u2019\u0131n en b\u00fcy\u00fck hayranlar\u0131ndan biriyim. Blade Runner en \u00e7ok sevdi\u011fim filmlerden biridir. Sinemaya duydu\u011fum sevgiyi ve tutkuyu ba\u015flatan film odur. [\u2026] Bu y\u00fczden bir g\u00fcn \u00f6n\u00fcme Blade Runner projesinin senaryosunu koyduklar\u0131n\u0131 fark etti\u011fimde bu onura eri\u015fti\u011fim i\u00e7in \u00e7ok duyguland\u0131m. Ama filmi \u00e7ekmeyi kabul etmemin nedeni Hampton Fancher, Ridely Scott ve Michael Green\u2019in fantastik bir senaryo ortaya \u00e7\u0131kard\u0131\u011f\u0131n\u0131 d\u00fc\u015f\u00fcnmemdi. \u00c7ok g\u00fc\u00e7l\u00fc bir senaryo. Bana mant\u0131kl\u0131 geldi, ayr\u0131ca Ridley Scott\u2019\u0131n r\u0131zas\u0131n\u0131 da alm\u0131\u015ft\u0131m.<\/p>\n<p>Ama teredd\u00fct edip etmedi\u011fimi soruyorsunuz. \u00c7ok b\u00fcy\u00fck bir teredd\u00fct ya\u015fad\u0131m. Evet demeden \u00f6nce aradan uzun zaman ge\u00e7mesi gerekti. Filme inanmad\u0131\u011f\u0131m i\u00e7in de\u011fil, \u00e7\u00fcnk\u00fc \u201cBen kimim de buna dokunmaya cesaret edebiliyorum?\u201d diye d\u00fc\u015f\u00fcn\u00fcyordum.<\/p><\/blockquote>\n<p>G\u00f6rd\u00fc\u011f\u00fcn\u00fcz gibi sadece ba\u015far\u0131l\u0131 bir y\u00f6netmen de\u011fil, ger\u00e7ek bir <span style=\"color: #993300; font-size: 12pt;\"><strong>Blade Runner<\/strong><\/span> hayran\u0131 var ka\u015f\u0131m\u0131zda. Ki bu olduk\u00e7a iyiye i\u015faret. Eski film(ler)e sayg\u0131 g\u00f6sterecek olmas\u0131 endi\u015felerimizi hat\u0131r\u0131 say\u0131l\u0131r \u00f6l\u00e7\u00fcde giderdi\u011fi gibi, yap\u0131mda bir \u00e7ok g\u00f6ndermeyle kar\u015f\u0131la\u015fabilece\u011fimiz anlam\u0131na da geliyor bu. Ancak kendisinden son zamanlarda moda oldu\u011funun aksine set foto\u011fraflar\u0131 beklemeyin. \u00c7\u00fcnk\u00fc <strong>Villeneuve<\/strong> bu gelenekten ho\u015flanmad\u0131\u011f\u0131n\u0131 a\u00e7\u0131k\u00e7a belirtiyor:<\/p>\n<blockquote><p>Ne kadar az \u015fey bilirseniz film de o kadar ilgin\u00e7 olacak\u2026 Heyecan\u0131n\u0131z\u0131 anl\u0131yorum, fakat bir film \u00e2\u015f\u0131\u011f\u0131 olarak sevdi\u011fim bir \u015fey varsa o da sinemada \u00e7ok fazla \u015fey bilmeden oturmak\u2026 Son \u00e7ekti\u011fim filmim ya da ba\u015fka projeler hakk\u0131nda bir \u015feyler sormu\u015f olsayd\u0131n\u0131z yine ayn\u0131 \u015fekilde davran\u0131rd\u0131m. Her zaman s\u00fcrprizleri saklamay\u0131 seven biri olmu\u015fumdur, bunu yapmaya devam edece\u011fim.<\/p><\/blockquote>\n<p>Sizi bilmiyorum ama filmin gelece\u011fi hakk\u0131ndaki t\u00fcm pozitif a\u00e7\u0131klamalar\u0131 bir yana \u015fu son c\u00fcmlesiyle bile kendisine duydu\u011fum sayg\u0131 birka\u00e7 kat daha artt\u0131.<\/p>\n<p>Son olarak <strong>Rick Deckard<\/strong>\u2019\u0131n yan\u0131 s\u0131ra <em><strong>Han Solo, Indiana Jones<\/strong><\/em> ve <em><strong>Dr. Kimble<\/strong><\/em> gibi rollerle kalbimizde ayr\u0131 bir yer edinen <span style=\"color: #993300; font-size: 12pt;\"><strong>Harrison Ford<\/strong><\/span>\u2019a da de\u011finiyor y\u00f6netmen:<\/p>\n<blockquote><p>D\u00fcr\u00fcst olmak gerekirse Harrison Ford benden \u00f6nce de bu filmde yer al\u0131yordu. Ta en ba\u015f\u0131ndan beri Ridley\u2019le birlikte projenin i\u00e7indeydi. Onunla tan\u0131\u015ft\u0131m, tan\u0131d\u0131\u011f\u0131m en iyi insanlardan biri, ayr\u0131ca en \u00e7ok sevdi\u011fim akt\u00f6rlerin aras\u0131nda yer al\u0131yor. Bu y\u00fczden benim i\u00e7in b\u00fcy\u00fck bir zevkti.<\/p><\/blockquote>\n<p><span style=\"color: #993300; font-size: 12pt;\"><strong>Blade Runner 2<\/strong><\/span>\u2019nin \u00e7ekimleri \u00f6n\u00fcm\u00fczdeki y\u0131l\u0131n yaz aylar\u0131nda ba\u015flayacak. Bizler de o zamana dek elektrikli hayvanlar\u0131m\u0131za sar\u0131l\u0131p duygu makinelerimizi \u201cheyecanl\u0131ya\u201d ayarlayaca\u011f\u0131z.<\/p>\n","protected":false},"excerpt":{"rendered":"<p>G\u00fcncelleme (27.01.2016): Blade Runner\u2019\u0131n merakla beklenen devam filminin \u00e7ekimlerine ne zaman ba\u015flanaca\u011f\u0131 nihayet a\u00e7\u0131kland\u0131. Denis\u00a0Villeneuve ve Ridley Scott\u2019\u0131n birlikte y\u00f6netece\u011fi Blade Runner 2 filminin \u00e7ekimlerine bu temmuzda ba\u015flanaca\u011f\u0131 a\u00e7\u0131kland\u0131. Dahas\u0131, Sony Pictures da filmin da\u011f\u0131t\u0131mc\u0131s\u0131 rol\u00fcn\u00fc \u00fcstlendi. Harrison Ford ile Ryan Gosling\u2019in ba\u015frollerini payla\u015faca\u011f\u0131 yap\u0131m, ilkinden 30 y\u0131l sonras\u0131n\u0131 konu alacak ve olaylar ilk filmin [&hellip;]<\/p>\n","protected":false},"author":57,"featured_media":47142,"comment_status":"open","ping_status":"closed","sticky":false,"template":"","format":"standard","meta":{"_acf_changed":false,"footnotes":""},"categories":[36],"tags":[4356,4354,7248,7249,7250,971,926,970,7703,4691],"class_list":{"0":"post-47138","1":"post","2":"type-post","3":"status-publish","4":"format-standard","5":"has-post-thumbnail","7":"category-fantastik-perde","8":"tag-androidler-elektrikli-koyun-dusler-mi","9":"tag-bicak-sirti","10":"tag-blade-runner-2","11":"tag-denis-villeneuve","12":"tag-hampton-fancher","13":"tag-harrison-ford","14":"tag-philip-k-dick","15":"tag-ridley-scott","16":"tag-ryan-gosling","17":"tag-sony-pictures","18":"kose_yazari-m-ihsan-tatari-arsivi"},"acf":[],"_links":{"self":[{"href":"https:\/\/www.kayiprihtim.org\/portal\/wp-json\/wp\/v2\/posts\/47138","targetHints":{"allow":["GET"]}}],"collection":[{"href":"https:\/\/www.kayiprihtim.org\/portal\/wp-json\/wp\/v2\/posts"}],"about":[{"href":"https:\/\/www.kayiprihtim.org\/portal\/wp-json\/wp\/v2\/types\/post"}],"author":[{"embeddable":true,"href":"https:\/\/www.kayiprihtim.org\/portal\/wp-json\/wp\/v2\/users\/57"}],"replies":[{"embeddable":true,"href":"https:\/\/www.kayiprihtim.org\/portal\/wp-json\/wp\/v2\/comments?post=47138"}],"version-history":[{"count":0,"href":"https:\/\/www.kayiprihtim.org\/portal\/wp-json\/wp\/v2\/posts\/47138\/revisions"}],"wp:featuredmedia":[{"embeddable":true,"href":"https:\/\/www.kayiprihtim.org\/portal\/wp-json\/wp\/v2\/media\/47142"}],"wp:attachment":[{"href":"https:\/\/www.kayiprihtim.org\/portal\/wp-json\/wp\/v2\/media?parent=47138"}],"wp:term":[{"taxonomy":"category","embeddable":true,"href":"https:\/\/www.kayiprihtim.org\/portal\/wp-json\/wp\/v2\/categories?post=47138"},{"taxonomy":"post_tag","embeddable":true,"href":"https:\/\/www.kayiprihtim.org\/portal\/wp-json\/wp\/v2\/tags?post=47138"}],"curies":[{"name":"wp","href":"https:\/\/api.w.org\/{rel}","templated":true}]}}